{"id":106141,"date":"2025-12-06T21:37:26","date_gmt":"2025-12-06T21:37:26","guid":{"rendered":"https:\/\/www.europesays.com\/no\/106141\/"},"modified":"2025-12-06T21:37:26","modified_gmt":"2025-12-06T21:37:26","slug":"sport-langrenn-karoline-28-blant-dei-beste-norske-jobba-intenst","status":"publish","type":"post","link":"https:\/\/www.europesays.com\/no\/106141\/","title":{"rendered":"Sport, Langrenn | Karoline (28) blant dei beste norske: \u2013 Jobba intenst"},"content":{"rendered":"\n<p>Amerikanske Jessie Diggins tok sigeren d\u00e5 det var 20 km fellesstart med skibyte.<\/p>\n<p>Beste nordmann vart Heidi Weng, som tok 2.-plassen \u2013 1 sekund bak vinnaren.<\/p>\n<p><b>Simpson-Larsen hamna til slutt p\u00e5 ein 10.-plass, 15,4 sekund bak Diggins, med ei tid p\u00e5 50:44.9. <\/b><\/p>\n<p><b>Ho vart fjerde beste av dei norske under laurdagens renn.<\/b><\/p>\n<p>I den klassiske delen hamna ho litt bak den leiande gruppa, men gav aldri slepp.<\/p>\n<p>\u2013 Ho er p\u00e5 veg opp, ho kan g\u00e5 motbakkar \u2013 det er det ingen tvil om, sa Nrk-kommentatorane under rennet.<\/p>\n<p>Ho l\u00e5g 12 sekund bak i skibytet, men klarte \u00e5 ta igjen den leiande gruppa i den andre delen.<\/p>\n<p><b> \u2013 Karoline jobbar intenst, sa kommentatorane medan ho tok igjen den fyrste gruppa.<\/b><\/p>\n<p>Til slutt m\u00e5tte ho gje fr\u00e5 seg nokre sekund, og hamna p\u00e5 10.-plassen.<\/p>\n<p>Vargar-l\u00f8paren Simpson-Larsen skal ogs\u00e5 g\u00e5 10 km friteknikk i verdscupen sundag.<\/p>\n<p>\u2013 Eg gler meg skikkeleg til 10 kilometeren der. Eg er i form, og har det veldig kjekt om dagen, sa 28-\u00e5ringen til Hordaland i starten av veka.<\/p>\n<p>  <a href=\"https:\/\/www.avisa-hordaland.no\/5-132-1027427\" class=\"related-teaser has-image default-story-teaser article--c-eRUmMG article--c-eRUmMG-jKCPdD-design-default\" rel=\"nofollow noopener\" target=\"_blank\"><\/p>\n<p>    <img decoding=\"async\" loading=\"lazy\"  src=\"https:\/\/www.europesays.com\/no\/wp-content\/uploads\/2025\/12\/karoline+nisse.jpg\" alt=\"\" class=\"brick-c-cFOWSL\" style=\"\"\/><\/p>\n<p>\n            Les ogs\u00e5<\/p>\n<p>              Langrennslegenda Skjeldal hyllar 28-\u00e5ringen: \u2013 S\u00e5 fortent\n        <\/p>\n<p>  <\/a><\/p>\n","protected":false},"excerpt":{"rendered":"Amerikanske Jessie Diggins tok sigeren d\u00e5 det var 20 km fellesstart med skibyte. Beste nordmann vart Heidi Weng,&hellip;\n","protected":false},"author":2,"featured_media":106142,"comment_status":"","ping_status":"","sticky":false,"template":"","format":"standard","meta":{"footnotes":""},"categories":[59],"tags":[36,398,30,28,29,83,82,1510,13266,1847],"class_list":{"0":"post-106141","1":"post","2":"type-post","3":"status-publish","4":"format-standard","5":"has-post-thumbnail","7":"category-sport","8":"tag-art","9":"tag-langrenn","10":"tag-no","11":"tag-norge","12":"tag-norway","13":"tag-sport","14":"tag-sports","15":"tag-story","16":"tag-verdscup","17":"tag-voss"},"share_on_mastodon":{"url":"https:\/\/pubeurope.com\/@no\/115674784987795189","error":""},"_links":{"self":[{"href":"https:\/\/www.europesays.com\/no\/wp-json\/wp\/v2\/posts\/106141","targetHints":{"allow":["GET"]}}],"collection":[{"href":"https:\/\/www.europesays.com\/no\/wp-json\/wp\/v2\/posts"}],"about":[{"href":"https:\/\/www.europesays.com\/no\/wp-json\/wp\/v2\/types\/post"}],"author":[{"embeddable":true,"href":"https:\/\/www.europesays.com\/no\/wp-json\/wp\/v2\/users\/2"}],"replies":[{"embeddable":true,"href":"https:\/\/www.europesays.com\/no\/wp-json\/wp\/v2\/comments?post=106141"}],"version-history":[{"count":0,"href":"https:\/\/www.europesays.com\/no\/wp-json\/wp\/v2\/posts\/106141\/revisions"}],"wp:featuredmedia":[{"embeddable":true,"href":"https:\/\/www.europesays.com\/no\/wp-json\/wp\/v2\/media\/106142"}],"wp:attachment":[{"href":"https:\/\/www.europesays.com\/no\/wp-json\/wp\/v2\/media?parent=106141"}],"wp:term":[{"taxonomy":"category","embeddable":true,"href":"https:\/\/www.europesays.com\/no\/wp-json\/wp\/v2\/categories?post=106141"},{"taxonomy":"post_tag","embeddable":true,"href":"https:\/\/www.europesays.com\/no\/wp-json\/wp\/v2\/tags?post=106141"}],"curies":[{"name":"wp","href":"https:\/\/api.w.org\/{rel}","templated":true}]}}