{"id":106144,"date":"2025-12-06T21:45:19","date_gmt":"2025-12-06T21:45:19","guid":{"rendered":"https:\/\/www.europesays.com\/no\/106144\/"},"modified":"2025-12-06T21:45:19","modified_gmt":"2025-12-06T21:45:19","slug":"kontroversiell-manover-og-reaksjoner-fra-konkurrentene","status":"publish","type":"post","link":"https:\/\/www.europesays.com\/no\/106144\/","title":{"rendered":"Kontroversiell Man\u00f8ver og Reaksjoner fra Konkurrentene"},"content":{"rendered":"<p>        Saken oppsummert<\/p>\n<ul lang=\"nb-NO\">\n<li>Johannes H\u00f8sflot Kl\u00e6bo vant sin 100. verdenscupseier i Trondheim.<\/li>\n<li>Kl\u00e6bo var misforn\u00f8yd etter en d\u00e5rlig prestasjon i Finland.<\/li>\n<li>Hans konkurrenter kritiserte ham for \u00e5 snu skiene feil vei under et intervju.<\/li>\n<li>Kl\u00e6bo hevder det var en uheldig glipp, mens eksperter mener det var bevisst.<\/li>\n<\/ul>\n<p class=\"italic ai-disclaimer\" data-lab-italic=\"italic\">Oppsummeringen er laget med kunstig intelligens (KI) fra OpenAI. Innholdet er kvalitetssikret av TV 2s journalister. <a target=\"_blank\" href=\"https:\/\/hjelp.tv2.no\/info\/artikkel\/slik-jobber-vi-med-ki-i-tv-2\" title=\"Les om hvordan vi jobber med KI\" rel=\"nofollow noopener\">Les om hvordan vi jobber med KI<\/a><\/p>\n<p>Johannes H\u00f8sflot Kl\u00e6bo tok sin 100 seier i verdenscupen fredag, da han vant den klassiske sprinten i Trondheim.\u00a0<\/p>\n<p>Det var f\u00f8rste gang tr\u00f8nderen smilte med pressen til stede siden forrige helgs fadese.\u00a0<\/p>\n<p>        <img class=\"image__img lazyload\" itemprop=\"image\" title=\"Foto: Geir Olsen \/ NTB\" alt=\"MUTT: Johannes H\u00f8sflot Kl\u00e6bo virket mutt og irritert da han m\u00f8tte pressen i Trondheim torsdag. Foto: Geir Olsen \/ NTB\" width=\"675\" height=\"460\" bad-src=\"https:\/\/www.europesays.com\/no\/wp-content\/uploads\/2025\/12\/18355218.webp\" fetchpriority=\"auto\" \/><\/p>\n<p>      MUTT: Johannes H\u00f8sflot Kl\u00e6bo virket mutt og irritert da han m\u00f8tte pressen i Trondheim torsdag.<br \/>\n         Foto: Geir Olsen \/ NTB<\/p>\n<p>Kl\u00e6bo var nemlig potte sur etter at han ble frag\u00e5tt p\u00e5 fellesstarten i Ruka s\u00f8ndag, og hum\u00f8ret var tilsynelatende ikke blitt bedre da han ble intervjuet i Trondheim torsdag.\u00a0<\/p>\n<p>Det har ikke g\u00e5tt up\u00e5aktet hen. N\u00e5 f\u00e5r verdens beste langrennsl\u00f8per h\u00f8re det fra konkurrentene.\u00a0<\/p>\n<p>\u2013 Fly forbannet <\/p>\n<p>Etter den sjeldent d\u00e5rlige 15.-plassen i Finland ble Kl\u00e6bo p\u00e5 sedvanlig vis intervjuet av rettighetshaver Viaplay.\u00a0<\/p>\n<p>Men, den oppmerksomme seer fikk med seg at Kl\u00e6bos ski var snudd feil vei.\u00a0<\/p>\n<p class=\"bold m-bold\" data-lab-font_weight=\"bold\">\u2013 Jeg var sjeldent sint p\u00e5 s\u00f8ndag. Det var en d\u00e5rlig dag, og jeg var giret p\u00e5 \u00e5 komme meg fortest mulig hjem. Da svartnet det litt, sier Kl\u00e6bo til TV 2.\u00a0<\/p>\n<p>Vanligvis er skil\u00f8perne sv\u00e6rt p\u00e5passelig med \u00e5 f\u00e5 fram b\u00e5de skimerke og andre sponsorer under slike intervjuer.\u00a0<\/p>\n<p>        <img class=\"image__img lazyload\" itemprop=\"image\" title=\"Foto: Geir Olsen \/ NTB\" alt=\" Foto: Geir Olsen \/ NTB\" width=\"675\" height=\"453\" bad-src=\"https:\/\/www.europesays.com\/no\/wp-content\/uploads\/2025\/12\/18356471.webp\" fetchpriority=\"auto\" \/><\/p>\n<p>         Foto: Geir Olsen \/ NTB<\/p>\n<p>Men flere spekulerte i at Fischer-skiene til tr\u00f8nderen ikke fungerte godt nok p\u00e5 det isete f\u00f8ret i de finske skoger.\u00a0<\/p>\n<p>Adressas Birger L\u00f8faldli beit seg merke i bildene:<\/p>\n<p> \u2013 Den vanligvis sv\u00e6rt s\u00e5 kalkulerte Kl\u00e6bo mistet rett og slett litt av maska, og det var faktisk b\u00e5de interessant og litt godt \u00e5 se, skriver han i en kommentar hos <a href=\"https:\/\/www.adressa.no\/sport\/i\/RjxRpa\/plutselig-ble-klaebo-vulgaer\" rel=\"nofollow noopener\" target=\"_blank\">Adressa<\/a>. <\/p>\n<p>Selv p\u00e5st\u00e5r Kl\u00e6bo at de vendte skiene ikke var en bevisst handling.\u00a0<\/p>\n<p>\u2013 Det var ikke noen grunn til det. Jeg var fly forbanna og lei samtidig som jeg tok p\u00e5 meg jakka mens jeg ble intervjuet. Det var ikke noe dramatikk, det var uheldig. folk tenker at det er verre enn det var. Det var ikke med vilje i alle fall.\u00a0<\/p>\n<p>        <img class=\"image__img lazyload\" itemprop=\"image\" title=\"Foto: Skjermbilde: Viaplay.\" alt=\"IKKE MED VILJE: De gule Fischer-skiene var snudd feil vei under TV-intervjuet. Det var ikke med vilje, if\u00f8lge Kl\u00e6bo selv. Foto: Skjermbilde: Viaplay.\" width=\"675\" height=\"480\" bad-src=\"https:\/\/www.europesays.com\/no\/wp-content\/uploads\/2025\/12\/18354707.webp\" fetchpriority=\"auto\" \/><\/p>\n<p>      IKKE MED VILJE: De gule Fischer-skiene var snudd feil vei under TV-intervjuet. Det var ikke med vilje, if\u00f8lge Kl\u00e6bo selv.<br \/>\n         Foto: Skjermbilde: Viaplay.<\/p>\n<p>Det sliter TV 2s langrennsekspert, Petter Skinstad, med \u00e5 tro p\u00e5.\u00a0<\/p>\n<p>\u2013\u00a0Ingenting den mannen gj\u00f8r er tilfeldig, s\u00e5 det tror jeg akkurat like mye p\u00e5 som jeg tror p\u00e5 julenissen. Og han sluttet jeg \u00e5 tro p\u00e5 tidlig p\u00e5 90-tallet. Det er klart dette var bevisst av Kl\u00e6bo, og jeg synes egentlig det er litt fint \u00e5 se at ogs\u00e5 han har f\u00f8lelser. Mer av det.\u00a0<\/p>\n<p>\u2013 T\u00e5pelig<\/p>\n<p>Svenske Edvin Anger har sjelden v\u00e6rt skuddredd n\u00e5r blinken er Kl\u00e6bo, og p\u00e5 sp\u00f8rsm\u00e5l fra TV 2, er han ikke redd for \u00e5 trykke p\u00e5 den verbale avtrekkeren denne gangen heller.\u00a0<\/p>\n<p>\u2013 Jeg s\u00e5 det. Han kalte det skikkelig r\u00e6va, h\u00f8rte jeg.<\/p>\n<p class=\"italic m-italic\" data-lab-italic=\"italic\">\u2013Hva tenker du om at han snudde skiene?<\/p>\n<p>\u2013 Det var t\u00e5pelig. Han vinner nesten hvert eneste renn gjennom hele \u00e5ret, og s\u00e5 fort han f\u00e5r litt motgang, s\u00e5 \u2026 sier Anger.<\/p>\n<p>Han tar en tenkepause og fortsetter:<\/p>\n<p>        <img class=\"image__img lazyload\" itemprop=\"image\" title=\"Foto: BILDBYR\u00c5N\/MAXIM THORE.\" alt=\"RIVALER: Det er ikke f\u00f8rste gang Edvin Anger kvesser uttalelsene i retning Kl\u00e6bo. Foto: BILDBYR\u00c5N\/MAXIM THORE.\" width=\"675\" height=\"486\" bad-src=\"https:\/\/www.europesays.com\/no\/wp-content\/uploads\/2025\/12\/18324001.webp\" fetchpriority=\"auto\" \/><\/p>\n<p>      RIVALER: Det er ikke f\u00f8rste gang Edvin Anger kvesser uttalelsene i retning Kl\u00e6bo.<br \/>\n         Foto: BILDBYR\u00c5N\/MAXIM THORE.<\/p>\n<p class=\"bold m-bold\" data-lab-font_weight=\"bold\">\u2013 Det var litt barnslig. Noen ganger har man ikke det beste utstyret, og det m\u00e5 man bare respektere.<\/p>\n<p class=\"italic m-italic\" data-lab-italic=\"italic\">\u2013 Er det deilig \u00e5 se at Kl\u00e6bo ogs\u00e5 kan bi s\u00e5pass g\u00f8rr og grinete n\u00e5r han blir sl\u00e5tt?<\/p>\n<p>\u2013 Det var det morsomste som kunne skje den dagen, sier Anger, som selv gikk inn til sin f\u00f8rste pallplass p\u00e5 et distanserenn i fristil samme dag.\u00a0<\/p>\n<p>Ogs\u00e5 den svenske unggutten Alvar Myhlback lader kanonen n\u00e5r han f\u00e5r sp\u00f8rsm\u00e5l om episoden.<\/p>\n<p>        <img class=\"image__img lazyload\" itemprop=\"image\" title=\"Foto: Maxim Thore \/ BILDBYR\u00c5N\" alt=\"P\u00c5 PALLEN: Fredag vant Johannes sprinten, da Alvar ble nummer tre. Foto: Maxim Thore \/ BILDBYR\u00c5N\" width=\"675\" height=\"466\" bad-src=\"https:\/\/www.europesays.com\/no\/wp-content\/uploads\/2025\/12\/18356490.webp\" fetchpriority=\"auto\" \/><\/p>\n<p>      P\u00c5 PALLEN: Fredag vant Johannes sprinten, da Alvar ble nummer tre.<br \/>\n         Foto: Maxim Thore \/ BILDBYR\u00c5N<\/p>\n<p class=\"bold m-bold\" data-lab-font_weight=\"bold\">\u2013\u00a0Det s\u00e5 jeg. Det var et spesielt l\u00f8p, og iblant skiller det mye mellom merkene. Men han er den i skiverden med aller best ski, s\u00e5 at han har d\u00e5rlige ski i et l\u00f8p m\u00e5 han resten regne med, sier Myhlback.\u00a0<\/p>\n<p class=\"italic m-italic\" data-lab-italic=\"italic\">\u2013Hva slags reaksjon hadde du f\u00e5tt om du gjorde det samme?<\/p>\n<p>\u2013 Jeg vet ikke. Men du vil ha et bra forhold med leverand\u00f8ren din. Jeg forst\u00e5r at han var forbanna, men det var un\u00f8dvendig.\u00a0Jeg vet ikke om det var med vilje. Det kan jo hende at det var et uhell.<\/p>\n<p>Som svar p\u00e5 kritikken svarer Kl\u00e6bo enkelt og greit:\u00a0<\/p>\n<p>        <img class=\"image__img lazyload\" itemprop=\"image\" title=\"Foto: Maxim Thore \/ BILDBYR\u00c5N\" alt=\"KL\u00c6BO i 100: Johannes H\u00f8sflot Kl\u00e6bo markerte sin 100 seier med rosa lue. Foto: Maxim Thore \/ BILDBYR\u00c5N\" width=\"675\" height=\"453\" bad-src=\"https:\/\/www.europesays.com\/no\/wp-content\/uploads\/2025\/12\/1765057519_681_18356369.webp\" fetchpriority=\"auto\" \/><\/p>\n<p>      KL\u00c6BO i 100: Johannes H\u00f8sflot Kl\u00e6bo markerte sin 100 seier med rosa lue.<br \/>\n         Foto: Maxim Thore \/ BILDBYR\u00c5N<\/p>\n<p>\u2013 De f\u00e5r si hva de vil. De kan se p\u00e5 lua, og sikter til luen han har f\u00e5tt i anledning sin 100 verdenscupseier.\u00a0<\/p>\n","protected":false},"excerpt":{"rendered":"Saken oppsummert Johannes H\u00f8sflot Kl\u00e6bo vant sin 100. verdenscupseier i Trondheim. Kl\u00e6bo var misforn\u00f8yd etter en d\u00e5rlig prestasjon&hellip;\n","protected":false},"author":2,"featured_media":106145,"comment_status":"","ping_status":"","sticky":false,"template":"","format":"standard","meta":{"footnotes":""},"categories":[59],"tags":[30,28,29,83,82],"class_list":{"0":"post-106144","1":"post","2":"type-post","3":"status-publish","4":"format-standard","5":"has-post-thumbnail","7":"category-sport","8":"tag-no","9":"tag-norge","10":"tag-norway","11":"tag-sport","12":"tag-sports"},"share_on_mastodon":{"url":"https:\/\/pubeurope.com\/@no\/115674816341688531","error":""},"_links":{"self":[{"href":"https:\/\/www.europesays.com\/no\/wp-json\/wp\/v2\/posts\/106144","targetHints":{"allow":["GET"]}}],"collection":[{"href":"https:\/\/www.europesays.com\/no\/wp-json\/wp\/v2\/posts"}],"about":[{"href":"https:\/\/www.europesays.com\/no\/wp-json\/wp\/v2\/types\/post"}],"author":[{"embeddable":true,"href":"https:\/\/www.europesays.com\/no\/wp-json\/wp\/v2\/users\/2"}],"replies":[{"embeddable":true,"href":"https:\/\/www.europesays.com\/no\/wp-json\/wp\/v2\/comments?post=106144"}],"version-history":[{"count":0,"href":"https:\/\/www.europesays.com\/no\/wp-json\/wp\/v2\/posts\/106144\/revisions"}],"wp:featuredmedia":[{"embeddable":true,"href":"https:\/\/www.europesays.com\/no\/wp-json\/wp\/v2\/media\/106145"}],"wp:attachment":[{"href":"https:\/\/www.europesays.com\/no\/wp-json\/wp\/v2\/media?parent=106144"}],"wp:term":[{"taxonomy":"category","embeddable":true,"href":"https:\/\/www.europesays.com\/no\/wp-json\/wp\/v2\/categories?post=106144"},{"taxonomy":"post_tag","embeddable":true,"href":"https:\/\/www.europesays.com\/no\/wp-json\/wp\/v2\/tags?post=106144"}],"curies":[{"name":"wp","href":"https:\/\/api.w.org\/{rel}","templated":true}]}}