{"id":106146,"date":"2025-12-06T21:49:08","date_gmt":"2025-12-06T21:49:08","guid":{"rendered":"https:\/\/www.europesays.com\/no\/106146\/"},"modified":"2025-12-06T21:49:08","modified_gmt":"2025-12-06T21:49:08","slug":"naeringsliv-mcdonalds-burgeren-i-tonsberg-er-20-prosent-dyrere-enn-i-oslo-tonsbergs-blad","status":"publish","type":"post","link":"https:\/\/www.europesays.com\/no\/106146\/","title":{"rendered":"N\u00e6ringsliv | McDonald&#039;s-burgeren i T\u00f8nsberg er 20 prosent dyrere enn i Oslo &#8211; T\u00f8nsbergs Blad"},"content":{"rendered":"<ol>\n<li><a href=\"https:\/\/news.google.com\/rss\/articles\/CBMimwFBVV95cUxNMVBqTEpBTTN3UGliamY2M2xWM3VxamRRd1Q1dUNSZ0R5b2NzQmNGNTRCa00wX0ZqdjItUVZGNVRCUGxRcTJOT2NucDB3eGdqRXFmWFNuUTlrLW9JbjNicWFvZmpRVXo2VktLZzVJS25LcERoYThJbHN5bU1iY18yMlNmXzFnUnZiRGY2N2ROcDE0Y1ZUY3VuVzhlcw?oc=5\" target=\"_blank\" rel=\"nofollow noopener\">N\u00e6ringsliv | McDonald&#8217;s-burgeren i T\u00f8nsberg er 20 prosent dyrere enn i Oslo<\/a>&nbsp;&nbsp;T\u00f8nsbergs Blad<\/li>\n<li><a href=\"https:\/\/news.google.com\/rss\/articles\/CBMiowFBVV95cUxQdm9hOHFmVEN2NTd1clpDYllRNHAwWGJmdmF5cWRzOGUzNkxpdUszT1pTaXVwdVd0ZTVrZ2lhMDFhTXZnRDkwRm1iTG1rZWlCdkZULWgwVEI4RWVWQ21ENWJXamRhYUJBZkgtNEJqU09hc0lvWTRqdkE2UVBYN3pwOWY2ZXp3Q3dsVGd4SVFZbTZQcXB6cXlvZzdGdFRUcEp4Q0ZF?oc=5\" target=\"_blank\" rel=\"nofollow noopener\">Stor prisforskjell for den samme burgeren p\u00e5 Hedmarken: \u2013 Det er sykt<\/a>&nbsp;&nbsp;Hamar Arbeiderblad<\/li>\n<li><a href=\"https:\/\/news.google.com\/rss\/articles\/CBMikAFBVV95cUxOSXQ0UVc4X1h1Q0pnSmF6SWR4MnozZkRDbzJpeUtkaTlEcWtlMnViRHlzZFRQRXZPVVFzeTdhYWNxY1VqZ3ByLTJ4OFpReUw3S1lJVUlhTklQem9kYm9KLXFyRE5nYXMwS0RkYXpQVGphZkM5QUZ3M3dHTTA2T0RlZ25LZWtpS3lmTWYzWVFkWWw?oc=5\" target=\"_blank\" rel=\"nofollow noopener\">Store forskjeller p\u00e5 McDonald&#8217;s: Prisene spriker<\/a>&nbsp;&nbsp;Budstikka<\/li>\n<li><a href=\"https:\/\/news.google.com\/rss\/articles\/CBMirAFBVV95cUxOSVVnLXZtNjBDTk9JMG4za1l5YmZ1MXZ2enM4X0VaeDBQWXlwdHJzMDFyaUlzd1pxYl9EZDgxYUhVdHNwQ2thbWV4c0c5bWk0cmJRRlYtTm1jUjlQcEZvS2tGLWFYOTZUZm1CTWM1SEMtRktPRnFTWmZhX2lLMF9iSVNOLUR4TnRRSDJLTlpzM3FUYW9kejRsdklZbzhzUk9jT2RyaTFNWnZGeVNp?oc=5\" target=\"_blank\" rel=\"nofollow noopener\">Storo Storsenter, McDonald&#8217;s | Store prisforskjeller hos burgergiganten i Oslo. Kundene er rystet: \u2013 Virkelig?!<\/a>&nbsp;&nbsp;Nordre Aker Budstikke<\/li>\n<li><a href=\"https:\/\/news.google.com\/rss\/articles\/CBMi1wFBVV95cUxPZVB5eXFlbVpsWEhNbHhCV0NDbGdWeGVzeVM3aWNYdkY1a1kwRmg3UkhNcF9CSlRZNllQQTl4ek53NXc4QWpFNWlXck91WHljU0NGbWdFOW1wVU1wcFV1eWZZaTVZaWk5UHdmODZZeDZYV1NkalE3ZDNMeEhiSXlFamtRYmFtczFZQWh1NlNsNWRSUHM3SlBGYUkxVFRPRWNMRV9KSFFKdDJ5bDVwX3draVZaM3FXN01ndkNSQ19HNUlHYXhNQ1BZM0g5YlNuSmdiQUJMb1ZsUQ?oc=5\" target=\"_blank\" rel=\"nofollow noopener\">Da vi sjekket prisene p\u00e5 burgerkjedene, fikk vi en lokal overraskelse: \u2013 Aldri tenkt over det tidligere<\/a>&nbsp;&nbsp;Vestby Avis<\/li>\n<\/ol>\n","protected":false},"excerpt":{"rendered":"N\u00e6ringsliv | McDonald&#8217;s-burgeren i T\u00f8nsberg er 20 prosent dyrere enn i Oslo&nbsp;&nbsp;T\u00f8nsbergs Blad Stor prisforskjell for den samme&hellip;\n","protected":false},"author":2,"featured_media":106147,"comment_status":"","ping_status":"","sticky":false,"template":"","format":"standard","meta":{"footnotes":""},"categories":[56],"tags":[60,61,62,30,28,29],"class_list":{"0":"post-106146","1":"post","2":"type-post","3":"status-publish","4":"format-standard","5":"has-post-thumbnail","7":"category-naeringsliv","8":"tag-business","9":"tag-economy","10":"tag-naeringsliv","11":"tag-no","12":"tag-norge","13":"tag-norway"},"share_on_mastodon":{"url":"https:\/\/pubeurope.com\/@no\/115674832095178091","error":""},"_links":{"self":[{"href":"https:\/\/www.europesays.com\/no\/wp-json\/wp\/v2\/posts\/106146","targetHints":{"allow":["GET"]}}],"collection":[{"href":"https:\/\/www.europesays.com\/no\/wp-json\/wp\/v2\/posts"}],"about":[{"href":"https:\/\/www.europesays.com\/no\/wp-json\/wp\/v2\/types\/post"}],"author":[{"embeddable":true,"href":"https:\/\/www.europesays.com\/no\/wp-json\/wp\/v2\/users\/2"}],"replies":[{"embeddable":true,"href":"https:\/\/www.europesays.com\/no\/wp-json\/wp\/v2\/comments?post=106146"}],"version-history":[{"count":0,"href":"https:\/\/www.europesays.com\/no\/wp-json\/wp\/v2\/posts\/106146\/revisions"}],"wp:featuredmedia":[{"embeddable":true,"href":"https:\/\/www.europesays.com\/no\/wp-json\/wp\/v2\/media\/106147"}],"wp:attachment":[{"href":"https:\/\/www.europesays.com\/no\/wp-json\/wp\/v2\/media?parent=106146"}],"wp:term":[{"taxonomy":"category","embeddable":true,"href":"https:\/\/www.europesays.com\/no\/wp-json\/wp\/v2\/categories?post=106146"},{"taxonomy":"post_tag","embeddable":true,"href":"https:\/\/www.europesays.com\/no\/wp-json\/wp\/v2\/tags?post=106146"}],"curies":[{"name":"wp","href":"https:\/\/api.w.org\/{rel}","templated":true}]}}