{"id":106152,"date":"2025-12-06T22:02:31","date_gmt":"2025-12-06T22:02:31","guid":{"rendered":"https:\/\/www.europesays.com\/no\/106152\/"},"modified":"2025-12-06T22:02:31","modified_gmt":"2025-12-06T22:02:31","slug":"ny-botn-bragd-helt-sinnssykt","status":"publish","type":"post","link":"https:\/\/www.europesays.com\/no\/106152\/","title":{"rendered":"Ny Botn-bragd: &#8211; Helt sinnssykt"},"content":{"rendered":"<p class=\"no_italic m-no_italic\" data-lab-italic=\"\">Johan-Olav Botn imponerte stort og overrasket med seier p\u00e5 onsdagens normaldistanse.\u00a0<\/p>\n<p class=\"bold m-bold\" data-lab-font_weight=\"bold\">L\u00f8rdag ettermiddag gjorde han det igjen &#8211; 26-\u00e5ringen var best av alle og vant sprinten i \u00d6stersund.\u00a0<\/p>\n<p>\u2013 Det er kanskje litt \u00abcocky\u00bb \u00e5 si det, men dette er et niv\u00e5 jeg har f\u00f8lt at jeg har hatt inne ganske lenge n\u00e5. Det er deilig \u00e5 f\u00e5 det ut, sier rennvinneren til TV 2.\u00a0<\/p>\n<p>        <img class=\"image__img lazyload\" itemprop=\"image\" title=\"Foto: Mathias Bergeld \/ BILDBYR\u00c5N\" alt=\" Foto: Mathias Bergeld \/ BILDBYR\u00c5N\" width=\"675\" height=\"642\" bad-src=\"https:\/\/www.europesays.com\/no\/wp-content\/uploads\/2025\/12\/18359621.webp\" fetchpriority=\"auto\" \/><\/p>\n<p>         Foto: Mathias Bergeld \/ BILDBYR\u00c5N<\/p>\n<p>\u2013\u00a0Gratulerer med OL-billett.\u00a0<\/p>\n<p>Det er meldingen fra Vetle Sj\u00e5stad Christiansen til Johan-Olav Botn etter triumfen.\u00a0<\/p>\n<p>\u2013 Veldig glad p\u00e5 Botn sine vegne. Vi er kjempeglad for at vi har f\u00e5tt opp en som han p\u00e5 det norske laget, sier Sj\u00e5stad Christiansen til TV 2.<\/p>\n<p>Det norske laget er samstemte:\u00a0<\/p>\n<p>\u2013 Han har to seire p\u00e5 to mulige og ingen bom s\u00e5 langt. Han har levert virkelig godt. Med mindre noe spesielt skal skje, vil jeg tro den OL-billetten er i hans hule h\u00e5nd, sier Sturla Holm L\u00e6greid til TV 2.\u00a0<\/p>\n<p>        <img class=\"image__img lazyload\" itemprop=\"image\" title=\"Foto: Mathias Bergeld \/ BILDBYR\u00c5N\" alt=\"PODIUM: Quentin Fillion Maillet, Martin Uldal og Johan-Olav Botn var de tre raskeste. Foto: Mathias Bergeld \/ BILDBYR\u00c5N\" width=\"978\" height=\"551\" bad-src=\"https:\/\/www.europesays.com\/no\/wp-content\/uploads\/2025\/12\/18359618.webp\" fetchpriority=\"auto\" \/><\/p>\n<p>      PODIUM: Quentin Fillion Maillet, Martin Uldal og Johan-Olav Botn var de tre raskeste.<br \/>\n         Foto: Mathias Bergeld \/ BILDBYR\u00c5N<\/p>\n<p>Botn tar p\u00e5 ingen m\u00e5te OL-billetten p\u00e5 forskudd.<\/p>\n<p>\u2013 Det er litt for tidlig. Men jeg skal i alle fall g\u00e5 i Hochfilzen!\u00a0<\/p>\n<p>\u2013 Det er helt sinnssykt hvor bra l\u00f8p han f\u00e5r til. Jeg er stolt av ham. Han er verdens klart beste skiskytter. Det er moro \u00e5 ha ham p\u00e5 laget, sier rekrutt-lagkamerat, Isak Leknes Frey, vel vitende at Botn st\u00e5r rett ved siden av ham i intervjusonen.<\/p>\n<p class=\"italic m-italic\" data-lab-italic=\"italic\">\u2013 Hvordan er det \u00e5 h\u00f8re disse ordene?<\/p>\n<p>\u2013 Det er n\u00e5r andre begynner \u00e5 snakke om s\u00e5nne ting, at det g\u00e5r inn p\u00e5 meg. Jeg t\u00e5ler ikke \u00e5 h\u00f8re for masse av det, sier Botn.<\/p>\n<p>Sebastian Samuelsson m\u00e5tte se seg sl\u00e5tt av tre nordmenn p\u00e5 hjemmebane.<\/p>\n<p>\u2013 Det er bare \u00e5 gratulere. Han har gjort det veldig bra. Jeg er spent p\u00e5 om det fortsetter p\u00e5 samme vis, sier svensken om Botn.<\/p>\n<p>        <img class=\"image__img lazyload\" itemprop=\"image\" title=\"Foto: MATHIAS BERGELD \/ Bildbyr\u00e5n\" alt=\"MELDESTERK: Samuelsson i samtale med NRK. Foto: MATHIAS BERGELD \/ Bildbyr\u00e5n\" width=\"978\" height=\"551\" bad-src=\"https:\/\/www.europesays.com\/no\/wp-content\/uploads\/2025\/12\/18359673.webp\" fetchpriority=\"auto\" \/><\/p>\n<p>      MELDESTERK: Samuelsson i samtale med NRK.<br \/>\n         Foto: MATHIAS BERGELD \/ Bildbyr\u00e5n<\/p>\n<p class=\"italic m-italic\" data-lab-italic=\"italic\">\u2013 Tror du det fortsetter?<\/p>\n<p>\u2013 Nei!\u00a0<\/p>\n<p class=\"italic m-italic\" data-lab-italic=\"italic\">\u2013 Hvorfor ikke?<\/p>\n<p>\u2013 Han er bra, men s\u00e5 bra er han ikke.\u00a0<\/p>\n<p>Enorm norsk laginnsats<\/p>\n<p data-lab-font_weight=\"\">Men det var ikke bare Botn som gjorde et godt sprintrenn.\u00a0<\/p>\n<p>Martin Uldal gjorde som mannen i gul tr\u00f8ye, og skj\u00f8t feilfritt. Det holdt til andreplass, 11,1 sekunder bak lagkompisen.\u00a0<\/p>\n<p>\u2013 N\u00e5 er jeg gira. Det her var skikkelig kult, sier Uldal til NRK.\u00a0<\/p>\n<p>        <img class=\"image__img lazyload\" itemprop=\"image\" title=\"Foto: Mathias Bergeld \/ BILDBYR\u00c5N\" alt=\"Martin Uldal. Foto: Mathias Bergeld \/ BILDBYR\u00c5N\" width=\"675\" height=\"493\" bad-src=\"https:\/\/www.europesays.com\/no\/wp-content\/uploads\/2025\/12\/18359257.webp\" fetchpriority=\"auto\" \/><\/p>\n<p>      Martin Uldal.<br \/>\n         Foto: Mathias Bergeld \/ BILDBYR\u00c5N<\/p>\n<p> Franske Quentin Fillon Maillet \u00f8dela for en helnorsk pall. Veteranen ble tredje beste med to fulle hus, 14,3 sekunder bak Botn.\u00a0<\/p>\n<p>Sturla Holm L\u00e6greid bommet \u00e9n gang, men med god innsats i sporet endte han p\u00e5 fjerdeplass, en tidel foran Sebastian Samuelsson.\u00a0<\/p>\n<p>\u2013 Et av de beste l\u00f8pene jeg har gjort<\/p>\n<p>Vetle Sj\u00e5stad gjorde sitt beste renn denne sesongen.\u00a0<\/p>\n<p>33-\u00e5ringen skj\u00f8t feilfritt, men ble sl\u00e5tt med 29,7 sekunder av Botn. Det holdt til sjetteplass.\u00a0<\/p>\n<p>\u2013 Et av de beste l\u00f8pene jeg har gjort faktisk, forholdene tatt i betraktning, sier Sj\u00e5stad Christiansen om egen innsats.<\/p>\n<p>        <img class=\"image__img lazyload\" itemprop=\"image\" title=\"Foto: Mathias Bergeld \/ BILDBYR\u00c5N\" alt=\"FORN\u00d8YD: Vetle Sj\u00e5stad Christiansen. Foto: Mathias Bergeld \/ BILDBYR\u00c5N\" width=\"978\" height=\"551\" bad-src=\"https:\/\/www.europesays.com\/no\/wp-content\/uploads\/2025\/12\/18359445.webp\" fetchpriority=\"auto\" \/><\/p>\n<p>      FORN\u00d8YD: Vetle Sj\u00e5stad Christiansen.<br \/>\n         Foto: Mathias Bergeld \/ BILDBYR\u00c5N<\/p>\n<p>Like bak kom Sivert Guttom Bakken. Med to fulle hus kom han p\u00e5 syvendeplass.\u00a0<\/p>\n<p> Det er t\u00f8ff konkurranse om verdenscupplasser for de norske skiskyttergutta, og l\u00f8rdagens sprint gj\u00f8r ikke uttakene noe lettere. <\/p>\n<p class=\"bold m-bold\" data-lab-font_weight=\"bold\">Blant de syv beste, finner du fem nordmenn.\u00a0<\/p>\n<p>Isak Leknes Frey ble nummer 19 med to bom, og Endre Str\u00f8msheim nummer 52 med 3 bom.\u00a0<\/p>\n","protected":false},"excerpt":{"rendered":"Johan-Olav Botn imponerte stort og overrasket med seier p\u00e5 onsdagens normaldistanse.\u00a0 L\u00f8rdag ettermiddag gjorde han det igjen &#8211;&hellip;\n","protected":false},"author":2,"featured_media":106153,"comment_status":"","ping_status":"","sticky":false,"template":"","format":"standard","meta":{"footnotes":""},"categories":[59],"tags":[30,28,29,83,82],"class_list":{"0":"post-106152","1":"post","2":"type-post","3":"status-publish","4":"format-standard","5":"has-post-thumbnail","7":"category-sport","8":"tag-no","9":"tag-norge","10":"tag-norway","11":"tag-sport","12":"tag-sports"},"share_on_mastodon":{"url":"https:\/\/pubeurope.com\/@no\/115674883225386358","error":""},"_links":{"self":[{"href":"https:\/\/www.europesays.com\/no\/wp-json\/wp\/v2\/posts\/106152","targetHints":{"allow":["GET"]}}],"collection":[{"href":"https:\/\/www.europesays.com\/no\/wp-json\/wp\/v2\/posts"}],"about":[{"href":"https:\/\/www.europesays.com\/no\/wp-json\/wp\/v2\/types\/post"}],"author":[{"embeddable":true,"href":"https:\/\/www.europesays.com\/no\/wp-json\/wp\/v2\/users\/2"}],"replies":[{"embeddable":true,"href":"https:\/\/www.europesays.com\/no\/wp-json\/wp\/v2\/comments?post=106152"}],"version-history":[{"count":0,"href":"https:\/\/www.europesays.com\/no\/wp-json\/wp\/v2\/posts\/106152\/revisions"}],"wp:featuredmedia":[{"embeddable":true,"href":"https:\/\/www.europesays.com\/no\/wp-json\/wp\/v2\/media\/106153"}],"wp:attachment":[{"href":"https:\/\/www.europesays.com\/no\/wp-json\/wp\/v2\/media?parent=106152"}],"wp:term":[{"taxonomy":"category","embeddable":true,"href":"https:\/\/www.europesays.com\/no\/wp-json\/wp\/v2\/categories?post=106152"},{"taxonomy":"post_tag","embeddable":true,"href":"https:\/\/www.europesays.com\/no\/wp-json\/wp\/v2\/tags?post=106152"}],"curies":[{"name":"wp","href":"https:\/\/api.w.org\/{rel}","templated":true}]}}