{"id":106158,"date":"2025-12-06T22:26:14","date_gmt":"2025-12-06T22:26:14","guid":{"rendered":"https:\/\/www.europesays.com\/no\/106158\/"},"modified":"2025-12-06T22:26:14","modified_gmt":"2025-12-06T22:26:14","slug":"13-aring-falt-i-doden","status":"publish","type":"post","link":"https:\/\/www.europesays.com\/no\/106158\/","title":{"rendered":"13-\u00e5ring falt i d\u00f8den"},"content":{"rendered":"<p>  \u00abD\u00f8dens bygning\u00bb p\u00e5 den spanske ferie\u00f8ya Tenerife har krevd sitt femte liv etter at ei ten\u00e5ringsjente falt flere etasjer.\u00a0<\/p>\n<p>\n    \u00abSKREKKENS BYGNING\u00bb: Innbyggerne krever \u00abumidelbar riving\u00bb etter at minst fem personer har d\u00f8dd p\u00e5 Hotel A\u00f1aza, nord p\u00e5 den spanske ferie\u00f8ya Tenerife. Skjermdump: Google maps\n  <\/p>\n<p>    Kort fortalt<\/p>\n<ul lang=\"nb-NO\">\n<li>Ei 13 \u00e5r gammel jente d\u00f8de etter \u00e5 ha falt fra femte etasje i et forlatt hotell p\u00e5 Tenerife.<\/li>\n<li>Hotellet, kjent som \u00abA\u00f1aza-monsteret\u00bb, har v\u00e6rt \u00e5sted for flere d\u00f8dsfall og lokalbefolkningen krever riving.<\/li>\n<li>Myndighetene har godkjent midler for riving, men juridiske hindringer forsinker prosessen.<\/li>\n<li>Inspekt\u00f8rer vurderer n\u00e5 sikkerhetstiltak for \u00e5 hindre tilgang til bygningen.<\/li>\n<\/ul>\n<p class=\"italic ai-disclaimer\" data-lab-italic=\"italic\">Sammendraget er laget av ChatGPT og godkjent av Dagbladet.<\/p>\n<p>      Vis mer<br \/>\n      Vis mindre<\/p>\n<p>Ei 13 \u00e5r gammel jente d\u00f8de da hun og noen venner lekte inne i et forlatt hotell p\u00e5 den spanske ferie\u00f8ya Tenerife torsdag kveld.\u00a0<\/p>\n<p>Det melder flere spanske medier, deriblant <a href=\"https:\/\/www.atlanticohoy.com\/tenerife\/muere-nina-13-caerse-mamotreto-anaza_1554689_102.html\" target=\"_blank\" rel=\"nofollow noopener\">Atl\u00e1ntico\u00a0Hoy<\/a>.\u00a0<\/p>\n<p>Ulykken skal ha skjedd da jenta falt fra hotellets femte etasje og ned p\u00e5 klippene under.\u00a0<\/p>\n<p>Vennene varslet n\u00f8detatene som rykket ut til stedet. Det ble fors\u00f8kt gjenopplivning, men jentas liv sto ikke til \u00e5 redde.\u00a0<\/p>\n<p>Politiet etterforsker omstendighetene rundt ulykken. Forel\u00f8pig har de utelukket at en tredjepart er involvert, skriver nettstedet.\u00a0<\/p>\n<p>        ULYKKE: Her sklir en 31 \u00e5r gammel mann nedover en skr\u00e5ning p\u00e5 fjelltoppen Nama. Reporter: Marte Nyl\u00f8kken Helseth. <\/p>\n<p>Femte i rekka\t<\/p>\n<p>Hotel A\u00f1aza, som ble bygget i 1973, ble aldri ferdigstilt, og har st\u00e5tt tomt og forlatt i 50 \u00e5r.\u00a0<\/p>\n<p>P\u00e5 folkemunne har det 22 etasjer h\u00f8ye bygget f\u00e5tt kallenavnet\u00a0\u00abA\u00f1aza-monsteret\u00bb p\u00e5 grunn av dets fryktinngytende utseende og antallet ulykker.\u00a0<\/p>\n<p class=\"font-weight-bold m-font-weight-bold\" data-lab-font_weight=\"font-weight-bold\">Torsdagens d\u00f8dsfall skal v\u00e6re det femte i rekka som har skjedd p\u00e5 hotellet, og lokalbefolkningen krever at bygningen rives umiddelbart, skriver\u00a0<a href=\"https:\/\/www.eldia.es\/santa-cruz-de-tenerife\/2025\/12\/05\/vecinos-anaza-indignados-consternados-muerte-anaza-hotel-124482069.html\" target=\"_blank\" rel=\"nofollow noopener\">El<\/a>\u00a0<a href=\"https:\/\/www.eldia.es\/santa-cruz-de-tenerife\/2025\/12\/05\/vecinos-anaza-indignados-consternados-muerte-anaza-hotel-124482069.html\" target=\"_blank\" rel=\"nofollow noopener\">D\u00eda<\/a>. <\/p>\n<p>&#8211;\u00a0Bygningen har helt \u00e5pne heissjakter, og alle som kommer inn kan lett falle ned i dem hvis de ikke er forsiktige, eller snuble og falle fra en av etasjene, har en beboer i omr\u00e5det fortalt lokale medier. <\/p>\n<p>    <a itemprop=\"url\" href=\"https:\/\/www.dagbladet.no\/nyheter\/falt-i-sjoen-etter-urinering\/83946345\" rel=\"nofollow noopener\" target=\"_blank\"><\/p>\n<p>      <img loading=\"lazy\" decoding=\"async\" src=\"https:\/\/www.europesays.com\/no\/wp-content\/uploads\/2025\/12\/83946373.webp\" width=\"980\" height=\"441\" title=\"Falt i sj\u00f8en etter urinering\" alt=\"\" class=\"lazyload\" style=\"--aspect-ratio-image: 2.22; \"\/><\/p>\n<p>        Falt i sj\u00f8en etter urinering<\/p>\n<p>    <\/a><\/p>\n<p>          <img loading=\"lazy\" decoding=\"async\" src=\"https:\/\/www.europesays.com\/no\/wp-content\/uploads\/2025\/12\/83947286.webp\" width=\"686\" height=\"680\" title=\"HOTEL A\u00d1AZA: Bildet viser utsiden av hotellet n\u00e6r Santa Cruz p\u00e5 Tenerife som har st\u00e5tt uferdig siden 1975. Foto: Gail Om \/ Shutterstock \/ NTB\" alt=\"\" class=\"\" style=\"--aspect-ratio-image: 1.01; \"\/><\/p>\n<p>\n          HOTEL A\u00d1AZA: Bildet viser utsiden av hotellet n\u00e6r Santa Cruz p\u00e5 Tenerife som har st\u00e5tt uferdig siden 1975. Foto: Gail Om \/ Shutterstock \/ NTB\n      <\/p>\n<p>Gjennom \u00e5ra har flere personer tatt seg inn for \u00e5 gj\u00f8re v\u00e5gale stunts. For fem \u00e5r siden hoppet to personer mellom bygningens balkonger\u00a0\u00abfor moro skyld\u00bb.\u00a0\u00a0<\/p>\n<p> &#8211; Hvor mange flere liv m\u00e5 g\u00e5 tapt, spurte Mari Guanche, president i nabolagsforeningen i A\u00f1aza i mars, som kaller det forlatte hotellet \u00abd\u00f8dens bygning\u00bb.\u00a0<\/p>\n<p>Uttalelsen har f\u00e5tt ny oppmerksomhet etter torsdagens ulykke.<\/p>\n<p> Guanche p\u00e5peker at hver gang hun sp\u00f8r myndighetene n\u00e5r\u00a0rivingen av\u00a0\u00abd\u00f8dens bygning\u00bb vil finne sted, er svaret det samme: \u00abDette er ikke et politisk sp\u00f8rsm\u00e5l, men et lovsp\u00f8rsm\u00e5l, og\u00a0loven kan ikke brytes\u00bb, siterer\u00a0 <a href=\"https:\/\/www.atlanticohoy.com\/santa-cruz\/cuantas-vidas-mas-preguntan-vecinos-santa-cruz-en-referencia-edificio-muerte_1554695_102.html\" target=\"_blank\" rel=\"nofollow noopener\">Atl\u00e1ntico\u00a0Hoy<\/a>. <\/p>\n<p>    <a itemprop=\"url\" href=\"https:\/\/www.dagbladet.no\/nyheter\/nissetyv-fortsatt-pa-frifot\/83943701\" rel=\"nofollow noopener\" target=\"_blank\"><\/p>\n<p>      <img loading=\"lazy\" decoding=\"async\" src=\"https:\/\/www.europesays.com\/no\/wp-content\/uploads\/2025\/12\/83944206.webp\" width=\"980\" height=\"441\" title=\"Nissetyv fortsatt p\u00e5 frifot\" alt=\"\" class=\"lazyload\" style=\"--aspect-ratio-image: 2.22; \"\/><\/p>\n<p>        Nissetyv fortsatt p\u00e5 frifot<\/p>\n<p>    <\/a><\/p>\n<p>Advarer\t<\/p>\n<p>\u00d8yr\u00e5det p\u00e5 Tenerife anser byggget som en \u00abvisuell stygghet\u00bb, og seinest i <a href=\"https:\/\/www.atlanticohoy.com\/tenerife\/cabildo-apoya-santa-cruz-con-medio-millon-euros-demoler-mamotreto-anaza_1548751_102.html\" target=\"_blank\" rel=\"nofollow noopener\">juni godkjente de et tilskudd<\/a> p\u00e5 500 000 euro, som tilsvarer n\u00e6rmere seks millioner kroner, for \u00e5 legge til rette for riving av hotellet.\u00a0<\/p>\n<p>Fredag skriver spanske\u00a0<a href=\"https:\/\/www.eldia.es\/santa-cruz-de-tenerife\/2025\/12\/05\/inspectores-municipales-analizan-vallado-edificio-anaza-124483934.html\" target=\"_blank\" rel=\"nofollow noopener\">El D\u00eda<\/a> at inspekt\u00f8rer fra kommunen inspiserte tilstanden til sikkerhetsgjerdet rundt hotellet etter ulykken.\u00a0<\/p>\n<p>Zaida Gonz\u00e1lez fra Santa Cruz byplanleggingsr\u00e5d p\u00e5 Tenerife, uttaler at inspekt\u00f8rene vurderer kostnadene ved \u00e5 stenge av hele byggets f\u00f8rste etasje for \u00e5 hindre tilgang til andre etasjer, \u00abselv om vi ikke vet om dette er mulig\u00bb.\u00a0<\/p>\n<p>Hun p\u00e5peker at det er satt opp gjerder og skilt som forbyr adgang til bygget, men at disse har blitt utsatt for h\u00e6rverk. Santa Cruz bystyre g\u00e5r samtidig ut og ber innbyggerne om \u00ab\u00e5 ikke bevege seg inn p\u00e5 eiendommen under noen omstendigheter\u00bb.\u00a0<\/p>\n<p>          <img loading=\"lazy\" decoding=\"async\" src=\"https:\/\/www.europesays.com\/no\/wp-content\/uploads\/2025\/12\/83947306.webp\" width=\"980\" height=\"559\" title=\"KANARI\u00d8YENE: Hotell A\u00f1aza ligger like s\u00f8r for byen Santa Cruz p\u00e5 Tenerife, Kanari\u00f8yene. Avbildet er byen Santa Cruz. Foto: Shutterstock \/ NTB\" alt=\"\" class=\"\" style=\"--aspect-ratio-image: 1.75; \"\/><\/p>\n<p>\n          KANARI\u00d8YENE: Hotell A\u00f1aza ligger like s\u00f8r for byen Santa Cruz p\u00e5 Tenerife, Kanari\u00f8yene. Avbildet er byen Santa Cruz. Foto: Shutterstock \/ NTB\n      <\/p>\n<p>    <a itemprop=\"url\" href=\"https:\/\/www.dagbladet.no\/nyheter\/nye-detaljer-sendte-ikke-nodanrop\/83942397\" rel=\"nofollow noopener\" target=\"_blank\"><\/p>\n<p>      <img loading=\"lazy\" decoding=\"async\" src=\"https:\/\/www.europesays.com\/no\/wp-content\/uploads\/2025\/12\/1765059974_523_83943293.webp\" width=\"980\" height=\"441\" title=\"Nye detaljer: Sendte ikke n\u00f8danrop\" alt=\"\" class=\"lazyload\" style=\"--aspect-ratio-image: 2.22; \"\/><\/p>\n<p>        Nye detaljer: Sendte ikke n\u00f8danrop<\/p>\n<p>    <\/a><\/p>\n<p>Tyske eiere\t<\/p>\n<p> Gonz\u00e1lez sier ogs\u00e5 at byr\u00e5det jobber med \u00e5 ferdigstille en ordre om at hotellet kan rives, noe hun omtaler som\u00a0\u00aben kompleks prosess\u00bb.\u00a0<\/p>\n<p>&#8211; Vi har allerede pengene og et prosjekt om \u00e5 rive det, men vi kan ikke gj\u00f8re det uten \u00e5 varsle hotelleierne om ekspropriasjonen, sier Gonz\u00e1lez.\u00a0<\/p>\n<p>If\u00f8lge henne ble bygget oppf\u00f8rt av tyske utbyggere for 52 \u00e5r siden.<\/p>\n<p>&#8211; Vi er i kontinuerlig kontakt med det tyske konsulatet for \u00e5 finne en m\u00e5te for \u00e5 f\u00e5 varslet eierne ettersom vi ikke kan finne dem og fordi Tyskland ikke har samme system som Spania. Vi m\u00e5 finne en metode som er gyldig for eiendomsregisteret for \u00e5 f\u00e5 registrert hotellet og tomten det st\u00e5r p\u00e5 som byr\u00e5dets eiendom slik at vi kan f\u00e5 revet det, sier hun.\u00a0<\/p>\n<p>If\u00f8lge\u00a0<a href=\"https:\/\/www.eldia.es\/santa-cruz-de-tenerife\/2025\/12\/05\/inspectores-municipales-analizan-vallado-edificio-anaza-124483934.html\" target=\"_blank\" rel=\"nofollow noopener\">El D\u00eda<\/a>\u00a0har saken for \u00e5 f\u00e5 revet hotellet ligget p\u00e5 bordet hos byr\u00e5dets byplanleggingsavdeling i \u00e5tte \u00e5r.\u00a0 \u00a0\u00a0<\/p>\n","protected":false},"excerpt":{"rendered":"\u00abD\u00f8dens bygning\u00bb p\u00e5 den spanske ferie\u00f8ya Tenerife har krevd sitt femte liv etter at ei ten\u00e5ringsjente falt flere&hellip;\n","protected":false},"author":2,"featured_media":106159,"comment_status":"","ping_status":"","sticky":false,"template":"","format":"standard","meta":{"footnotes":""},"categories":[12],"tags":[20,21,24,25,15,22,23,13,30,28,29,14,16,26,27,412,42,43,44,45],"class_list":{"0":"post-106158","1":"post","2":"type-post","3":"status-publish","4":"format-standard","5":"has-post-thumbnail","7":"category-verden","8":"tag-breaking-news","9":"tag-breakingnews","10":"tag-featured-news","11":"tag-featurednews","12":"tag-headlines","13":"tag-latest-news","14":"tag-latestnews","15":"tag-news","16":"tag-no","17":"tag-norge","18":"tag-norway","19":"tag-nyheter","20":"tag-overskrifter","21":"tag-top-stories","22":"tag-topstories","23":"tag-utenriks","24":"tag-verden","25":"tag-world","26":"tag-world-news","27":"tag-worldnews"},"share_on_mastodon":{"url":"https:\/\/pubeurope.com\/@no\/115674977961371921","error":""},"_links":{"self":[{"href":"https:\/\/www.europesays.com\/no\/wp-json\/wp\/v2\/posts\/106158","targetHints":{"allow":["GET"]}}],"collection":[{"href":"https:\/\/www.europesays.com\/no\/wp-json\/wp\/v2\/posts"}],"about":[{"href":"https:\/\/www.europesays.com\/no\/wp-json\/wp\/v2\/types\/post"}],"author":[{"embeddable":true,"href":"https:\/\/www.europesays.com\/no\/wp-json\/wp\/v2\/users\/2"}],"replies":[{"embeddable":true,"href":"https:\/\/www.europesays.com\/no\/wp-json\/wp\/v2\/comments?post=106158"}],"version-history":[{"count":0,"href":"https:\/\/www.europesays.com\/no\/wp-json\/wp\/v2\/posts\/106158\/revisions"}],"wp:featuredmedia":[{"embeddable":true,"href":"https:\/\/www.europesays.com\/no\/wp-json\/wp\/v2\/media\/106159"}],"wp:attachment":[{"href":"https:\/\/www.europesays.com\/no\/wp-json\/wp\/v2\/media?parent=106158"}],"wp:term":[{"taxonomy":"category","embeddable":true,"href":"https:\/\/www.europesays.com\/no\/wp-json\/wp\/v2\/categories?post=106158"},{"taxonomy":"post_tag","embeddable":true,"href":"https:\/\/www.europesays.com\/no\/wp-json\/wp\/v2\/tags?post=106158"}],"curies":[{"name":"wp","href":"https:\/\/api.w.org\/{rel}","templated":true}]}}