{"id":106160,"date":"2025-12-06T22:27:10","date_gmt":"2025-12-06T22:27:10","guid":{"rendered":"https:\/\/www.europesays.com\/no\/106160\/"},"modified":"2025-12-06T22:27:10","modified_gmt":"2025-12-06T22:27:10","slug":"fjord1-bonus-fjord1-salet-gav-sjefen-36-millionar-i-bonus","status":"publish","type":"post","link":"https:\/\/www.europesays.com\/no\/106160\/","title":{"rendered":"Fjord1, Bonus | Fjord1-salet gav sjefen 36 millionar i bonus"},"content":{"rendered":"\n<p>Rederiet Fjord1 vart i 2023 selt til fonda DIF Capital Partners og EDF Invest. <\/p>\n<p><a href=\"https:\/\/www.bt.no\/nyheter\/okonomi\/i\/WvLRmg\/konsernsjef-fikk-36-millioner-kroner-i-bonus\" rel=\"Follow nofollow noopener\" target=\"_blank\">No skriv Bergens Tidende at dette salet gav d\u00e5verande konsernsjef, Dagfinn Neteland, 36 millionar kroner i bonus<\/a>. Dette skal han ha f\u00e5tt for \u00e5 sikra salet, skriv avisa.<\/p>\n<p>Bonusen plasserer seg opp\u00e5 ei l\u00f8nn p\u00e5 4,4 millionar kroner, samt ein annan bonus p\u00e5 2,2 millionar. Medrekna salsbonusen vert dermed utbetalinga fr\u00e5 Fjord1 heile 43 millionar i fjor.<\/p>\n<p><b>Neteland \u00f8nskjer sj\u00f8lv ikkje \u00e5 kommentere bonusen.<\/b><\/p>\n<p>D\u00e5 salet vart gjennomf\u00f8rt, uttalte hovudeigar Per S\u00e6vik i Havila Gruppen i M\u00f8re og Romsdal at formuesskatten gjorde det vanskelig \u00e5 drive fra Norge, og at dette hadde vore med \u00e5 utl\u00f8yse salet.<\/p>\n<p>Sj\u00f8lve salssummen er ikkje kjent, men if\u00f8lgje Dagens N\u00e6ringsliv skal dei to utanlandske fonda skal ha kj\u00f8pt ferjeselskapet for mellom 5 og 7,8 milliardar kroner.<\/p>\n","protected":false},"excerpt":{"rendered":"Rederiet Fjord1 vart i 2023 selt til fonda DIF Capital Partners og EDF Invest. No skriv Bergens Tidende&hellip;\n","protected":false},"author":2,"featured_media":106161,"comment_status":"","ping_status":"","sticky":false,"template":"","format":"standard","meta":{"footnotes":""},"categories":[10],"tags":[36,9174,20,21,24,25,13270,15,22,23,62,13,30,28,29,14,16,1510,26,27],"class_list":{"0":"post-106160","1":"post","2":"type-post","3":"status-publish","4":"format-standard","5":"has-post-thumbnail","7":"category-norge","8":"tag-art","9":"tag-bonus","10":"tag-breaking-news","11":"tag-breakingnews","12":"tag-featured-news","13":"tag-featurednews","14":"tag-fjord1","15":"tag-headlines","16":"tag-latest-news","17":"tag-latestnews","18":"tag-naeringsliv","19":"tag-news","20":"tag-no","21":"tag-norge","22":"tag-norway","23":"tag-nyheter","24":"tag-overskrifter","25":"tag-story","26":"tag-top-stories","27":"tag-topstories"},"share_on_mastodon":{"url":"https:\/\/pubeurope.com\/@no\/115674981716769883","error":""},"_links":{"self":[{"href":"https:\/\/www.europesays.com\/no\/wp-json\/wp\/v2\/posts\/106160","targetHints":{"allow":["GET"]}}],"collection":[{"href":"https:\/\/www.europesays.com\/no\/wp-json\/wp\/v2\/posts"}],"about":[{"href":"https:\/\/www.europesays.com\/no\/wp-json\/wp\/v2\/types\/post"}],"author":[{"embeddable":true,"href":"https:\/\/www.europesays.com\/no\/wp-json\/wp\/v2\/users\/2"}],"replies":[{"embeddable":true,"href":"https:\/\/www.europesays.com\/no\/wp-json\/wp\/v2\/comments?post=106160"}],"version-history":[{"count":0,"href":"https:\/\/www.europesays.com\/no\/wp-json\/wp\/v2\/posts\/106160\/revisions"}],"wp:featuredmedia":[{"embeddable":true,"href":"https:\/\/www.europesays.com\/no\/wp-json\/wp\/v2\/media\/106161"}],"wp:attachment":[{"href":"https:\/\/www.europesays.com\/no\/wp-json\/wp\/v2\/media?parent=106160"}],"wp:term":[{"taxonomy":"category","embeddable":true,"href":"https:\/\/www.europesays.com\/no\/wp-json\/wp\/v2\/categories?post=106160"},{"taxonomy":"post_tag","embeddable":true,"href":"https:\/\/www.europesays.com\/no\/wp-json\/wp\/v2\/tags?post=106160"}],"curies":[{"name":"wp","href":"https:\/\/api.w.org\/{rel}","templated":true}]}}