{"id":106164,"date":"2025-12-06T22:30:17","date_gmt":"2025-12-06T22:30:17","guid":{"rendered":"https:\/\/www.europesays.com\/no\/106164\/"},"modified":"2025-12-06T22:30:17","modified_gmt":"2025-12-06T22:30:17","slug":"maud-angelica-dukket-opp-i-skal-vi-danse-kvartfinalen","status":"publish","type":"post","link":"https:\/\/www.europesays.com\/no\/106164\/","title":{"rendered":"Maud Angelica dukket opp i \u00abSkal vi danse\u00bb-kvartfinalen"},"content":{"rendered":"<p class=\"kicker \" style=\"\">Maud Angelica Behn:<\/p>\n<p>  Prinsessed\u00f8trene stilte sterkt p\u00e5 l\u00f8rdagens\u00a0\u00abSkal vi danse\u00bb-sending.<\/p>\n<p>\n    H\u00d8Y TEMPERATUR: Tale Torjussen, Antonio Careri og venninnene imponerte stort under l\u00f8rdagens sending. Foto: Andreas Fadum\/Se og H\u00f8r\n  <\/p>\n<p>FORNEBU (Se og H\u00f8r): L\u00f8rdag kveld var det duket for kvartfinale i\u00a0\u00abSkal vi danse\u00bb. Temaet for kvelden var\u00a0\u00abikoner\u00bb, og deltakerne serverte hyllester til b\u00e5de <a href=\"https:\/\/www.seher.no\/kjendis\/farlig-svak\/83948231\" rel=\"nofollow noopener\" target=\"_blank\">familiemedlemmer, venner og store Hollywood-stjerner<\/a>.\u00a0<\/p>\n<p>Sesongens yngste deltaker, Tale Torjussen (20), var blant de som valgte \u00e5 hedre en av verdens mest kjente sangere, Christina Aguilera (44).\u00a0<\/p>\n<p>          <img loading=\"lazy\" decoding=\"async\" src=\"https:\/\/www.europesays.com\/no\/wp-content\/uploads\/2025\/12\/83949332.webp\" width=\"686\" height=\"659\" title=\"KVARTFINALE: Tale Torjussen kjempet om \u00e5 bli med videre til semifinalen. L\u00f8rdag fikk hun god hjelp av sine n\u00e6re venninner, og sikret seg en plass videre i konkurransen. Foto: Andreas Fadum\/Se og H\u00f8r\" alt=\"\" class=\"\" style=\"--aspect-ratio-image: 1.04; \"\/><\/p>\n<p>\n          KVARTFINALE: Tale Torjussen kjempet om \u00e5 bli med videre til semifinalen. L\u00f8rdag fikk hun god hjelp av sine n\u00e6re venninner, og sikret seg en plass videre i konkurransen. Foto: Andreas Fadum\/Se og H\u00f8r\n      <\/p>\n<p>Derfor ble det ogs\u00e5 naturlig \u00e5 hente inspirasjon fra et av hennes mest kjente verk, filmen \u00abBurlesque\u00bb fra 2010.\u00a0<\/p>\n<p>          <img loading=\"lazy\" decoding=\"async\" src=\"https:\/\/www.europesays.com\/no\/wp-content\/uploads\/2025\/12\/83949333.webp\" width=\"686\" height=\"1009\" title=\"GIRL POWER: Venninnegjengen slo seg l\u00f8s til \u00abBurlesque\u00bb-l\u00e5ten under l\u00f8rdagens \u00abSkal vi danse\u00bb-sending. Foto: Andreas Fadum\/Se og H\u00f8r\" alt=\"\" class=\"\" style=\"--aspect-ratio-image: 0.68; \"\/><\/p>\n<p>\n          GIRL POWER: Venninnegjengen slo seg l\u00f8s til \u00abBurlesque\u00bb-l\u00e5ten under l\u00f8rdagens \u00abSkal vi danse\u00bb-sending. Foto: Andreas Fadum\/Se og H\u00f8r\n      <\/p>\n<p>Flere oppdaget kanskje her at \u00abbakgrunnsdanserne\u00bb til Tale og dansepartner Antonio Careri s\u00e5 litt kjent ut, for med seg p\u00e5 laget hadde hun nemlig sine n\u00e6rmeste venninner, Frida Seemann (20), Julie Fiala (19) og\u00a0 prinsessedatteren Leah Behn (20).<\/p>\n<p>        TATT P\u00c5 FERSKEN: Hva befinner seg under Skal vi danse-dommernes bord? Jan Thomas har svaret. Reporter: Nora Skavhaug \/ Foto: Danny Son To \/ R\u00f8d L\u00f8per <\/p>\n<p>Publikum jublet h\u00f8yt n\u00e5r jentegjengen svingte seg p\u00e5 dansegulvet, og blant dem satt sistnevntes s\u00f8ster Maud Angelica Behn (22) og heiet p\u00e5 venninnene.\u00a0<\/p>\n<p>Forrige l\u00f8rdag imponerte Tale nok en gang med <a href=\"https:\/\/www.seher.no\/kjendis\/hyller-leah\/83918025\" rel=\"nofollow noopener\" target=\"_blank\">en emosjonell dans dedisert til Leah<\/a>. Hun og dansepartneren danset til l\u00e5ten \u00abN\u00e5r sn\u00f8en smelter\u00bb av Astrid S den gang. <\/p>\n<p>          <img loading=\"lazy\" decoding=\"async\" src=\"https:\/\/www.europesays.com\/no\/wp-content\/uploads\/2025\/12\/83949325.webp\" width=\"686\" height=\"584\" title=\"HEIAGJENG: S\u00f8ster Maud Angelica jublet n\u00e5r s\u00f8steren og venninnene inntok parketten med en Christina Aguilera-inspirert gruppedans. Foto: Andreas Fadum\/Se og H\u00f8r\" alt=\"\" class=\"\" style=\"--aspect-ratio-image: 1.17; \"\/><\/p>\n<p>\n          HEIAGJENG: S\u00f8ster Maud Angelica jublet n\u00e5r s\u00f8steren og venninnene inntok parketten med en Christina Aguilera-inspirert gruppedans. Foto: Andreas Fadum\/Se og H\u00f8r\n      <\/p>\n<p> &#8211; Hvis det er noe Leah er flink p\u00e5 s\u00e5 er det \u00e5 gi tid, kj\u00e6rlighet og r\u00e5d, sa Tale i programmet. <\/p>\n<p>Tale fortalte til Se og H\u00f8r at det f\u00f8ltes helt fantastisk \u00e5 kunne f\u00e5 muligheten til \u00e5 hylle venninnen.<\/p>\n<p>          <img loading=\"lazy\" decoding=\"async\" src=\"https:\/\/www.europesays.com\/no\/wp-content\/uploads\/2025\/12\/83949405.webp\" width=\"686\" height=\"920\" title=\"SKILT: Det er ingen tvil om hvem som er Maud Angelicas favoritt l\u00f8rdag kveld. Venninnegjengen ble heiet p\u00e5 fra h\u00f8yt opp p\u00e5 tribunen. Foto: Andreas Fadum\/Se og H\u00f8r\" alt=\"\" class=\"\" style=\"--aspect-ratio-image: 0.75; \"\/><\/p>\n<p>\n          SKILT: Det er ingen tvil om hvem som er Maud Angelicas favoritt l\u00f8rdag kveld. Venninnegjengen ble heiet p\u00e5 fra h\u00f8yt opp p\u00e5 tribunen. Foto: Andreas Fadum\/Se og H\u00f8r\n      <\/p>\n<p>&#8211; Jeg tror jeg aldri har kjent p\u00e5 en s\u00e5 sterk f\u00f8lelse under en dans f\u00f8r. Det f\u00f8ltes helt fantastisk at det ble mottatt s\u00e5nn som det ble. Jeg er utrolig stolt.<\/p>\n<p>Hun fortalte videre at det var ekstra sterkt \u00e5 ha Leah i salen.\u00a0<\/p>\n<p>        T\u00c5REV\u00c5TT: Dansen til Viggo Venn r\u00f8rte Skal vi danse-dommerne til t\u00e5rer. Video: TV2 \/ Danny Son Ngoc To. Reporter: Nora Gulbrandsen Skavhaug<\/p>\n<p>&#8211; Jeg f\u00f8lte jeg klarte \u00e5 holde meg ganske greit hele veien, men s\u00e5 ser jeg ansiktet hennes. Jeg knekker n\u00e5r hun griner. Det betydde alt for meg \u00e5 se den reaksjonen. Jeg ville at hun skulle f\u00f8le seg like sett som det hun f\u00e5r andre til \u00e5 f\u00f8le seg.\u00a0<\/p>\n","protected":false},"excerpt":{"rendered":"Maud Angelica Behn: Prinsessed\u00f8trene stilte sterkt p\u00e5 l\u00f8rdagens\u00a0\u00abSkal vi danse\u00bb-sending. H\u00d8Y TEMPERATUR: Tale Torjussen, Antonio Careri og venninnene&hellip;\n","protected":false},"author":2,"featured_media":106165,"comment_status":"","ping_status":"","sticky":false,"template":"","format":"standard","meta":{"footnotes":""},"categories":[58],"tags":[71,13272,479,2543,5804,5805,30,28,29,2280,72],"class_list":{"0":"post-106164","1":"post","2":"type-post","3":"status-publish","4":"format-standard","5":"has-post-thumbnail","7":"category-underholdning","8":"tag-entertainment","9":"tag-frida-seemann","10":"tag-kjendis","11":"tag-kjendisdesken","12":"tag-leah-isadora-behn","13":"tag-maud-angelica-behn","14":"tag-no","15":"tag-norge","16":"tag-norway","17":"tag-skal-vi-danse","18":"tag-underholdning"},"share_on_mastodon":{"url":"https:\/\/pubeurope.com\/@no\/115674993510693792","error":""},"_links":{"self":[{"href":"https:\/\/www.europesays.com\/no\/wp-json\/wp\/v2\/posts\/106164","targetHints":{"allow":["GET"]}}],"collection":[{"href":"https:\/\/www.europesays.com\/no\/wp-json\/wp\/v2\/posts"}],"about":[{"href":"https:\/\/www.europesays.com\/no\/wp-json\/wp\/v2\/types\/post"}],"author":[{"embeddable":true,"href":"https:\/\/www.europesays.com\/no\/wp-json\/wp\/v2\/users\/2"}],"replies":[{"embeddable":true,"href":"https:\/\/www.europesays.com\/no\/wp-json\/wp\/v2\/comments?post=106164"}],"version-history":[{"count":0,"href":"https:\/\/www.europesays.com\/no\/wp-json\/wp\/v2\/posts\/106164\/revisions"}],"wp:featuredmedia":[{"embeddable":true,"href":"https:\/\/www.europesays.com\/no\/wp-json\/wp\/v2\/media\/106165"}],"wp:attachment":[{"href":"https:\/\/www.europesays.com\/no\/wp-json\/wp\/v2\/media?parent=106164"}],"wp:term":[{"taxonomy":"category","embeddable":true,"href":"https:\/\/www.europesays.com\/no\/wp-json\/wp\/v2\/categories?post=106164"},{"taxonomy":"post_tag","embeddable":true,"href":"https:\/\/www.europesays.com\/no\/wp-json\/wp\/v2\/tags?post=106164"}],"curies":[{"name":"wp","href":"https:\/\/api.w.org\/{rel}","templated":true}]}}