{"id":106175,"date":"2025-12-06T22:43:40","date_gmt":"2025-12-06T22:43:40","guid":{"rendered":"https:\/\/www.europesays.com\/no\/106175\/"},"modified":"2025-12-06T22:43:40","modified_gmt":"2025-12-06T22:43:40","slug":"blokkerer-populaer-app-trdby-adressa-no","status":"publish","type":"post","link":"https:\/\/www.europesays.com\/no\/106175\/","title":{"rendered":"Blokkerer popul\u00e6r app &#8211; trdby.adressa.no"},"content":{"rendered":"<p>If\u00f8lge det russiske medietilsynet Roskomnadzor fungerer Snapchat som \u00aben plattform for \u00e5 organisere og gjennomf\u00f8re terroristaktiviteter og rekruttere terrorister\u00bb. Dette skriver det statlige nyhetsbyr\u00e5et <a href=\"https:\/\/ria.ru\/20251204\/rkn-2059880848.html\" rel=\"noopener nofollow\" target=\"_blank\">RIA<\/a>.<\/p>\n<p>Snapchat har derfor v\u00e6rt blokkert siden 10. oktober. Dette ble f\u00f8rst kjent n\u00e5.<\/p>\n<p><a href=\"https:\/\/trdby.adressa.no\/aktuelt\/i\/73bvRw\/naa-skal-minner-koste-penger\" rel=\"nofollow noopener\" target=\"_blank\"> <img decoding=\"async\" src=\"data:image\/gif;base64,R0lGODlhEAAJAIAAAP\/\/\/wAAACH5BAEAAAAALAAAAAAQAAkAAAIKhI+py+0Po5yUFQA7\" alt=\"\"\/>   N\u00e5 skal \u00abMinner\u00bb koste penger  <\/a> <\/p>\n<p>Russland innf\u00f8rer ogs\u00e5 restriksjoner for bruk av Apple-eide FaceTime, som if\u00f8lge Roskomnadzor \u00abbenyttes for \u00e5 organisere og utf\u00f8re terrorhandlinger\u00bb p\u00e5 russisk territorium.<\/p>\n<p>De sier ogs\u00e5 at FaceTime benyttes for \u00ab\u00e5 rekruttere gjerningspersoner og for \u00e5 utf\u00f8re svindel og andre forbrytelser\u00bb mot russere. Apple har ikke kommentert anklagene.<\/p>\n<p>Russland har siden fullskalainvasjonen av Ukraina i februar 2022 innf\u00f8rt restriksjoner for bruk av flere sosiale medier og meldingstjenester. Blant dem Googles Youtube, Metas WhatsApp og Telegram.<\/p>\n<p><a href=\"https:\/\/trdby.adressa.no\/aktuelt\/i\/252jJr\/ny-instagram-funksjon-skaper-uro-for-personvernet\" rel=\"nofollow noopener\" target=\"_blank\"> <img decoding=\"async\" src=\"data:image\/gif;base64,R0lGODlhEAAJAIAAAP\/\/\/wAAACH5BAEAAAAALAAAAAAQAAkAAAIKhI+py+0Po5yUFQA7\" alt=\"\"\/>   Ny Instagram-funksjon skaper uro for personvernet  <\/a> <a href=\"https:\/\/trdby.adressa.no\/kultur\/i\/n1gaqL\/spotify-wrapped-er-her-jeg-ble-78-aar-gammel\" rel=\"nofollow noopener\" target=\"_blank\"> <img decoding=\"async\" src=\"data:image\/gif;base64,R0lGODlhEAAJAIAAAP\/\/\/wAAACH5BAEAAAAALAAAAAAQAAkAAAIKhI+py+0Po5yUFQA7\" alt=\"\"\/>   \u00abSpotify Wrapped\u00bb er her: \u2013 Jeg ble 78 \u00e5r gammel  <\/a> <\/p>\n","protected":false},"excerpt":{"rendered":"If\u00f8lge det russiske medietilsynet Roskomnadzor fungerer Snapchat som \u00aben plattform for \u00e5 organisere og gjennomf\u00f8re terroristaktiviteter og rekruttere&hellip;\n","protected":false},"author":2,"featured_media":106176,"comment_status":"","ping_status":"","sticky":false,"template":"","format":"standard","meta":{"footnotes":""},"categories":[12],"tags":[1352,20,21,13273,24,25,15,22,23,13,30,28,29,14,16,188,832,26,27,42,43,44,45],"class_list":{"0":"post-106175","1":"post","2":"type-post","3":"status-publish","4":"format-standard","5":"has-post-thumbnail","7":"category-verden","8":"tag-apple","9":"tag-breaking-news","10":"tag-breakingnews","11":"tag-facetime","12":"tag-featured-news","13":"tag-featurednews","14":"tag-headlines","15":"tag-latest-news","16":"tag-latestnews","17":"tag-news","18":"tag-no","19":"tag-norge","20":"tag-norway","21":"tag-nyheter","22":"tag-overskrifter","23":"tag-russland","24":"tag-snapchat","25":"tag-top-stories","26":"tag-topstories","27":"tag-verden","28":"tag-world","29":"tag-world-news","30":"tag-worldnews"},"share_on_mastodon":{"url":"https:\/\/pubeurope.com\/@no\/115675044603069286","error":""},"_links":{"self":[{"href":"https:\/\/www.europesays.com\/no\/wp-json\/wp\/v2\/posts\/106175","targetHints":{"allow":["GET"]}}],"collection":[{"href":"https:\/\/www.europesays.com\/no\/wp-json\/wp\/v2\/posts"}],"about":[{"href":"https:\/\/www.europesays.com\/no\/wp-json\/wp\/v2\/types\/post"}],"author":[{"embeddable":true,"href":"https:\/\/www.europesays.com\/no\/wp-json\/wp\/v2\/users\/2"}],"replies":[{"embeddable":true,"href":"https:\/\/www.europesays.com\/no\/wp-json\/wp\/v2\/comments?post=106175"}],"version-history":[{"count":0,"href":"https:\/\/www.europesays.com\/no\/wp-json\/wp\/v2\/posts\/106175\/revisions"}],"wp:featuredmedia":[{"embeddable":true,"href":"https:\/\/www.europesays.com\/no\/wp-json\/wp\/v2\/media\/106176"}],"wp:attachment":[{"href":"https:\/\/www.europesays.com\/no\/wp-json\/wp\/v2\/media?parent=106175"}],"wp:term":[{"taxonomy":"category","embeddable":true,"href":"https:\/\/www.europesays.com\/no\/wp-json\/wp\/v2\/categories?post=106175"},{"taxonomy":"post_tag","embeddable":true,"href":"https:\/\/www.europesays.com\/no\/wp-json\/wp\/v2\/tags?post=106175"}],"curies":[{"name":"wp","href":"https:\/\/api.w.org\/{rel}","templated":true}]}}