{"id":106192,"date":"2025-12-06T23:10:12","date_gmt":"2025-12-06T23:10:12","guid":{"rendered":"https:\/\/www.europesays.com\/no\/106192\/"},"modified":"2025-12-06T23:10:12","modified_gmt":"2025-12-06T23:10:12","slug":"betyr-alt-i-livet","status":"publish","type":"post","link":"https:\/\/www.europesays.com\/no\/106192\/","title":{"rendered":"\u2013 Betyr alt i livet"},"content":{"rendered":"\n<p class=\"_lead_o9xde_2 _lead_xtcu6_50 layout-component text-serif-m layout-normal text-serif-l layout-component layout-wide layout-padded _wide_17hqh_1 layout-padded\">For Lillestr\u00f8m-kaptein Ruben Gabrielsen (33) kan ikke dr\u00f8mmesesongen p\u00e5 fotballbanen sammenlignes med hva som skjer p\u00e5 hjemmebane. <\/p>\n<p><img alt=\"L\u00f8rdag kunne Gabrielsen endelig l\u00f8fte kongepokalen etter seier over Sarpsborg 08.  Foto: Bj\u00f8rn S. Delebekk \/ VG\" class=\"_image_qp4xg_65 layout-component layout-wide\" data-fullscreen- data-track-element-type=\"Article image fullscreen\" data-track-name=\"ImageFullscreen\" fetchpriority=\"high\" decoding=\"sync\" loading=\"eager\" height=\"2497\" itemprop=\"image\"  src=\"https:\/\/www.europesays.com\/no\/wp-content\/uploads\/2025\/12\/fc52a104-f388-4f33-bc05-97c864b4c05d\"  style=\"object-position:0% 0%\" width=\"3549\"\/>L\u00f8rdag kunne Gabrielsen endelig l\u00f8fte kongepokalen etter seier over Sarpsborg 08.  Foto: Bj\u00f8rn S. Delebekk \/ VG<\/p>\n<ul aria-hidden=\"true\" class=\"_images_ntbth_112\">\n<li><a class=\"_link_ntbth_117\" href=\"https:\/\/www.vg.no\/forfatter\/helene-husvik\" style=\"z-index:2\" title=\"Helene Husvik\" rel=\"nofollow noopener\" target=\"_blank\"><img alt=\"Bilde av Helene Husvik\" class=\"_image_ntbth_93\" fetchpriority=\"low\" loading=\"lazy\" decoding=\"async\" itemprop=\"image\"  src=\"https:\/\/www.europesays.com\/no\/wp-content\/uploads\/2025\/12\/a3928b48-9cc9-4de6-95d7-c5a5e63b6a91\"  width=\"480\"\/><\/a><\/li>\n<li><a class=\"_link_ntbth_117\" href=\"https:\/\/www.vg.no\/forfatter\/bjoern-s-delebekk-foto\" style=\"z-index:1\" title=\"Bj\u00f8rn S. Delebekk (foto)\" rel=\"nofollow noopener\" target=\"_blank\"><img alt=\"Bilde av Bj\u00f8rn S. Delebekk (foto)\" class=\"_image_ntbth_93\" fetchpriority=\"low\" loading=\"lazy\" decoding=\"async\" itemprop=\"image\"  src=\"https:\/\/www.europesays.com\/no\/wp-content\/uploads\/2025\/12\/0951ae87-c959-48ff-9f15-211b75525be1\"  width=\"480\"\/><\/a><\/li>\n<\/ul>\n<p>Rapporterer fra Ullevaal stadion Oppdatert l\u00f8rdag 6. desember kl. 23:47    <\/p>\n<ul class=\"_list_o9xde_3 _list_64s2r_85 _unordered_o9xde_106 text-sans-m\">\n<li class=\"_item_o9xde_30\">Ruben Gabrielsen oppn\u00e5dde dr\u00f8mmen om cupgull med Lillestr\u00f8m etter en ubeseiret sesong.<\/li>\n<li class=\"_item_o9xde_30\">For Gabrielsen er fremgangen til hans autistiske s\u00f8nn enda viktigere enn sportslige seire.<\/li>\n<li class=\"_item_o9xde_30\">Familien flyttet hjem til Norge for bedre oppf\u00f8lging, og de har gjort betydelige fremskritt i kommunikasjonen.<\/li>\n<li class=\"_item_o9xde_30\">LSK-trener Hans Erik \u00d8degaard ber\u00f8mmer Gabrielsens dybde og \u00e6rlighet.<\/li>\n<\/ul>\n<p>Vis mer <\/p>\n<p class=\"_paragraph_o9xde_4 _paragraph_xtcu6_10 layout-component text-serif-m layout-normal text-serif-m layout-padded\">\u2013 Jeg vil si s\u00e5 mye, men det er vanskelig \u00e5 sette ord p\u00e5 det. <\/p>\n<p class=\"_paragraph_o9xde_4 _paragraph_xtcu6_10 layout-component text-serif-m layout-normal text-serif-m layout-padded\">Ruben Gabrielsen m\u00f8ter VG etter at en knallsterk opprykkssesong ble rundet av med cupgull. 40 kamper uten tap i serie og cup ble fasit for 2025. <\/p>\n<p class=\"_paragraph_o9xde_4 _paragraph_xtcu6_10 layout-component text-serif-m layout-normal text-serif-m layout-padded\">\u2013 Det er \u00e9n ting jeg har \u00f8nsket hele livet: \u00c5 vinne med Lillestr\u00f8m. Det sa jeg da jeg kom tilbake, og n\u00e5 har jeg endelig gjort det.<\/p>\n<p><img alt=\"Gabrielsen og Thomas Lehne Olsen med et godt tak p\u00e5 kongepokalen.   Foto: Bj\u00f8rn S. Delebekk \/ VG\" class=\"_image_qp4xg_65 layout-component layout-normal\" data-fullscreen- data-track-element-type=\"Article image fullscreen\" data-track-name=\"ImageFullscreen\" decoding=\"async\" loading=\"lazy\" height=\"3592\" itemprop=\"image\"  src=\"https:\/\/www.europesays.com\/no\/wp-content\/uploads\/2025\/12\/6f28614b-2e4c-4634-86ec-b6753fc9d832\"  style=\"object-position:0% 0%\" width=\"5392\"\/>Gabrielsen og Thomas Lehne Olsen med et godt tak p\u00e5 kongepokalen.   Foto: Bj\u00f8rn S. Delebekk \/ VG<\/p>\n<p class=\"_paragraph_o9xde_4 _paragraph_xtcu6_10 layout-component text-serif-m layout-normal text-serif-m layout-padded\">Han er nummen \u2013 triumfen har ikke sunket ordentlig inn. Men det er ikke d\u00e9t LSK-kapteinen sliter med \u00e5 finne de rette ordene til. <\/p>\n<p class=\"_paragraph_o9xde_4 _paragraph_xtcu6_10 layout-component text-serif-m layout-normal text-serif-m layout-padded\">Det er tre \u00e5r siden han terminerte kontrakten med Major League Soccer-klubben Austin FC ett \u00e5r f\u00f8r utl\u00f8psdatoen. Gabrielsen har tidligere v\u00e6rt \u00e5pen om at s\u00f8nnen har autisme, blant annet i et intervju med <a href=\"https:\/\/www.rb.no\/beskjeden-moren-ga-ham-rett-for-hun-dode-lever-han-etter-hver-eneste-dag\/s\/5-43-2441941\" class=\"_link_o9xde_39\" rel=\"nofollow noopener\" target=\"_blank\">Romerikes Blad<\/a> i april. Familien valgte \u00e5 flytte hjem til Norge for \u00e5 kunne f\u00f8lge ham opp best mulig. <\/p>\n<p class=\"_paragraph_o9xde_4 _paragraph_xtcu6_10 layout-component text-serif-m layout-normal text-serif-m layout-padded\">Det har hatt en tydelig effekt. <\/p>\n<p class=\"_paragraph_o9xde_4 _paragraph_xtcu6_10 layout-component text-serif-m layout-normal text-serif-m layout-padded\">Gabrielsen bruker litt tid p\u00e5 \u00e5 finne de riktige formuleringene. Han vil at folk skal forst\u00e5 hvordan det er \u00e5 ha en s\u00f8nn med sine utfordringer. <\/p>\n<p class=\"_paragraph_o9xde_4 _paragraph_xtcu6_10 layout-component text-serif-m layout-normal text-serif-m layout-padded\">\u2013 Og s\u00e5 vet du ikke hvordan du skal fikse det. Det er veldig lett for alle andre rundt \u00e5 &#8230; De forst\u00e5r ikke alt. Men s\u00e5 knekker du en liten kode. Og s\u00e5 en liten til. <\/p>\n<p class=\"_paragraph_o9xde_4 _paragraph_xtcu6_10 layout-component text-serif-m layout-normal text-serif-m layout-padded\">N\u00e5 kan foreldrene kommunisere med s\u00f8nnen ved \u00e5 for eksempel f\u00e5 et \u00abja\u00bb, et \u00abnei\u00bb, eller \u00abvarm\u00bb og \u00abkald\u00bb. <\/p>\n<p class=\"_paragraph_o9xde_4 _paragraph_xtcu6_10 layout-component text-serif-m layout-normal text-serif-m layout-padded\"><strong class=\"_strong_o9xde_25\">\u2013 Det har v\u00e6rt den st\u00f8rste oppturen jeg har hatt i livet. \u00c5 forst\u00e5 sitt eget barn er noe alle tar for gitt. Men ikke i min familie. N\u00e5 kan vi endelig forst\u00e5 litt. Jeg f\u00e5r frysninger av \u00e5 prate om det. At han kan ha det bra, betyr jo alt i livet.<\/strong><\/p>\n<p class=\"_paragraph_o9xde_4 _paragraph_xtcu6_10 layout-component text-serif-m layout-normal text-serif-m layout-padded\">Utviklingen betyr enormt mye for Gabrielsen.<\/p>\n<p class=\"_paragraph_o9xde_4 _paragraph_xtcu6_10 layout-component text-serif-m layout-normal text-serif-m layout-padded\">\u2013 Vi er p\u00e5 bedringens vei. Det er masse jobb som skal til, og vi skal fortsette \u00e5 jobbe og krige og gj\u00f8re masse feil. Men det kommer til \u00e5 bli bra. Han kommer til \u00e5 bli lykkelig. <\/p>\n<p class=\"_paragraph_o9xde_4 _paragraph_xtcu6_10 layout-component text-serif-m layout-normal text-serif-m layout-padded\"><strong class=\"_strong_o9xde_25\">\u2013 At min unge kan f\u00e5 et liv, og at jeg kan hjelpe min egen unge \u2013 det betyr alt i livet. Og det er vi p\u00e5 vei til \u00e5 gj\u00f8re n\u00e5. <\/strong><\/p>\n<p><img alt=\"Gabrielsen i aksjon underveis i cupfinalen.  Foto: Bj\u00f8rn S. Delebekk \/ VG\" class=\"_image_qp4xg_65 layout-component layout-normal\" data-fullscreen- data-track-element-type=\"Article image fullscreen\" data-track-name=\"ImageFullscreen\" decoding=\"async\" loading=\"lazy\" height=\"4272\" itemprop=\"image\"  src=\"https:\/\/www.europesays.com\/no\/wp-content\/uploads\/2025\/12\/27c665ff-53ac-4cfb-bba2-997a8befe37b\"  style=\"object-position:0% 0%\" width=\"6400\"\/>Gabrielsen i aksjon underveis i cupfinalen.  Foto: Bj\u00f8rn S. Delebekk \/ VG<\/p>\n<p class=\"_paragraph_o9xde_4 _paragraph_xtcu6_10 layout-component text-serif-m layout-normal text-serif-m layout-padded\">\u2013 Hvilke refleksjoner gj\u00f8r du deg n\u00e5r du opplever slike ting som mange andre fotballspillere kanskje ikke har opplevd?<\/p>\n<p class=\"_paragraph_o9xde_4 _paragraph_xtcu6_10 layout-component text-serif-m layout-normal text-serif-m layout-padded\">\u2013 Jeg er s\u00e5pass heldig at jeg forst\u00e5r hva sm\u00e5 gleder og seire gj\u00f8r. I mitt hjem feirer vi de som verdens st\u00f8rste. Er det et nytt ord, er vi i himmelen.<\/p>\n<p class=\"_paragraph_o9xde_4 _paragraph_xtcu6_10 layout-component text-serif-m layout-normal text-serif-m layout-padded\"><strong class=\"_strong_o9xde_25\">\u2013 Vi er heldige. Vi setter livet veldig h\u00f8yt i min familie. Cupgull er selvf\u00f8lgelig stas, men det kan ikke sammenlignes med min sesong hjemme.<\/strong><\/p>\n<p class=\"_paragraph_o9xde_4 _paragraph_xtcu6_10 layout-component text-serif-m layout-normal text-serif-m layout-padded\">Sportslig har det g\u00e5tt opp og ned etter returen til \u00c5r\u00e5sen. I 2024 endte LSK p\u00e5 15. plass. Da fortalte Gabrielsen om hvordan han m\u00f8tte misforn\u00f8yde supportere etter at nedrykket var et faktum. F\u00f8r \u00e5rets sesong i Obos-ligaen ble han <a href=\"https:\/\/www.rb.no\/presentert-som-lsk-kaptein-ble-buet-pa\/s\/5-43-2444703\" class=\"_link_o9xde_39\" rel=\"nofollow noopener\" target=\"_blank\">buet p\u00e5 av egne supportere<\/a> da kapteinsteamet ble presentert.<\/p>\n<p class=\"_paragraph_o9xde_4 _paragraph_xtcu6_10 layout-component text-serif-m layout-normal text-serif-m layout-padded\">\u2013 Oppturer og nedturer er som alle andre liv. N\u00e5r du blir sl\u00e5tt i trynet, s\u00e5 m\u00e5 du bare fortsette. Og n\u00e5r du vinner, s\u00e5 m\u00e5 du ogs\u00e5 v\u00e6re rolig og fin. Ikke at jeg skal v\u00e6re det i kveld, men &#8230; <\/p>\n<p class=\"_paragraph_o9xde_4 _paragraph_xtcu6_10 layout-component text-serif-m layout-normal text-serif-m layout-padded\">\u2013 Jeg er ikke overrasket over at det ble s\u00e5nn da jeg kom hjem igjen. Jeg er en mann som har meninger om ting, er mye p\u00e5 TV og sier litt dumme ting \u2013 og kanskje litt fornuftige ting i ny og ne. S\u00e5 at folk har en mening om meg, har de all rett til. Jeg syns det er litt stas i tillegg, s\u00e5 det er greit.<\/p>\n<p><img alt=\"LSK-trener Hans Erik \u00d8degaard og assistent Eirik M\u00e6land.  Foto: Bj\u00f8rn S. Delebekk \/ VG\" class=\"_image_qp4xg_65 layout-component layout-normal\" data-fullscreen- data-track-element-type=\"Article image fullscreen\" data-track-name=\"ImageFullscreen\" decoding=\"async\" loading=\"lazy\" height=\"3995\" itemprop=\"image\"  src=\"https:\/\/www.europesays.com\/no\/wp-content\/uploads\/2025\/12\/2ce7abb5-49c8-42d2-8b8d-eb23cde6b53d\"  style=\"object-position:0% 0%\" width=\"5394\"\/>LSK-trener Hans Erik \u00d8degaard og assistent Eirik M\u00e6land.  Foto: Bj\u00f8rn S. Delebekk \/ VG<\/p>\n<p class=\"_paragraph_o9xde_4 _paragraph_xtcu6_10 layout-component text-serif-m layout-normal text-serif-m layout-padded\">Hans Erik \u00d8degaard er glad p\u00e5 kapteinens vegne.<\/p>\n<p class=\"_paragraph_o9xde_4 _paragraph_xtcu6_10 layout-component text-serif-m layout-normal text-serif-m layout-padded\">\u2013 Han er en veldig fin fyr. Han er veldig direkte og \u00e6rlig, og det er veldig lett \u00e5 ha med \u00e5 gj\u00f8re. S\u00e5 han kan b\u00e5de gi og ta. Dette gir jo Ruben ogs\u00e5 en dybde \u2013 han har jo litt andre verdier. S\u00e5 det er et pluss for ham, sier LSK-treneren.<\/p>\n","protected":false},"excerpt":{"rendered":"For Lillestr\u00f8m-kaptein Ruben Gabrielsen (33) kan ikke dr\u00f8mmesesongen p\u00e5 fotballbanen sammenlignes med hva som skjer p\u00e5 hjemmebane. L\u00f8rdag&hellip;\n","protected":false},"author":2,"featured_media":106193,"comment_status":"","ping_status":"","sticky":false,"template":"","format":"standard","meta":{"footnotes":""},"categories":[59],"tags":[1544,1073,3385,30,28,29,13274,83,82],"class_list":{"0":"post-106192","1":"post","2":"type-post","3":"status-publish","4":"format-standard","5":"has-post-thumbnail","7":"category-sport","8":"tag-hans-erik-odegaard","9":"tag-lillestrom-sk","10":"tag-nm-i-fotball","11":"tag-no","12":"tag-norge","13":"tag-norway","14":"tag-ruben-gabrielsen","15":"tag-sport","16":"tag-sports"},"share_on_mastodon":{"url":"https:\/\/pubeurope.com\/@no\/115675150958085604","error":""},"_links":{"self":[{"href":"https:\/\/www.europesays.com\/no\/wp-json\/wp\/v2\/posts\/106192","targetHints":{"allow":["GET"]}}],"collection":[{"href":"https:\/\/www.europesays.com\/no\/wp-json\/wp\/v2\/posts"}],"about":[{"href":"https:\/\/www.europesays.com\/no\/wp-json\/wp\/v2\/types\/post"}],"author":[{"embeddable":true,"href":"https:\/\/www.europesays.com\/no\/wp-json\/wp\/v2\/users\/2"}],"replies":[{"embeddable":true,"href":"https:\/\/www.europesays.com\/no\/wp-json\/wp\/v2\/comments?post=106192"}],"version-history":[{"count":0,"href":"https:\/\/www.europesays.com\/no\/wp-json\/wp\/v2\/posts\/106192\/revisions"}],"wp:featuredmedia":[{"embeddable":true,"href":"https:\/\/www.europesays.com\/no\/wp-json\/wp\/v2\/media\/106193"}],"wp:attachment":[{"href":"https:\/\/www.europesays.com\/no\/wp-json\/wp\/v2\/media?parent=106192"}],"wp:term":[{"taxonomy":"category","embeddable":true,"href":"https:\/\/www.europesays.com\/no\/wp-json\/wp\/v2\/categories?post=106192"},{"taxonomy":"post_tag","embeddable":true,"href":"https:\/\/www.europesays.com\/no\/wp-json\/wp\/v2\/tags?post=106192"}],"curies":[{"name":"wp","href":"https:\/\/api.w.org\/{rel}","templated":true}]}}