{"id":106194,"date":"2025-12-06T23:14:49","date_gmt":"2025-12-06T23:14:49","guid":{"rendered":"https:\/\/www.europesays.com\/no\/106194\/"},"modified":"2025-12-06T23:14:49","modified_gmt":"2025-12-06T23:14:49","slug":"eu-vil-erstatte-pristak-pa-russisk-olje-med-shippingforbud","status":"publish","type":"post","link":"https:\/\/www.europesays.com\/no\/106194\/","title":{"rendered":"EU vil erstatte pristak p\u00e5 russisk olje med shippingforbud"},"content":{"rendered":"<p>Forbudet skal erstatte dagens pristak, melder <a href=\"https:\/\/www.reuters.com\/business\/energy\/eu-g7-weigh-ban-maritime-services-russian-oil-exports-end-price-cap-2025-12-05\/\" target=\"_blank\" rel=\"nofollow noopener\">Reuters<\/a>, som siterer flere kilder.<\/p>\n<p>Form\u00e5let er nok en gang \u00e5 strupe inntektene til Russland og President Vladimir Putin, for \u00e5 hindre finansieringen til krigf\u00f8ringen i Ukraina.\u00a0<\/p>\n<p>P\u00e5 tross av Russlands omfattende armada med eldre, usikre tankskip i skyggefl\u00e5ten, skjer fremdeles mer enn en tredjedel av all russisk oljeeksport p\u00e5 vestlige tankskip. Disse er gjerne greske, maltiske eller kypriotiske, og m\u00e5 frakte oljen i tr\u00e5d med pristaket p\u00e5 47,60 dollar.<\/p>\n<p>Dersom EU og G7 blir enige om \u00e5 forby vestlige skip fra russisk oljefrakt, kan forbudet komme allerede tidlig 2026, som en del av EUs neste sanksjonspakke mot Russland.<\/p>\n<p>Det er imidlertid uvisst om USA vil stille seg bak tiltaket. Det avhenger av hvorvidt de p\u00e5g\u00e5ende forhandlingene mellom Ukraina og Russland, initiert av president Trump og spesialutsending Steve Witkoff, g\u00e5r fremover.<\/p>\n<p>P\u00e5 tross av at EU og G7 har n\u00e6r kuttet ut all import av russisk olje i kj\u00f8lvannet av Ukraina-invasjonen, er det fritt frem for andre land \u00e5 handle olje i tr\u00e5d med pristaket. Forbudet mot \u00e5 frakte oljen p\u00e5 vestlige skip vil imidlertid gj\u00f8re denne handelen betydelig vanskeligere.<\/p>\n","protected":false},"excerpt":{"rendered":"Forbudet skal erstatte dagens pristak, melder Reuters, som siterer flere kilder. Form\u00e5let er nok en gang \u00e5 strupe&hellip;\n","protected":false},"author":2,"featured_media":106195,"comment_status":"","ping_status":"","sticky":false,"template":"","format":"standard","meta":{"footnotes":""},"categories":[12],"tags":[20,21,24,25,15,22,23,13,30,28,29,14,16,26,27,42,43,44,45],"class_list":{"0":"post-106194","1":"post","2":"type-post","3":"status-publish","4":"format-standard","5":"has-post-thumbnail","7":"category-verden","8":"tag-breaking-news","9":"tag-breakingnews","10":"tag-featured-news","11":"tag-featurednews","12":"tag-headlines","13":"tag-latest-news","14":"tag-latestnews","15":"tag-news","16":"tag-no","17":"tag-norge","18":"tag-norway","19":"tag-nyheter","20":"tag-overskrifter","21":"tag-top-stories","22":"tag-topstories","23":"tag-verden","24":"tag-world","25":"tag-world-news","26":"tag-worldnews"},"share_on_mastodon":{"url":"https:\/\/pubeurope.com\/@no\/115675170418717872","error":""},"_links":{"self":[{"href":"https:\/\/www.europesays.com\/no\/wp-json\/wp\/v2\/posts\/106194","targetHints":{"allow":["GET"]}}],"collection":[{"href":"https:\/\/www.europesays.com\/no\/wp-json\/wp\/v2\/posts"}],"about":[{"href":"https:\/\/www.europesays.com\/no\/wp-json\/wp\/v2\/types\/post"}],"author":[{"embeddable":true,"href":"https:\/\/www.europesays.com\/no\/wp-json\/wp\/v2\/users\/2"}],"replies":[{"embeddable":true,"href":"https:\/\/www.europesays.com\/no\/wp-json\/wp\/v2\/comments?post=106194"}],"version-history":[{"count":0,"href":"https:\/\/www.europesays.com\/no\/wp-json\/wp\/v2\/posts\/106194\/revisions"}],"wp:featuredmedia":[{"embeddable":true,"href":"https:\/\/www.europesays.com\/no\/wp-json\/wp\/v2\/media\/106195"}],"wp:attachment":[{"href":"https:\/\/www.europesays.com\/no\/wp-json\/wp\/v2\/media?parent=106194"}],"wp:term":[{"taxonomy":"category","embeddable":true,"href":"https:\/\/www.europesays.com\/no\/wp-json\/wp\/v2\/categories?post=106194"},{"taxonomy":"post_tag","embeddable":true,"href":"https:\/\/www.europesays.com\/no\/wp-json\/wp\/v2\/tags?post=106194"}],"curies":[{"name":"wp","href":"https:\/\/api.w.org\/{rel}","templated":true}]}}