{"id":106196,"date":"2025-12-06T23:15:08","date_gmt":"2025-12-06T23:15:08","guid":{"rendered":"https:\/\/www.europesays.com\/no\/106196\/"},"modified":"2025-12-06T23:15:08","modified_gmt":"2025-12-06T23:15:08","slug":"politiet-advarer-pakketyver-gar-rundt-og-sjekker-postkasser","status":"publish","type":"post","link":"https:\/\/www.europesays.com\/no\/106196\/","title":{"rendered":"Politiet advarer: \u2013 Pakketyver g\u00e5r rundt og sjekker postkasser"},"content":{"rendered":"<p data-testid=\"textWithMarkup-markup\" data-v-62d58f52=\"\"> Politiet p\u00e5 Stord fikk l\u00f8rdag morgen melding fra en person p\u00e5 Bremnes om funn av flere pakker som var \u00e5pnet, og post som l\u00e5 langs veien, skriver <a href=\"https:\/\/www.bomlo-nytt.no\/nyhende\/n\/OknoVb\/nye-funn-av-opna-pakkar-paa-bremnes-politiet-ber-folk-sjekka-om-dei-manglar-noko\" rel=\"noopener nofollow\" target=\"_blank\">B\u00f8mlo-nytt<\/a>.<\/p>\n<p data-testid=\"textWithMarkup-markup\" data-v-62d58f52=\"\"> \u2013 Flere av pakkene er \u00abHelt hjem\u00bb pakker som enten er levert i posten eller p\u00e5 d\u00f8ren, skriver operasjonsleder Roger Litlatun i S\u00f8rvest politidistrikt p\u00e5 <a href=\"https:\/\/www.politiet.no\/politiloggen\/hendelse\/25r9ng\/sor-vest-politidistrikt-tyveri-bomlo\" rel=\"noopener nofollow\" target=\"_blank\">politiloggen<\/a>.<\/p>\n<p data-testid=\"textWithMarkup-text\" data-v-ca17de6b=\"\" data-v-62d58f52=\"\">Politiet g\u00e5r n\u00e5 igjennom pakkene og kontakter de som de finner navn p\u00e5. Politiet p\u00e5 Stord kan kontaktes dersom noen mistenker de har f\u00e5tt frastj\u00e5let pakker.<\/p>\n<p data-testid=\"textWithMarkup-text\" data-v-ca17de6b=\"\" data-v-62d58f52=\"\">Senere l\u00f8rdag ettermiddag kom det melding om at flere pakker ved et postmottak var revet opp. Operasjonsleder Helene Strand i S\u00f8rvest politidistrikt opplyser at det s\u00e5 ut som det gjaldt en pakke som var i privat postkasse p\u00e5 postkassestativ som var blitt \u00e5pnet. Per n\u00e5 er det ingen mistenkte.<\/p>\n<p data-testid=\"textWithMarkup-text\" data-v-ca17de6b=\"\" data-v-62d58f52=\"\">Politiet er kjent med at det ogs\u00e5 tidligere har v\u00e6rt lignende hendelser p\u00e5 B\u00f8mlo. For bare \u00e9n uke siden fikk politiet meldinger om lignende tilfeller i flere omr\u00e5der.<\/p>\n<p data-testid=\"textWithMarkup-markup\" data-v-62d58f52=\"\"> \u2013 Tydelig at tyver g\u00e5r rundt og sjekker folks postkasser og inngangspartier i jakten p\u00e5 pakker. Folk b\u00f8r v\u00e6re p\u00e5 hugget n\u00e5r de venter pakker og f\u00e5 dem i hus, samt f\u00f8lge med i nabolaget, om der er uvedkommende som snoker i postkasser, skrev Strand p\u00e5 <a href=\"https:\/\/www.politiet.no\/politiloggen\/hendelse\/25kccg\/sor-vest-politidistrikt-skadeverk-bomlo-folderhoyhamn\" rel=\"noopener nofollow\" target=\"_blank\">politiloggen<\/a>.<\/p>\n","protected":false},"excerpt":{"rendered":"Politiet p\u00e5 Stord fikk l\u00f8rdag morgen melding fra en person p\u00e5 Bremnes om funn av flere pakker som&hellip;\n","protected":false},"author":2,"featured_media":106197,"comment_status":"","ping_status":"","sticky":false,"template":"","format":"standard","meta":{"footnotes":""},"categories":[10],"tags":[20,21,24,25,15,22,23,13,30,28,29,14,16,26,27],"class_list":{"0":"post-106196","1":"post","2":"type-post","3":"status-publish","4":"format-standard","5":"has-post-thumbnail","7":"category-norge","8":"tag-breaking-news","9":"tag-breakingnews","10":"tag-featured-news","11":"tag-featurednews","12":"tag-headlines","13":"tag-latest-news","14":"tag-latestnews","15":"tag-news","16":"tag-no","17":"tag-norge","18":"tag-norway","19":"tag-nyheter","20":"tag-overskrifter","21":"tag-top-stories","22":"tag-topstories"},"share_on_mastodon":{"url":"https:\/\/pubeurope.com\/@no\/115675170516641534","error":""},"_links":{"self":[{"href":"https:\/\/www.europesays.com\/no\/wp-json\/wp\/v2\/posts\/106196","targetHints":{"allow":["GET"]}}],"collection":[{"href":"https:\/\/www.europesays.com\/no\/wp-json\/wp\/v2\/posts"}],"about":[{"href":"https:\/\/www.europesays.com\/no\/wp-json\/wp\/v2\/types\/post"}],"author":[{"embeddable":true,"href":"https:\/\/www.europesays.com\/no\/wp-json\/wp\/v2\/users\/2"}],"replies":[{"embeddable":true,"href":"https:\/\/www.europesays.com\/no\/wp-json\/wp\/v2\/comments?post=106196"}],"version-history":[{"count":0,"href":"https:\/\/www.europesays.com\/no\/wp-json\/wp\/v2\/posts\/106196\/revisions"}],"wp:featuredmedia":[{"embeddable":true,"href":"https:\/\/www.europesays.com\/no\/wp-json\/wp\/v2\/media\/106197"}],"wp:attachment":[{"href":"https:\/\/www.europesays.com\/no\/wp-json\/wp\/v2\/media?parent=106196"}],"wp:term":[{"taxonomy":"category","embeddable":true,"href":"https:\/\/www.europesays.com\/no\/wp-json\/wp\/v2\/categories?post=106196"},{"taxonomy":"post_tag","embeddable":true,"href":"https:\/\/www.europesays.com\/no\/wp-json\/wp\/v2\/tags?post=106196"}],"curies":[{"name":"wp","href":"https:\/\/api.w.org\/{rel}","templated":true}]}}