{"id":106200,"date":"2025-12-06T23:17:11","date_gmt":"2025-12-06T23:17:11","guid":{"rendered":"https:\/\/www.europesays.com\/no\/106200\/"},"modified":"2025-12-06T23:17:11","modified_gmt":"2025-12-06T23:17:11","slug":"sport-fotball-krygard-og-maeland-ble-cupmestere-med-lillestrom-haugesunds-avis","status":"publish","type":"post","link":"https:\/\/www.europesays.com\/no\/106200\/","title":{"rendered":"Sport, Fotball | Kryg\u00e5rd og M\u00e6land ble cupmestere med Lillestr\u00f8m &#8211; Haugesunds Avis"},"content":{"rendered":"<ol>\n<li><a href=\"https:\/\/news.google.com\/rss\/articles\/CBMijAFBVV95cUxNOENfLVR3STZBdlZ3eVFPVFZoZFV0Y2I4cElsUmliajlTRndzWTYyck5GbElCd0RyTVgzQlJJN0dQNHROcDRvOVlhSWpVSXR4QkIxdGxJcjhYRkVkN014WENvWGpFOGZ1M0J3TjhpWTJUQy1EX3E0YXRsc1I2YnVwMmZtcU1jTTJvVmtPVA?oc=5\" target=\"_blank\" rel=\"nofollow noopener\">Sport, Fotball | Kryg\u00e5rd og M\u00e6land ble cupmestere med Lillestr\u00f8m<\/a>&nbsp;&nbsp;Haugesunds Avis<\/li>\n<li><a href=\"https:\/\/news.google.com\/rss\/articles\/CBMiqwFBVV95cUxQMm41V3RCNmZ3aXZ6dFcyOUtWVUNqT1BKZmxraUJxLWIzZ29wQTRQUGVDelBUWGttVDVfck5oTHBGei15c055VUhWY1Fzcm1LNmJBcG45dlVGT3dqTnE2X1F5bmMxb01YcVFxV1Fxc0Nob28zc2E2VktwQVVUNDRXOFVaZDNheDhodmpwekVCZGVEd3RPTzZiQ2xaYTBralQ5bGg4dEJ4OXBOTDg?oc=5\" target=\"_blank\" rel=\"nofollow noopener\">Lillestr\u00f8m kronet dr\u00f8mmesesongen med seier i cupfinalen: \u2013\u2060 Beste f\u00f8lelsen noensinne<\/a>&nbsp;&nbsp;VG<\/li>\n<li><a href=\"https:\/\/news.google.com\/rss\/articles\/CBMib0FVX3lxTE5HWUJxQXZQc3pfb0NqSVVDTlRlN3hISzRSOXlQWGI4RUdxUXUtRWxaY1J5RzFmeHQ0Unc4Rk44OXRibV9ZR0tRQ2RyVHRzTWpydng0Z0JXLUVWQlZ5ZjFRT1RqSm1iaTRCNkhpRkRQaw?oc=5\" target=\"_blank\" rel=\"nofollow noopener\">Nyheter, LSK | Flere tusen feiret cupheltene<\/a>&nbsp;&nbsp;Romerikes Blad<\/li>\n<li><a href=\"https:\/\/news.google.com\/rss\/articles\/CBMib0FVX3lxTE5BRF96Q2J5NlhDMF9tQWg0VlNONVNLci11cVBUQXBqdmFpdEVOamlPOVhJejV1M1lSYW01N2laV3dXVXNqdXd4OGRUN29fb2lZcHRnT1lBOGg5WVVsWmp3ckJHNFZOM1BoaW9UT0tFbw?oc=5\" target=\"_blank\" rel=\"nofollow noopener\">Vilt drama: &#8211; Farlig niv\u00e5<\/a>&nbsp;&nbsp;Dagbladet<\/li>\n<li><a href=\"https:\/\/news.google.com\/rss\/articles\/CBMivwFBVV95cUxNNVAzOUJYZENXZFVnc3U5VkJnVVZURnpBRF85VDJkWU5zcWV3RTIzQTM2TlNUcldIT0RfbDZFNFd5RnJELVRXX05NX0ZXRUxudEhBSTVodzhjZjIxMWo0b1hrUkdIQmViYl8xN3phY1loSHRaYzAxQS1HMkpka19YaEJYb2RyVm1rLTFfWUJPQTBMYkhhNGFYZ2dBdVU5OXcxZVhWSm9QLXptc2VqUWhMSXZISkZicmtEOTFMcmI3TQ?oc=5\" target=\"_blank\" rel=\"nofollow noopener\">LSK-profilene s\u00e5r tvil om fremtiden etter cupgullet: \u2013 Kan ha v\u00e6rt min siste kamp<\/a>&nbsp;&nbsp;TV2.no<\/li>\n<\/ol>\n","protected":false},"excerpt":{"rendered":"Sport, Fotball | Kryg\u00e5rd og M\u00e6land ble cupmestere med Lillestr\u00f8m&nbsp;&nbsp;Haugesunds Avis Lillestr\u00f8m kronet dr\u00f8mmesesongen med seier i cupfinalen:&hellip;\n","protected":false},"author":2,"featured_media":106201,"comment_status":"","ping_status":"","sticky":false,"template":"","format":"standard","meta":{"footnotes":""},"categories":[59],"tags":[30,28,29,83,82],"class_list":{"0":"post-106200","1":"post","2":"type-post","3":"status-publish","4":"format-standard","5":"has-post-thumbnail","7":"category-sport","8":"tag-no","9":"tag-norge","10":"tag-norway","11":"tag-sport","12":"tag-sports"},"share_on_mastodon":{"url":"https:\/\/pubeurope.com\/@no\/115675178180135874","error":""},"_links":{"self":[{"href":"https:\/\/www.europesays.com\/no\/wp-json\/wp\/v2\/posts\/106200","targetHints":{"allow":["GET"]}}],"collection":[{"href":"https:\/\/www.europesays.com\/no\/wp-json\/wp\/v2\/posts"}],"about":[{"href":"https:\/\/www.europesays.com\/no\/wp-json\/wp\/v2\/types\/post"}],"author":[{"embeddable":true,"href":"https:\/\/www.europesays.com\/no\/wp-json\/wp\/v2\/users\/2"}],"replies":[{"embeddable":true,"href":"https:\/\/www.europesays.com\/no\/wp-json\/wp\/v2\/comments?post=106200"}],"version-history":[{"count":0,"href":"https:\/\/www.europesays.com\/no\/wp-json\/wp\/v2\/posts\/106200\/revisions"}],"wp:featuredmedia":[{"embeddable":true,"href":"https:\/\/www.europesays.com\/no\/wp-json\/wp\/v2\/media\/106201"}],"wp:attachment":[{"href":"https:\/\/www.europesays.com\/no\/wp-json\/wp\/v2\/media?parent=106200"}],"wp:term":[{"taxonomy":"category","embeddable":true,"href":"https:\/\/www.europesays.com\/no\/wp-json\/wp\/v2\/categories?post=106200"},{"taxonomy":"post_tag","embeddable":true,"href":"https:\/\/www.europesays.com\/no\/wp-json\/wp\/v2\/tags?post=106200"}],"curies":[{"name":"wp","href":"https:\/\/api.w.org\/{rel}","templated":true}]}}