{"id":106202,"date":"2025-12-06T23:22:22","date_gmt":"2025-12-06T23:22:22","guid":{"rendered":"https:\/\/www.europesays.com\/no\/106202\/"},"modified":"2025-12-06T23:22:22","modified_gmt":"2025-12-06T23:22:22","slug":"ser-ut-som-en-taper","status":"publish","type":"post","link":"https:\/\/www.europesays.com\/no\/106202\/","title":{"rendered":"Ser ut som en taper"},"content":{"rendered":"<p class=\"kicker \" style=\"\">Statsbudsjettet:<\/p>\n<p>  Men SV og Kirsti Bergst\u00f8 har reddet det r\u00f8dgr\u00f8nne prosjektet.<\/p>\n<p>\n    R\u00d8DGR\u00d8NN REDNINGSKVINNE: SV framst\u00e5r som budsjettforlikets store taper. Men partileder Kirsti Bergst\u00f8 er smartere enn det ser ut som.<br \/>\nFoto: Heiko Junge \/ NTB\n  <\/p>\n<p>SV dyrker sine tap og framst\u00e5r utad som budsjettforhandlingenes store taper. Partileder Kirsti Bergst\u00f8 innr\u00f8mmet og beklaget nederlag om oljefondets investeringer i Israel, b\u00e5de SVs krav og gjennomslag i budsjettet framst\u00e5r uklare for folk flest. For virkelig \u00e5 gni inn miseren gikk nestleder Marian Hussein <a href=\"https:\/\/www.instagram.com\/p\/DRyMv98iEXS\/\" rel=\"nofollow noopener\" target=\"_blank\">ut p\u00e5 Instagram<\/a> og anklaget\u00a0Arbeiderpartiet for \u00e5 mene at \u00abprofitt er viktigere enn menneskeliv\u00bb.<\/p>\n<p>Det er ikke rart at SV-velgere er misforn\u00f8yde og at partiet synker p\u00e5 m\u00e5lingene. Tidligere statssekret\u00e6r Ketil Raknes mener at\u00a0<a href=\"https:\/\/www.morgenbladet.no\/samfunn\/sv-ligner-for-tiden-pa-en-sur-og-bitter-utgave-av-rodt\/10090487\" rel=\"nofollow noopener\" target=\"_blank\">SV har gitt fra seg rollen som det pragmatiske venstrepartiet<\/a>.<\/p>\n<p>Det ser s\u00e5nn ut. Men sannheten er det stikk motsatte.<\/p>\n<p>    <a itemprop=\"url\" href=\"https:\/\/www.dagbladet.no\/meninger\/dette-skremmer-velgerne\/83867138\" rel=\"nofollow noopener\" target=\"_blank\"><\/p>\n<p>      <img loading=\"lazy\" decoding=\"async\" src=\"https:\/\/www.europesays.com\/no\/wp-content\/uploads\/2025\/12\/83833966.webp\" width=\"980\" height=\"441\" title=\"Dette skremmer velgerne\" alt=\"\" class=\"lazyload\" style=\"--aspect-ratio-image: 2.22; \"\/><\/p>\n<p>        Dette skremmer velgerne<\/p>\n<p>    <\/a><\/p>\n<p>Fire andre partier soler seg i glansen av budsjettenigheten. R\u00f8dt ble enige med Senterpartiet og Arbeiderpartiet allerede l\u00f8rdag og har siden skrytt h\u00f8ylytt av sine gjennomslag, ogs\u00e5 dem som SV har v\u00e6rt med p\u00e5 \u00e5 kjempe fram. Partiets f\u00f8rste budsjettforlik blir feiret som manifesteringen av R\u00f8dt som et styringsdyktig parti. Senterpartiet fikk s\u00e5 store gjennomslag at partileder Trygve Slagsvold Vedum danset seg gjennom natt til torsdag, etter at andre forhandlere for lengst hadde dratt hjem for \u00e5 sove ut.<\/p>\n<p>Milj\u00f8partiet De Gr\u00f8nne (MDG) framst\u00e5r som vinnere. Da partiet l\u00f8rdag trakk seg fra forhandlingene, var det med ambisi\u00f8se og krystallklare krav om hva som m\u00e5tte innfris for at partiet skulle stemme for budsjettet. Og da MDG og SV natt til onsdag sluttet seg til flertallet, kunne MDG skryte av gjennomslag nettopp p\u00e5 sine hovedkrav. Arbeiderpartiets nestleder og parlamentariske leder Tonje Brenna framst\u00e5r b\u00e5de knallt\u00f8ff og prinsippfast, egenskaper mer verdt enn gull for en forhandlingsleder.<\/p>\n<p>    <a itemprop=\"url\" href=\"https:\/\/www.dagbladet.no\/meninger\/kamp-til-siste-oljedrape\/83934130\" rel=\"nofollow noopener\" target=\"_blank\"><\/p>\n<p>      <img loading=\"lazy\" decoding=\"async\" src=\"https:\/\/www.europesays.com\/no\/wp-content\/uploads\/2025\/12\/83930256.webp\" width=\"980\" height=\"441\" title=\"Kamp til siste oljedr\u00e5pe\" alt=\"\" class=\"lazyload\" style=\"--aspect-ratio-image: 2.22; \"\/><\/p>\n<p>        Kamp til siste oljedr\u00e5pe<\/p>\n<p>    <\/a><\/p>\n<p>Det har framst\u00e5tt uforst\u00e5elig b\u00e5de hvorfor SV trakk seg fra forhandlingene l\u00f8rdag og hva som gjorde at de til slutt ble en del av flertallet. Jeg har snakket med sentrale personer i alle de fem partiene som n\u00e5 er enige om statsbudsjettet. Et helt nytt bilde tegner seg, av en SV-leder Kirsti Bergst\u00f8 som har v\u00e6rt forhandlingenes mest og ikke minst pragmatiske.<\/p>\n<p>En sentralt plassert kilde fra et annet parti er stum av beundring for Kirsti Bergst\u00f8. Vedkommende forteller at hun \u00abtok fullstendig styringen\u00bb de siste 72 timene av forhandlingene og skal ha \u00e6ren for at de kom i land.<\/p>\n<p>    <a itemprop=\"url\" href=\"https:\/\/www.dagbladet.no\/meninger\/ine-tor-der-erna-viker\/83883345\" rel=\"nofollow noopener\" target=\"_blank\"><\/p>\n<p>      <img loading=\"lazy\" decoding=\"async\" src=\"https:\/\/www.europesays.com\/no\/wp-content\/uploads\/2025\/12\/83818313.webp\" width=\"980\" height=\"441\" title=\"Ine t\u00f8r der Erna viker\" alt=\"\" class=\"lazyload\" style=\"--aspect-ratio-image: 2.22; \"\/><\/p>\n<p>        Ine t\u00f8r der Erna viker<\/p>\n<p>    <\/a><\/p>\n<p>Da bruddet var et faktum, sist l\u00f8rdag, var det MDG som forlot forhandlingsbordet. Partileder Arild Hermstad hadde <a href=\"https:\/\/www.vg.no\/nyheter\/i\/9pl4Qw\/statsbudsjettet-forhandlingene-tas-opp-loerdag-morgen\" rel=\"nofollow noopener\" target=\"_blank\">ufravikelige krav<\/a> om st\u00f8rre gjennomslag i oljepolitikken og advarte om at Arbeiderpartiet kunne kaste landet ut i en regjeringskrise. MDG hadde nemlig ingen intensjon om \u00e5 st\u00f8tte en budsjettenighet de ikke var en del av, selv om dette kunne bety at budsjettet ikke fikk flertall i Stortinget. Neste dag presiserte MDG ogs\u00e5 at de <a href=\"https:\/\/www.nrk.no\/nyheter\/-mdg-vil-felle-regjeringen-om-store-stiller-kabinettssporsmal-1.17673773\" rel=\"nofollow noopener\" target=\"_blank\">ville felle Regjeringen St\u00f8re<\/a> hvis statsministeren stilte kabinettsp\u00f8rsm\u00e5l. SV diltet etter, b\u00e5de ut av forhandlingene og ved \u00e5 nekte \u00e5 stemme sekund\u00e6rt for regjeringens forslag.<\/p>\n<p>Situasjonen minnet meg om regjeringsforhandlingene p\u00e5 Hurdal. Den gang gikk Jonas Gahr St\u00f8re til valg p\u00e5 et r\u00f8dgr\u00f8nt regjeringsprosjekt, men endte med at SV forlot konferansehotellet og bare Senterpartiet ble med inn i regjering. Det var en tabbe, som ikke bare skyldtes Senterpartiets eminente forhandlingstaktikk. St\u00f8re undervurderte hvor viktige SVs krav var for SV. Han trodde rett og slett ikke p\u00e5 dem. N\u00e5 s\u00e5 det ut til at han var i ferd med \u00e5 beg\u00e5 den samme tabben med MDG.<\/p>\n<p>    <a itemprop=\"url\" href=\"https:\/\/www.dagbladet.no\/meninger\/ikke-nok-a-vaere-toff\/83785513\" rel=\"nofollow noopener\" target=\"_blank\"><\/p>\n<p>      <img loading=\"lazy\" decoding=\"async\" src=\"https:\/\/www.europesays.com\/no\/wp-content\/uploads\/2025\/12\/83785543.webp\" width=\"980\" height=\"441\" title=\"Ikke nok \u00e5 v\u00e6re t\u00f8ff\" alt=\"\" class=\"lazyload\" style=\"--aspect-ratio-image: 2.22; \"\/><\/p>\n<p>        Ikke nok \u00e5 v\u00e6re t\u00f8ff<\/p>\n<p>    <\/a><\/p>\n<p>Det var dette Kirsti Bergst\u00f8 s\u00e5, og det var derfor hun diltet etter MDG. Uten et budsjettforlik som alle fem partier ville stille seg bak, ville regjeringskrisen bli et faktum. Det r\u00f8dgr\u00f8nne prosjektet ville v\u00e6rt d\u00f8dt, og SV uten makt.<\/p>\n<p>MDG undervurderte fullstendig alvorlighetsgraden i en slik krise. De gikk til valg p\u00e5 \u00e5 garantere for en Arbeiderparti-ledet regjering, Arild Hermstad signerte til og med <a href=\"https:\/\/www.tv2.no\/nyheter\/her-gir-mdg-deg-sin-skriftlige-listhaug-garanti\/18010984\/\" rel=\"nofollow noopener\" target=\"_blank\">en skriftlig garanti <\/a>om at han ville ofre sitt politiske liv for \u00e5 hindre Frp-leder Sylvi Listhaug i \u00e5 bli statsminister. MDG vant taktiske stemmer p\u00e5 denne m\u00e5ten og gikk klart fram ved valget. Alle disse nye velgerne ville blitt rasende hvis MDG bidro til \u00e5 felle regjeringen og bane veien for at Listhaug kunne bli statsminister.<\/p>\n<p>Mitt inntrykk er at MDG fortsatt ikke forst\u00e5r at dette lett kunne endt med en Listhaug-ledet regjering resten av stortingsperioden. Hermstad har sagt ting som at\u00a0\u00ab<a href=\"https:\/\/tv.nrk.no\/serie\/politisk-kvarter-tv\/sesong\/202512\/episode\/NNFA07120225\" rel=\"nofollow noopener\" target=\"_blank\">vi kommer ikke til \u00e5 stemme for at hun skal innsettes som regjeringssjef<\/a>\u00bb samtidig som han har sagt at \u00ab<a href=\"https:\/\/www.vg.no\/nyheter\/i\/8pln9w\/roedt-advarer-mot-dobbel-listhaug-seier\" rel=\"nofollow noopener\" target=\"_blank\">hvis det som skal til for \u00e5 unng\u00e5 et permanent klimakaos m\u00e5 gjennom en periode med regjeringskaos, s\u00e5 f\u00e5r det heller v\u00e6re<\/a>\u00bb. Stortingsrepresentant Fr\u00f8ya Sjurs\u00e6ther har sagt at\u00a0\u00ab<a href=\"https:\/\/www.vg.no\/nyheter\/i\/8pln9w\/roedt-advarer-mot-dobbel-listhaug-seier\" rel=\"nofollow noopener\" target=\"_blank\">Det eneste som vil skje dersom St\u00f8re m\u00e5 g\u00e5 av, er at Sylvi Listhaug vil innse at hun ikke har flertall p\u00e5 Stortinget, og s\u00e5 vil ballen bli kastet tilbake til St\u00f8re igjen<\/a>\u00bb.<\/p>\n<p>    <a itemprop=\"url\" href=\"https:\/\/www.dagbladet.no\/meninger\/svakt-av-oslobyradet\/83872522\" rel=\"nofollow noopener\" target=\"_blank\"><\/p>\n<p>      <img loading=\"lazy\" decoding=\"async\" src=\"https:\/\/www.europesays.com\/no\/wp-content\/uploads\/2025\/12\/83694305.webp\" width=\"980\" height=\"441\" title=\"Svakt av oslobyr\u00e5det\" alt=\"\" class=\"lazyload\" style=\"--aspect-ratio-image: 2.22; \"\/><\/p>\n<p>        Svakt av oslobyr\u00e5det<\/p>\n<p>    <\/a><\/p>\n<p>Men det er jo ikke slik parlamentarismen virker. Norge har ikke investitur, regjeringen er ikke avhengig av noe flertallsvedtak i Stortinget. To regjeringer har i moderne tid g\u00e5tt av etter kabinettsp\u00f8rsm\u00e5l, Willoch i 1986 og Bondevik i 2000. Opposisjonen overtok regjeringsmakten i resten av perioden.<\/p>\n<p>Et kabinettsp\u00f8rsm\u00e5l fra Arbeiderpartiet som ikke fikk flertall i Stortinget, ville tvinge statsministeren til \u00e5 be Kongen peke p\u00e5 det st\u00f8rste opposisjonspartiet. Da er det ingen historisk presedens i at den nye statsministeren ville blitt felt etter ti minutter, slik Arild Hermstad ser ut til \u00e5 tro.<\/p>\n<p>Hvis MDG hadde blitt sittende alene p\u00e5 gangen, kunne dette scenarioet raskt ha blitt en realitet. Derfor valgte Kirsti Bergst\u00f8 \u00e5 f\u00f8lge etter, men samtidig bruke all sin kapasitet p\u00e5 \u00e5 megle fram en enighet. SV p\u00e5tok seg rollen som MDG-hvisker og politisk tolk, mellom s\u00e6rlig Senterpartiet og MDG. Som en kilde <a href=\"https:\/\/www.dagbladet.no\/nyheter\/matte-vaere-politisk-tolk\/83926143?articleToken=796c111d03464ff60c416c1cfd6540f1e48de6e54ea2710fdf69f7d4e4f5d039\" rel=\"nofollow noopener\" target=\"_blank\">sa til Dagbladet onsdag<\/a>: SV har lang erfaring i \u00e5 forhandle budsjettenighet med Senterpartiet, og har samtidig politisk forst\u00e5else for MDGs klimapolitikk. En annen sentral SV-kilde sier til meg at erfaringen fra Hurdal har direkte overf\u00f8ringsverdi.<\/p>\n<p>    <a itemprop=\"url\" href=\"https:\/\/www.dagbladet.no\/meninger\/baer-passet-ligg-lavt-hold-kjeft\/83685000\" rel=\"nofollow noopener\" target=\"_blank\"><\/p>\n<p>      <img loading=\"lazy\" decoding=\"async\" src=\"https:\/\/www.europesays.com\/no\/wp-content\/uploads\/2025\/12\/83633560.webp\" width=\"980\" height=\"441\" title=\"B\u00e6r passet. Ligg lavt. Hold kjeft.\" alt=\"\" class=\"lazyload\" style=\"--aspect-ratio-image: 2.22; \"\/><\/p>\n<p>        B\u00e6r passet. Ligg lavt. Hold kjeft.<\/p>\n<p>    <\/a><\/p>\n<p>Det er oppsiktsvekkende at opplysningene som denne kommentaren bygger p\u00e5 ikke kom til meg fra SV, men fra personer i andre partier. At partiet selv ikke evner \u00e5 selge inn sin egen strategi offentlig, st\u00e5r til stryk p\u00e5 en slik viktig eksamen i kommunikasjon.<\/p>\n<p>For Kirsti Bergst\u00f8 var det likevel viktigere \u00e5 redde det r\u00f8dgr\u00f8nne prosjektet enn \u00e5 f\u00e5 gjennomslag for SVs kravliste i budsjettet. Det er pragmatisk og realpolitisk godt h\u00e5ndverk. Og selv om Kirsti Bergst\u00f8 vet at SV st\u00e5r igjen med taperstempel etter regjeringsforhandlingene, er det r\u00f8dgr\u00f8nne prosjektet reddet. Det er en stor seier \u2013 og ikke bare for SV.<\/p>\n<p>          <img loading=\"lazy\" decoding=\"async\" src=\"https:\/\/www.europesays.com\/no\/wp-content\/uploads\/2025\/12\/83944815.webp\" width=\"686\" height=\"851\" title=\"Tegning: Finn Graff\" alt=\"\" class=\"\" style=\"--aspect-ratio-image: 0.81; \"\/><\/p>\n<p>\n          Tegning: Finn Graff\n      <\/p>\n<p><script async src=\"\/\/www.instagram.com\/embed.js\"><\/script><\/p>\n","protected":false},"excerpt":{"rendered":"Statsbudsjettet: Men SV og Kirsti Bergst\u00f8 har reddet det r\u00f8dgr\u00f8nne prosjektet. R\u00d8DGR\u00d8NN REDNINGSKVINNE: SV framst\u00e5r som budsjettforlikets store&hellip;\n","protected":false},"author":2,"featured_media":106203,"comment_status":"","ping_status":"","sticky":false,"template":"","format":"standard","meta":{"footnotes":""},"categories":[10],"tags":[20,21,24,25,15,4022,2471,22,23,5303,5301,156,13,30,28,29,14,16,8578,947,26,27],"class_list":{"0":"post-106202","1":"post","2":"type-post","3":"status-publish","4":"format-standard","5":"has-post-thumbnail","7":"category-norge","8":"tag-breaking-news","9":"tag-breakingnews","10":"tag-featured-news","11":"tag-featurednews","12":"tag-headlines","13":"tag-hovedkommentar","14":"tag-kirsti-bergsto","15":"tag-latest-news","16":"tag-latestnews","17":"tag-martine-aurdal","18":"tag-mau","19":"tag-meninger","20":"tag-news","21":"tag-no","22":"tag-norge","23":"tag-norway","24":"tag-nyheter","25":"tag-overskrifter","26":"tag-statsbudsjettet","27":"tag-sv","28":"tag-top-stories","29":"tag-topstories"},"share_on_mastodon":{"url":"https:\/\/pubeurope.com\/@no\/115675198115667528","error":""},"_links":{"self":[{"href":"https:\/\/www.europesays.com\/no\/wp-json\/wp\/v2\/posts\/106202","targetHints":{"allow":["GET"]}}],"collection":[{"href":"https:\/\/www.europesays.com\/no\/wp-json\/wp\/v2\/posts"}],"about":[{"href":"https:\/\/www.europesays.com\/no\/wp-json\/wp\/v2\/types\/post"}],"author":[{"embeddable":true,"href":"https:\/\/www.europesays.com\/no\/wp-json\/wp\/v2\/users\/2"}],"replies":[{"embeddable":true,"href":"https:\/\/www.europesays.com\/no\/wp-json\/wp\/v2\/comments?post=106202"}],"version-history":[{"count":0,"href":"https:\/\/www.europesays.com\/no\/wp-json\/wp\/v2\/posts\/106202\/revisions"}],"wp:featuredmedia":[{"embeddable":true,"href":"https:\/\/www.europesays.com\/no\/wp-json\/wp\/v2\/media\/106203"}],"wp:attachment":[{"href":"https:\/\/www.europesays.com\/no\/wp-json\/wp\/v2\/media?parent=106202"}],"wp:term":[{"taxonomy":"category","embeddable":true,"href":"https:\/\/www.europesays.com\/no\/wp-json\/wp\/v2\/categories?post=106202"},{"taxonomy":"post_tag","embeddable":true,"href":"https:\/\/www.europesays.com\/no\/wp-json\/wp\/v2\/tags?post=106202"}],"curies":[{"name":"wp","href":"https:\/\/api.w.org\/{rel}","templated":true}]}}