{"id":106204,"date":"2025-12-06T23:29:09","date_gmt":"2025-12-06T23:29:09","guid":{"rendered":"https:\/\/www.europesays.com\/no\/106204\/"},"modified":"2025-12-06T23:29:09","modified_gmt":"2025-12-06T23:29:09","slug":"anette-matte-slutta-med-populaer-julestrompe-men-ho-ville-ikkje-slutta-med-a-gje-noko-tilbake-til-lokalsamfunnet-strandbuen","status":"publish","type":"post","link":"https:\/\/www.europesays.com\/no\/106204\/","title":{"rendered":"Anette m\u00e5tte slutta med popul\u00e6r julestr\u00f8mpe \u2013 men ho ville ikkje slutta med \u00e5 gje noko tilbake til lokalsamfunnet &#8211; Strandbuen"},"content":{"rendered":"<ol>\n<li><a href=\"https:\/\/news.google.com\/rss\/articles\/CBMi5wFBVV95cUxOd01QWlRXS3lyMkNyUkE5QUs4bnI1QmhlbzNSS1BJY2g2aVVPczVmQWFlVk1KSFd6OFBacmxzalQtVzJubGRacWR5RTV2ZnFIQWFUdHpRTXRJeTFzZHY0VnBDblFRNXpWMGxkRXFsR3lUcFhtb3VZbHE0Q0VfX0IyU2JMQTY5TWJBbmdaeGJpYW9mZ1NBMFh4LW92alZIREE5a20xUm1JZWViS0pTU2h3YkR0TjM0T01yek1uOVBGelc5NGRURDQzczJUbkk3RExYMjZGOGRJZ1g4bmg0SDRfenR6aFBubFU?oc=5\" target=\"_blank\" rel=\"nofollow noopener\">Anette m\u00e5tte slutta med popul\u00e6r julestr\u00f8mpe \u2013 men ho ville ikkje slutta med \u00e5 gje noko tilbake til lokalsamfunnet<\/a>&nbsp;&nbsp;Strandbuen<\/li>\n<li><a href=\"https:\/\/news.google.com\/rss\/articles\/CBMihAFBVV95cUxPNUNNWU15Z19JTUdZRExBNUZSWFZnVEVnZTVYQjVxbmRRUm9HYXRNUHhacnVfWGpMME9YMExjU3NiUlE3cGpSdm9wZ01TSXJEOXRFUDZfdHpCUVN0OVl6OTlXX1FqVWE1b1B0TklLR1dxbUlBVlFpcVNucUZrTHlqQ1VwanU?oc=5\" target=\"_blank\" rel=\"nofollow noopener\">Havner i Stortinget: \u2013 Dusteforbud<\/a>&nbsp;&nbsp;TV2.no<\/li>\n<li><a href=\"https:\/\/news.google.com\/rss\/articles\/CBMijgFBVV95cUxNU2UyYzdjOC1FSGo3Q2FhcF8wOWlPOExvUXpmeE9BV1lXQmtXZE5QYmFqREFfdnZBc3Y0S0V0VW5BckxPWDdLblU2anlUdVZEVENaVldudWhRa0UtZTZZQWdQUkhZWVNPNEJKMk9yRDAzaVNwaFp6Ym01ek94V3JNcEh5S0pYeldyWTBiTzV3?oc=5\" target=\"_blank\" rel=\"nofollow noopener\">&#8211; Regjeringen stjeler pepperkaker fra barn<\/a>&nbsp;&nbsp;DinSide<\/li>\n<li><a href=\"https:\/\/news.google.com\/rss\/articles\/CBMimwFBVV95cUxQV2xDMjh3cXRsS0RUUWw1eXlMLXdnTGszZEhhbDZTemdiYkhicGdLc2d0Tk12dHZRSEw1UmZ1MmowSlJZU2xGc0tObEVXOGc4cWo3cElzai03Qk5xeVJ5RkFZbGd4NlY3RXVmdkJFZkFLZXlIWUNadXlOMmVpRXB5MzB0WXJEeFYtUzBtTjNHTDlsU0lTZVlUdTJkWQ?oc=5\" target=\"_blank\" rel=\"nofollow noopener\">Avlyste pepperkakeverksted p\u00e5 Tynset grunnet nye regler<\/a>&nbsp;&nbsp;NRK<\/li>\n<li><a href=\"https:\/\/news.google.com\/rss\/articles\/CBMiuAFBVV95cUxNTVVYeWtPeGdfY1loYlZjOHd3NnQyMEthTFUxTTBHanlSVmxrWndkRmZ4NDkzQWJONFNyRDVzU3Jzc0FEeHB3MGV6Vm5VSEtBX2hSQS0tOGMtMlJJNXBpNDk1RVRQUUEzOGhWMzBkSFc1cUFmdDItRHkxVHM2OXlaLV9KSG90SWFqanh4QUl5V3FjQ3VheEVMenp5V3lNWmswNzlGN203ZUpGSEg5LXVKU1FSZnI0eHFx?oc=5\" target=\"_blank\" rel=\"nofollow noopener\">F\u00e5r ikke arran\u00adgere sjoko\u00adlade\u00adverk\u00adsted for barn: &#8211; Jeg gr\u00e5ter over myndig\u00adhetene<\/a>&nbsp;&nbsp;nearadio.no<\/li>\n<\/ol>\n","protected":false},"excerpt":{"rendered":"Anette m\u00e5tte slutta med popul\u00e6r julestr\u00f8mpe \u2013 men ho ville ikkje slutta med \u00e5 gje noko tilbake til&hellip;\n","protected":false},"author":2,"featured_media":106205,"comment_status":"","ping_status":"","sticky":false,"template":"","format":"standard","meta":{"footnotes":""},"categories":[10],"tags":[20,21,24,25,15,22,23,13,30,28,29,14,16,26,27],"class_list":{"0":"post-106204","1":"post","2":"type-post","3":"status-publish","4":"format-standard","5":"has-post-thumbnail","7":"category-norge","8":"tag-breaking-news","9":"tag-breakingnews","10":"tag-featured-news","11":"tag-featurednews","12":"tag-headlines","13":"tag-latest-news","14":"tag-latestnews","15":"tag-news","16":"tag-no","17":"tag-norge","18":"tag-norway","19":"tag-nyheter","20":"tag-overskrifter","21":"tag-top-stories","22":"tag-topstories"},"share_on_mastodon":{"url":"https:\/\/pubeurope.com\/@no\/115675225304444578","error":""},"_links":{"self":[{"href":"https:\/\/www.europesays.com\/no\/wp-json\/wp\/v2\/posts\/106204","targetHints":{"allow":["GET"]}}],"collection":[{"href":"https:\/\/www.europesays.com\/no\/wp-json\/wp\/v2\/posts"}],"about":[{"href":"https:\/\/www.europesays.com\/no\/wp-json\/wp\/v2\/types\/post"}],"author":[{"embeddable":true,"href":"https:\/\/www.europesays.com\/no\/wp-json\/wp\/v2\/users\/2"}],"replies":[{"embeddable":true,"href":"https:\/\/www.europesays.com\/no\/wp-json\/wp\/v2\/comments?post=106204"}],"version-history":[{"count":0,"href":"https:\/\/www.europesays.com\/no\/wp-json\/wp\/v2\/posts\/106204\/revisions"}],"wp:featuredmedia":[{"embeddable":true,"href":"https:\/\/www.europesays.com\/no\/wp-json\/wp\/v2\/media\/106205"}],"wp:attachment":[{"href":"https:\/\/www.europesays.com\/no\/wp-json\/wp\/v2\/media?parent=106204"}],"wp:term":[{"taxonomy":"category","embeddable":true,"href":"https:\/\/www.europesays.com\/no\/wp-json\/wp\/v2\/categories?post=106204"},{"taxonomy":"post_tag","embeddable":true,"href":"https:\/\/www.europesays.com\/no\/wp-json\/wp\/v2\/tags?post=106204"}],"curies":[{"name":"wp","href":"https:\/\/api.w.org\/{rel}","templated":true}]}}