{"id":106208,"date":"2025-12-06T23:44:27","date_gmt":"2025-12-06T23:44:27","guid":{"rendered":"https:\/\/www.europesays.com\/no\/106208\/"},"modified":"2025-12-06T23:44:27","modified_gmt":"2025-12-06T23:44:27","slug":"debatt-fotball-stale-co-drar-til-et-land-som-ledes-av-en-mann-vi-ma-skane-barna-vare-mot","status":"publish","type":"post","link":"https:\/\/www.europesays.com\/no\/106208\/","title":{"rendered":"Debatt, Fotball | St\u00e5le &#038; Co drar til et land som ledes av en mann vi m\u00e5 sk\u00e5ne barna v\u00e5re mot"},"content":{"rendered":"\n<p>F\u00f8r VM-trekningen fredag kveld, mottok president Donald Trump fotballorganisasjonen FIFAs egen fredspris.<\/p>\n<p>Han har jo \u00f8nsket seg en slik, men ble \u00abforbig\u00e5tt\u00bb av Nobelkomiteen.<\/p>\n<p>Prisen gikk til en mann som har ansatt en krigsminister for \u00e5 drepe mennesker vi ikke egentlig helt vet om er narkosmuglere i b\u00e5ter. Som satte i gang stormingen i Washington da han ikke ble gjenvalgt, noe som kostet flere mennesker livet. Som viser vilje til \u00e5 kaste Ukraina (og dermed ogs\u00e5 Europa) under bussen i \u00abforhandlinger med russerne\u00bb.<\/p>\n<p>Og som i uka som gikk kalte andre menneskegrupper for s\u00f8ppel.<\/p>\n<p>Denne mannen \u00e6res n\u00e5 av det internasjonale fotballforbundet.<\/p>\n<p>Det er vanskelig \u00e5 tro p\u00e5 det man ser.<\/p>\n<p><b>Mange har fulgt spente med p\u00e5 VM-trekningen.<\/b><\/p>\n<p>For fotballinteresserte, og dem er det en god del av, er det selvsagt stort at Norge endelig er kvalifisert og skal til VM. Oppkj\u00f8ringen har v\u00e6rt av en slik karakter at det n\u00e5 til og med er ganske store forventninger til at dette skal komme til \u00e5 g\u00e5 bra.<\/p>\n<p>Her i Gr\u00f8nnegata koser vi oss over at bysbarnet St\u00e5le Solbakken har ledet troppene til VM, og skal lede dem gjennom det, forh\u00e5pentlig langt inn i mesterskapet. Den tid den glede.<\/p>\n<p><b>Men hele dette bakteppet med Trump og FIFA er til \u00e5 bli uvel av.<\/b><\/p>\n<p>Han snakker som en full rasist p\u00e5 bar, skrev <a href=\"https:\/\/www.aftenposten.no\/meninger\/leder\/i\/GxlzGJ\/soeppel-sa-trump-om-somalisk-kongressmedlem\" rel=\"Follow nofollow noopener\" target=\"_blank\">Aftenposten <\/a>p\u00e5 lederplass tidligere denne uka, og slo fast at akkurat n\u00e5r vi ikke trodde det var mulig, s\u00e5 n\u00e5r president Trump et nytt bunnpunkt.<\/p>\n<p>Bakgrunnen var uttalelsene om at amerikanere av somalisk herkomst er s\u00f8ppel som mennesker.<\/p>\n<p>N\u00e5 trapper den nybakte mottageren av FIFAs fredspris ytterligere opp den n\u00e5del\u00f8se jakten, arrestasjonene og sv\u00e6rt omdiskuterte interneringen av innvandrere de vil ha ut av landet.<\/p>\n<p>Det landet vi sender v\u00e5r VM-tropp til, er i bunn og grunn et land det blir stadig vanskeligere \u00e5 forsat\u00e5 seg p\u00e5 styresmaktene til, og som legger for dagen et sett \u00abverdier\u00bb det er veldig vanskelig \u00e5 forholde seg til uten \u00e5 f\u00e5 en uggen smak i munnen.<\/p>\n<p><b>Vi f\u00f8ler oss sikre p\u00e5 at St\u00e5le &amp; Co har sitt verdigrunnlag i orden n\u00e5r de reiser over til sommeren.<\/b><\/p>\n<p>Det blir alts\u00e5 Frankrike, Senegal samt vinneren av playoffgruppe nummer to som vi skal starte mot.<\/p>\n<p>St\u00e5le Solbakken, for anledningen i slips, kostet p\u00e5 seg et smil og en gest til en bekjent p\u00e5 benken foran under den direktesendte trekningen.<\/p>\n<p>Mange fulgte med. Mange av de som utgj\u00f8r bredden i norsk fotball fulgte med. Dette er de som til daglig st\u00e5r midt i de gode verdiene som fotball skal f\u00f8re med seg.<\/p>\n<p>Avstanden til FIFAs fl\u00f8rt med USAs autorit\u00e6re president er enorm.<\/p>\n<p>La oss holde p\u00e5 v\u00e5re gode verdier n\u00e5r vi reiser til et land som ledes av en president vi m\u00e5 sk\u00e5ne barna v\u00e5re for.<\/p>\n<p>  <a href=\"https:\/\/www.h-a.no\/5-139-1889554\" class=\"related-teaser has-image default-story-teaser article--c-eRUmMG article--c-eRUmMG-jKCPdD-design-default\" rel=\"nofollow noopener\" target=\"_blank\"><\/p>\n<p>    <img decoding=\"async\" loading=\"lazy\"  src=\"https:\/\/www.europesays.com\/no\/wp-content\/uploads\/2025\/12\/NTB_6QJqO7-MiYA.jpg\" alt=\"\" class=\"brick-c-cFOWSL\" style=\"\"\/><\/p>\n<p>\n            Les ogs\u00e5<\/p>\n<p>              Dette er Norges VM-motstandere: \u2013 Jeg frykter ingen\n        <\/p>\n<p>  <\/a><\/p>\n","protected":false},"excerpt":{"rendered":"F\u00f8r VM-trekningen fredag kveld, mottok president Donald Trump fotballorganisasjonen FIFAs egen fredspris. Han har jo \u00f8nsket seg en&hellip;\n","protected":false},"author":2,"featured_media":106209,"comment_status":"","ping_status":"","sticky":false,"template":"","format":"standard","meta":{"footnotes":""},"categories":[10],"tags":[36,20,21,37,24,25,2326,92,4472,15,22,23,13,30,28,29,14,1533,16,26,27],"class_list":{"0":"post-106208","1":"post","2":"type-post","3":"status-publish","4":"format-standard","5":"has-post-thumbnail","7":"category-norge","8":"tag-art","9":"tag-breaking-news","10":"tag-breakingnews","11":"tag-debatt","12":"tag-featured-news","13":"tag-featurednews","14":"tag-fifa","15":"tag-fotball","16":"tag-fotball-vm","17":"tag-headlines","18":"tag-latest-news","19":"tag-latestnews","20":"tag-news","21":"tag-no","22":"tag-norge","23":"tag-norway","24":"tag-nyheter","25":"tag-opinion","26":"tag-overskrifter","27":"tag-top-stories","28":"tag-topstories"},"share_on_mastodon":{"url":"https:\/\/pubeurope.com\/@no\/115675284474726472","error":""},"_links":{"self":[{"href":"https:\/\/www.europesays.com\/no\/wp-json\/wp\/v2\/posts\/106208","targetHints":{"allow":["GET"]}}],"collection":[{"href":"https:\/\/www.europesays.com\/no\/wp-json\/wp\/v2\/posts"}],"about":[{"href":"https:\/\/www.europesays.com\/no\/wp-json\/wp\/v2\/types\/post"}],"author":[{"embeddable":true,"href":"https:\/\/www.europesays.com\/no\/wp-json\/wp\/v2\/users\/2"}],"replies":[{"embeddable":true,"href":"https:\/\/www.europesays.com\/no\/wp-json\/wp\/v2\/comments?post=106208"}],"version-history":[{"count":0,"href":"https:\/\/www.europesays.com\/no\/wp-json\/wp\/v2\/posts\/106208\/revisions"}],"wp:featuredmedia":[{"embeddable":true,"href":"https:\/\/www.europesays.com\/no\/wp-json\/wp\/v2\/media\/106209"}],"wp:attachment":[{"href":"https:\/\/www.europesays.com\/no\/wp-json\/wp\/v2\/media?parent=106208"}],"wp:term":[{"taxonomy":"category","embeddable":true,"href":"https:\/\/www.europesays.com\/no\/wp-json\/wp\/v2\/categories?post=106208"},{"taxonomy":"post_tag","embeddable":true,"href":"https:\/\/www.europesays.com\/no\/wp-json\/wp\/v2\/tags?post=106208"}],"curies":[{"name":"wp","href":"https:\/\/api.w.org\/{rel}","templated":true}]}}