{"id":106210,"date":"2025-12-06T23:51:54","date_gmt":"2025-12-06T23:51:54","guid":{"rendered":"https:\/\/www.europesays.com\/no\/106210\/"},"modified":"2025-12-06T23:51:54","modified_gmt":"2025-12-06T23:51:54","slug":"forsvaret-haeren-far-19-milliarder-til-rakettartilleri-i-nord-noe-av-det-storste-i-historien-ifinnmark","status":"publish","type":"post","link":"https:\/\/www.europesays.com\/no\/106210\/","title":{"rendered":"Forsvaret, H\u00e6ren | F\u00e5r 19 milliarder til rakettartilleri i nord: \u2013 Noe av det st\u00f8rste i historien &#8211; iFinnmark"},"content":{"rendered":"<ol>\n<li><a href=\"https:\/\/news.google.com\/rss\/articles\/CBMitgFBVV95cUxOV05vNnlMOVNmeVF1eDVnZHlzZGtyd1ZzdXE2LVVEUUtHRVFRaU1qMFp6R3RYemRrTm9aR0lzT1p2QjVGYTE0clVfSVBIeUJRTXNnMExVU3dGQ2xxTE5MVlV1WFNid2JEZGxhZGxGaFRSUmtPVm52SkJNVlFSMXBHSFdfajFVZzFsc1NzRThXNHJCUW1KNmdwajRVdVA2UmNwZ2FRRFNwY2VyRGU0QlUxR1JINC1hQQ?oc=5\" target=\"_blank\" rel=\"nofollow noopener\">Forsvaret, H\u00e6ren | F\u00e5r 19 milliarder til rakettartilleri i nord: \u2013 Noe av det st\u00f8rste i historien<\/a>&nbsp;&nbsp;iFinnmark<\/li>\n<li><a href=\"https:\/\/news.google.com\/rss\/articles\/CBMivwFBVV95cUxPaTI3QmxmaXJHOWlvY0VTRVJtMTYzT0NMZnBoVUpvSncxMGNqWElmMTFtLXB1N3R3REFlZ1RLWFZGTEdtSGdhYXlwd000bkpoSFJGSWtUN0NPMWF4YU9JUDhVaE84WHQwSDQxekp1bXRVXzlsajVsUXl2czVrazhkSm92UUQyX0ZRYjVYdW1DSENzYnNPaHZSVEpCbDBCd0p2enI3NjdHNlI2M3lXd2w2WHhYanQwaUE1QWdoUlRMRQ?oc=5\" target=\"_blank\" rel=\"nofollow noopener\">Milliardkj\u00f8pet: KrF anklager regjeringen for Israel-allergi<\/a>&nbsp;&nbsp;VG<\/li>\n<li><a href=\"https:\/\/news.google.com\/rss\/articles\/CBMiogFBVV95cUxPOWljVkdiM1ZxTzZFWEhzb2NSTnBIeVptaUZidldBbXp2V2hBY3hOdzBjVDRudlFNejdYUVdNYzhKdEhGMzJERXZKZDVaTWpxdmVfNUtweVRYX1RnX1N1SU1Lc05WNkxSZ0czVkFOLVVST0FuOGRrRmVFTjZreGJ6cHM1Q0dzNzVmcU1SblFHVGxPY0RRRkRhS29fbmJDT2RYaEE?oc=5\" target=\"_blank\" rel=\"nofollow noopener\">V\u00e5penet som skal skremme Putin (+)<\/a>&nbsp;&nbsp;Dagens N\u00e6ringsliv<\/li>\n<li><a href=\"https:\/\/news.google.com\/rss\/articles\/CBMiqAFBVV95cUxQblo1ZExpNjF5cEN3X2JGZ041MjJFNFV4aV9ZUFRwYVFvSXlfaUZfOWpMamFzZDg4NkhFRWpncU5tUkxCVjBzazNySGlhOHViZ21rR1FUMEZkYmI2Tnk5V1FwRlBoS1pOTGM4UkxvUU9sejBsZGd3aUxJZEFFZTlCTEVqMUU4ckl4YXBIZ1Z6ZDI0WXJUWWN3M0hERmF1LXRjSW5CeUNBUjI?oc=5\" target=\"_blank\" rel=\"nofollow noopener\">Norges ub\u00e5tkj\u00f8p nesten like dyrt som kj\u00f8pet av F-35<\/a>&nbsp;&nbsp;aftenposten.no<\/li>\n<li><a href=\"https:\/\/news.google.com\/rss\/articles\/CBMi1wFBVV95cUxNSjNzMk15Y01McnNKVFdyTG5ka0w0SURjMlB1bktTNTlIMEhmUEZXOXd2ME9FZTliUkZzcVZzd2xsa2lMMnlxbWhieGF5QjVJZWQ5eGxDVmFfLWR2dW11MWNWVXZ1bHdBb00wQlBoWWtJSTRYRzFuR0YySlZBOGdqR09Rc3l6d2Z4YWpZaHZjUDhLZHlIX2ZYQUdXbHV6T0w5Wmc0X1BsTU1yVGxYZmJUMGQwcENtc0xMbnpienRpWU80ajllSmt6UXVUV0VmWnoyMXRwV1VoVQ?oc=5\" target=\"_blank\" rel=\"nofollow noopener\">Investerer 19 milliarder p\u00e5 Forsvaret: Kj\u00f8per langtrekkende artilleri og oppretter ny bataljon<\/a>&nbsp;&nbsp;NRK<\/li>\n<\/ol>\n","protected":false},"excerpt":{"rendered":"Forsvaret, H\u00e6ren | F\u00e5r 19 milliarder til rakettartilleri i nord: \u2013 Noe av det st\u00f8rste i historien&nbsp;&nbsp;iFinnmark Milliardkj\u00f8pet:&hellip;\n","protected":false},"author":2,"featured_media":106211,"comment_status":"","ping_status":"","sticky":false,"template":"","format":"standard","meta":{"footnotes":""},"categories":[10],"tags":[20,21,24,25,15,22,23,13,30,28,29,14,16,26,27],"class_list":{"0":"post-106210","1":"post","2":"type-post","3":"status-publish","4":"format-standard","5":"has-post-thumbnail","7":"category-norge","8":"tag-breaking-news","9":"tag-breakingnews","10":"tag-featured-news","11":"tag-featurednews","12":"tag-headlines","13":"tag-latest-news","14":"tag-latestnews","15":"tag-news","16":"tag-no","17":"tag-norge","18":"tag-norway","19":"tag-nyheter","20":"tag-overskrifter","21":"tag-top-stories","22":"tag-topstories"},"share_on_mastodon":{"url":"https:\/\/pubeurope.com\/@no\/115675315791272614","error":""},"_links":{"self":[{"href":"https:\/\/www.europesays.com\/no\/wp-json\/wp\/v2\/posts\/106210","targetHints":{"allow":["GET"]}}],"collection":[{"href":"https:\/\/www.europesays.com\/no\/wp-json\/wp\/v2\/posts"}],"about":[{"href":"https:\/\/www.europesays.com\/no\/wp-json\/wp\/v2\/types\/post"}],"author":[{"embeddable":true,"href":"https:\/\/www.europesays.com\/no\/wp-json\/wp\/v2\/users\/2"}],"replies":[{"embeddable":true,"href":"https:\/\/www.europesays.com\/no\/wp-json\/wp\/v2\/comments?post=106210"}],"version-history":[{"count":0,"href":"https:\/\/www.europesays.com\/no\/wp-json\/wp\/v2\/posts\/106210\/revisions"}],"wp:featuredmedia":[{"embeddable":true,"href":"https:\/\/www.europesays.com\/no\/wp-json\/wp\/v2\/media\/106211"}],"wp:attachment":[{"href":"https:\/\/www.europesays.com\/no\/wp-json\/wp\/v2\/media?parent=106210"}],"wp:term":[{"taxonomy":"category","embeddable":true,"href":"https:\/\/www.europesays.com\/no\/wp-json\/wp\/v2\/categories?post=106210"},{"taxonomy":"post_tag","embeddable":true,"href":"https:\/\/www.europesays.com\/no\/wp-json\/wp\/v2\/tags?post=106210"}],"curies":[{"name":"wp","href":"https:\/\/api.w.org\/{rel}","templated":true}]}}