{"id":106218,"date":"2025-12-07T00:20:11","date_gmt":"2025-12-07T00:20:11","guid":{"rendered":"https:\/\/www.europesays.com\/no\/106218\/"},"modified":"2025-12-07T00:20:11","modified_gmt":"2025-12-07T00:20:11","slug":"brudd-for-alix-earle-og-braxton-berrios","status":"publish","type":"post","link":"https:\/\/www.europesays.com\/no\/106218\/","title":{"rendered":"Brudd for Alix Earle og Braxton Berrios"},"content":{"rendered":"<p>Stjerneparet Alix Earle (24) og Braxton Barrios (30) har gjort det slutt, skriver medier medier som <a href=\"https:\/\/people.com\/alix-earle-braxton-berrios-break-up-after-2-years-of-dating-11802418\" target=\"_blank\" rel=\"nofollow noopener\">People<\/a>,<a href=\"https:\/\/www.eonline.com\/news\/1425915\/alix-earle-nfls-braxton-berrios-break-up-after-dwts\" target=\"_blank\" rel=\"nofollow noopener\"> E!News <\/a>og <a href=\"https:\/\/www.tmz.com\/2025\/12\/06\/alix-earle-braxton-berrios-split\/\" target=\"_blank\" rel=\"nofollow noopener\">TMZ<\/a>.\u00a0<\/p>\n<p>De siterer kilder som skal ha kjennskap til saken. If\u00f8lge dem skal paret ha blitt enige om \u00e5 g\u00e5 hver til sitt. Earle og Barrios har enn\u00e5 ikke kommentert saken selv.\u00a0<\/p>\n<p>Paret m\u00f8ttes i 2023, og har v\u00e6rt sammen i litt over to \u00e5r.\u00a0<\/p>\n<p>24-\u00e5ringen er en av verdens st\u00f8rste influensere, og har hele 8,1 millioner f\u00f8lgere p\u00e5 TikTok. Barrios er amerikansk fotballspiller i NFL.<\/p>\n<p>        <img class=\"image__img lazyload\" itemprop=\"image\" title=\"Foto: ADAM BETTCHER \/ AFP \/ NTB\" alt=\"NFL-STJERNE: Braxton Berrios spilte for det amerikanske laget Houston Texans. Foto: ADAM BETTCHER \/ AFP \/ NTB\" width=\"675\" height=\"432\" bad-src=\"https:\/\/www.europesays.com\/no\/wp-content\/uploads\/2025\/12\/18360230.webp\" fetchpriority=\"auto\" \/><\/p>\n<p>      NFL-STJERNE: Braxton Berrios spilte for det amerikanske laget Houston Texans.<br \/>\n         Foto: ADAM BETTCHER \/ AFP \/ NTB<\/p>\n<p>Nylig deltok Earle i den amerikanske utgaven av \u00abSkal vi danse\u00bb, hvor hun havnet p\u00e5 en andreplass.\u00a0<\/p>\n<p>Ryktene omnbrudd mellom stjerneparet begynte \u00e5 sirkulere under 24-\u00e5ringens deltakelse i danseprogrammet.\u00a0<\/p>\n<p>Paret har nemlig pleid \u00e5 dele hyppige oppdateringer om forholdet p\u00e5 sine sosiale medier-plattformer, men de siste ukene har det v\u00e6rt stille fra begge kanter.\u00a0<\/p>\n<p>Berrios var heller aldri \u00e5 se i salen mens kj\u00e6resten Earle svingte seg p\u00e5 parketten med proffdanseren Val Chmerkovskiy.\u00a0<\/p>\n","protected":false},"excerpt":{"rendered":"Stjerneparet Alix Earle (24) og Braxton Barrios (30) har gjort det slutt, skriver medier medier som People, E!News&hellip;\n","protected":false},"author":2,"featured_media":106219,"comment_status":"","ping_status":"","sticky":false,"template":"","format":"standard","meta":{"footnotes":""},"categories":[58],"tags":[71,30,28,29,72],"class_list":{"0":"post-106218","1":"post","2":"type-post","3":"status-publish","4":"format-standard","5":"has-post-thumbnail","7":"category-underholdning","8":"tag-entertainment","9":"tag-no","10":"tag-norge","11":"tag-norway","12":"tag-underholdning"},"share_on_mastodon":{"url":"https:\/\/pubeurope.com\/@no\/115675425865785077","error":""},"_links":{"self":[{"href":"https:\/\/www.europesays.com\/no\/wp-json\/wp\/v2\/posts\/106218","targetHints":{"allow":["GET"]}}],"collection":[{"href":"https:\/\/www.europesays.com\/no\/wp-json\/wp\/v2\/posts"}],"about":[{"href":"https:\/\/www.europesays.com\/no\/wp-json\/wp\/v2\/types\/post"}],"author":[{"embeddable":true,"href":"https:\/\/www.europesays.com\/no\/wp-json\/wp\/v2\/users\/2"}],"replies":[{"embeddable":true,"href":"https:\/\/www.europesays.com\/no\/wp-json\/wp\/v2\/comments?post=106218"}],"version-history":[{"count":0,"href":"https:\/\/www.europesays.com\/no\/wp-json\/wp\/v2\/posts\/106218\/revisions"}],"wp:featuredmedia":[{"embeddable":true,"href":"https:\/\/www.europesays.com\/no\/wp-json\/wp\/v2\/media\/106219"}],"wp:attachment":[{"href":"https:\/\/www.europesays.com\/no\/wp-json\/wp\/v2\/media?parent=106218"}],"wp:term":[{"taxonomy":"category","embeddable":true,"href":"https:\/\/www.europesays.com\/no\/wp-json\/wp\/v2\/categories?post=106218"},{"taxonomy":"post_tag","embeddable":true,"href":"https:\/\/www.europesays.com\/no\/wp-json\/wp\/v2\/tags?post=106218"}],"curies":[{"name":"wp","href":"https:\/\/api.w.org\/{rel}","templated":true}]}}