{"id":106220,"date":"2025-12-07T00:40:13","date_gmt":"2025-12-07T00:40:13","guid":{"rendered":"https:\/\/www.europesays.com\/no\/106220\/"},"modified":"2025-12-07T00:40:13","modified_gmt":"2025-12-07T00:40:13","slug":"forbruker-norgespris-na-er-det-nord-norge-som-har-den-dyreste-strommen","status":"publish","type":"post","link":"https:\/\/www.europesays.com\/no\/106220\/","title":{"rendered":"Forbruker, Norgespris | N\u00e5 er det Nord-Norge som har den dyreste str\u00f8mmen"},"content":{"rendered":"\n<p>(<b>Nettavisen<\/b>): Nord-Norge har hatt unormalt dyr str\u00f8m den siste tiden. Spesielt ille var det i noen dager i november, da svenske vannkraftverk satt produksjonen p\u00e5 pause for \u00e5 gj\u00f8re seg klar til vinteren.<\/p>\n<p>Les ogs\u00e5: <a class=\"simple-relation related-teaser article--c-eRUmMG article--c-eRUmMG-jKCPdD-design-default article--c-eRUmMG-iBPVJb-cv\" href=\"https:\/\/www.helg.no\/norgespris-var-lonnsomt-i-nesten-hele-norge-i-november\/s\/5-95-2756452\" rel=\"nofollow noopener\" target=\"_blank\">Norgespris var l\u00f8nnsomt i nesten hele Norge i november<\/a><\/p>\n<p>Men torsdag morgen skjedde det noe spesielt: Nord-Norge gikk forbi S\u00f8verst-Norge i pris, og endte opp med en h\u00f8yere gjennomsnittspris enn hele resten av landet.<\/p>\n<p><b>Prisene roet seg gjennom natten, men i morges skyter prisen igjen langt forbi prisene i s\u00f8r, og i en periode er prisene dobbelt s\u00e5 h\u00f8ye i nord.<\/b><\/p>\n<p>Fordi prisene synker kraftig utover kvelden, ender en opp med en n\u00e6r identisk gjennomsnittspris.<\/p>\n<p>PS! Siden Nord-Norge slipper moms, blir den reelle prisen der likevel lavere.<\/p>\n<p>Lite vind<\/p>\n<p>En viktig \u00e5rsak til de h\u00f8ye prisene i nord er en kombinasjon av relativt lave temperaturer, og veldig lite vind. I Nord-Sverige er det bygget sv\u00e6rt mye vindkraftproduksjon, men fredag er det n\u00e6r vindstille i store deler av Norden.<\/p>\n<p>\u2013 Dette kommer helt fra Baltikum via Finland og inn i Sverige. Det er enda dyrere str\u00f8m i Sverige enn i Nord-Norge. Det er veldig lite vind og man har st\u00f8rre behov i andre omr\u00e5der, noe som gj\u00f8r at prisene dras opp. Jeg regner med at det er mangelen p\u00e5 vind som er \u00e5rsaken, sier analysesjef Tor Reier Lilleholt i Volue til <a rel=\"Follow nofollow noopener\" href=\"https:\/\/www.vg.no\/nyheter\/i\/rrLgM8\/naa-er-stroemmen-dyr-i-nord-norge\" target=\"_blank\">VG<\/a>.<\/p>\n<p>   <img decoding=\"async\" width=\"862\" height=\"539\" fetchpriority=\"low\"  loading=\"lazy\"  src=\"https:\/\/www.europesays.com\/no\/wp-content\/uploads\/2025\/12\/1765068012_11_nve-uke48.jpg\" alt=\"\" class=\"brick-c-cFOWSL\" style=\"--brick-image-ratio: 862 \/ 539;\"\/><\/p>\n<p>      Det er ikke lenger rekordmye vann i kraftmagasinene i Nord-Norge. Det p\u00e5virker prisen.<\/p>\n<p>Samtidig sliter ikke vannkraftprodusentene i nord lenger med s\u00e5 mye vann i kraftmagasinene at det renner over. Tall fra NVE viser at de gjennom hele \u00e5ret har de satt rekorder i magasinfylling. Men n\u00e5 faller vannstanden.<\/p>\n<p>Dermed kan de ta seg bedre betalt i perioder med stor ettersp\u00f8rsel.<\/p>\n<p>Vi importerer fra England<\/p>\n<p>P\u00e5 toppen av det hele er det mildt i s\u00f8rlige deler av Norge, samtidig som mye vind rundt de britiske \u00f8yer f\u00f8rer til str\u00f8mimport fra England i perioder.<\/p>\n<p>   <img decoding=\"async\" width=\"862\" height=\"416\" fetchpriority=\"low\"  loading=\"lazy\"  src=\"https:\/\/www.europesays.com\/no\/wp-content\/uploads\/2025\/12\/1765068013_601_nsl-fredag.jpg\" alt=\"\" class=\"brick-c-cFOWSL\" style=\"--brick-image-ratio: 862 \/ 416;\"\/><\/p>\n<p>      Fredagens flyt av str\u00f8m gjennom str\u00f8mkabelen til England. Negative tall betyr at det importeres str\u00f8m.<\/p>\n<p>Der gj\u00f8r at det legges mindre press p\u00e5 norske vannkraftprodusenter.<\/p>\n","protected":false},"excerpt":{"rendered":"(Nettavisen): Nord-Norge har hatt unormalt dyr str\u00f8m den siste tiden. Spesielt ille var det i noen dager i&hellip;\n","protected":false},"author":2,"featured_media":102319,"comment_status":"","ping_status":"","sticky":false,"template":"","format":"standard","meta":{"footnotes":""},"categories":[10],"tags":[36,20,21,24,25,823,15,22,23,13,30,28,3333,29,14,16,1510,243,26,27],"class_list":{"0":"post-106220","1":"post","2":"type-post","3":"status-publish","4":"format-standard","5":"has-post-thumbnail","7":"category-norge","8":"tag-art","9":"tag-breaking-news","10":"tag-breakingnews","11":"tag-featured-news","12":"tag-featurednews","13":"tag-forbruker","14":"tag-headlines","15":"tag-latest-news","16":"tag-latestnews","17":"tag-news","18":"tag-no","19":"tag-norge","20":"tag-norgespris","21":"tag-norway","22":"tag-nyheter","23":"tag-overskrifter","24":"tag-story","25":"tag-strom","26":"tag-top-stories","27":"tag-topstories"},"share_on_mastodon":{"url":"https:\/\/pubeurope.com\/@no\/115675504693014286","error":""},"_links":{"self":[{"href":"https:\/\/www.europesays.com\/no\/wp-json\/wp\/v2\/posts\/106220","targetHints":{"allow":["GET"]}}],"collection":[{"href":"https:\/\/www.europesays.com\/no\/wp-json\/wp\/v2\/posts"}],"about":[{"href":"https:\/\/www.europesays.com\/no\/wp-json\/wp\/v2\/types\/post"}],"author":[{"embeddable":true,"href":"https:\/\/www.europesays.com\/no\/wp-json\/wp\/v2\/users\/2"}],"replies":[{"embeddable":true,"href":"https:\/\/www.europesays.com\/no\/wp-json\/wp\/v2\/comments?post=106220"}],"version-history":[{"count":0,"href":"https:\/\/www.europesays.com\/no\/wp-json\/wp\/v2\/posts\/106220\/revisions"}],"wp:featuredmedia":[{"embeddable":true,"href":"https:\/\/www.europesays.com\/no\/wp-json\/wp\/v2\/media\/102319"}],"wp:attachment":[{"href":"https:\/\/www.europesays.com\/no\/wp-json\/wp\/v2\/media?parent=106220"}],"wp:term":[{"taxonomy":"category","embeddable":true,"href":"https:\/\/www.europesays.com\/no\/wp-json\/wp\/v2\/categories?post=106220"},{"taxonomy":"post_tag","embeddable":true,"href":"https:\/\/www.europesays.com\/no\/wp-json\/wp\/v2\/tags?post=106220"}],"curies":[{"name":"wp","href":"https:\/\/api.w.org\/{rel}","templated":true}]}}