{"id":106225,"date":"2025-12-07T01:03:09","date_gmt":"2025-12-07T01:03:09","guid":{"rendered":"https:\/\/www.europesays.com\/no\/106225\/"},"modified":"2025-12-07T01:03:09","modified_gmt":"2025-12-07T01:03:09","slug":"tenaring-malt-til-170-kilometer-i-timen-mistet-lappen-pa-flekken","status":"publish","type":"post","link":"https:\/\/www.europesays.com\/no\/106225\/","title":{"rendered":"Ten\u00e5ring m\u00e5lt til 170 kilometer i timen \u2013 mistet lappen p\u00e5 flekken"},"content":{"rendered":"\n<p class=\"_lead_o9xde_2 _lead_xtcu6_50 layout-component text-serif-m layout-normal text-serif-l layout-component layout-wide layout-padded _wide_17hqh_1 layout-padded\">En ten\u00e5ring er fratatt lappen etter \u00e5 ha kj\u00f8rt en bil som ble m\u00e5lt til 170 kilometer i timen p\u00e5 Sola. Passasjeren m\u00e5tte overta kj\u00f8ringen.<\/p>\n<ul aria-hidden=\"true\" class=\"_images_ntbth_112\">\n<li><a class=\"_link_ntbth_117\" href=\"https:\/\/www.vg.no\/forfatter\/ntb\" style=\"z-index:1\" title=\"NTB\" rel=\"nofollow noopener\" target=\"_blank\"><img alt=\"Bilde av NTB\" class=\"_image_ntbth_93\" fetchpriority=\"low\" loading=\"lazy\" decoding=\"async\" itemprop=\"image\"  src=\"https:\/\/www.europesays.com\/no\/wp-content\/uploads\/2025\/12\/1765069389_133_c33980b0-5d07-4027-84a1-813f90a7c8d6\"  width=\"480\"\/><\/a><\/li>\n<\/ul>\n<p> Oppdatert s\u00f8ndag 7. desember kl. 01:38     <\/p>\n<p class=\"_paragraph_o9xde_4 _paragraph_xtcu6_10 layout-component text-serif-m layout-normal text-serif-m layout-padded\">M\u00e5lingen ble foretatt av en patrulje fra Utrykningspolitiet p\u00e5 E39 Motorveien. Bilen ble stanset ved avkj\u00f8ringen til Solasplitten klokken 22.52 l\u00f8rdag kveld.<\/p>\n<p class=\"_paragraph_o9xde_4 _paragraph_xtcu6_10 layout-component text-serif-m layout-normal text-serif-m layout-padded\">\u2013 F\u00f8reren, en ungdom i ten\u00e5rene, blir anmeldt for forholdet og er fratatt sitt f\u00f8rerkort, skriver operasjonsleder Dag Steinkopf i S\u00f8rvest politidistrikt p\u00e5 politiloggen.<\/p>\n<p class=\"_paragraph_o9xde_4 _paragraph_xtcu6_10 layout-component text-serif-m layout-normal text-serif-m layout-padded\">Passasjeren i bilen overtok kj\u00f8ringen videre, legger Steinkopf til.<\/p>\n","protected":false},"excerpt":{"rendered":"En ten\u00e5ring er fratatt lappen etter \u00e5 ha kj\u00f8rt en bil som ble m\u00e5lt til 170 kilometer i&hellip;\n","protected":false},"author":2,"featured_media":106226,"comment_status":"","ping_status":"","sticky":false,"template":"","format":"standard","meta":{"footnotes":""},"categories":[5],"tags":[20,21,2298,24,25,15,19,22,23,17,18,13,30,28,29,14,16,501,26,27,391],"class_list":{"0":"post-106225","1":"post","2":"type-post","3":"status-publish","4":"format-standard","5":"has-post-thumbnail","7":"category-overskrifter","8":"tag-breaking-news","9":"tag-breakingnews","10":"tag-e39","11":"tag-featured-news","12":"tag-featurednews","13":"tag-headlines","14":"tag-hovedoppslag","15":"tag-latest-news","16":"tag-latestnews","17":"tag-main-news","18":"tag-mainnews","19":"tag-news","20":"tag-no","21":"tag-norge","22":"tag-norway","23":"tag-nyheter","24":"tag-overskrifter","25":"tag-sola","26":"tag-top-stories","27":"tag-topstories","28":"tag-utrykningspolitiet"},"share_on_mastodon":{"url":"https:\/\/pubeurope.com\/@no\/115675595123193971","error":""},"_links":{"self":[{"href":"https:\/\/www.europesays.com\/no\/wp-json\/wp\/v2\/posts\/106225","targetHints":{"allow":["GET"]}}],"collection":[{"href":"https:\/\/www.europesays.com\/no\/wp-json\/wp\/v2\/posts"}],"about":[{"href":"https:\/\/www.europesays.com\/no\/wp-json\/wp\/v2\/types\/post"}],"author":[{"embeddable":true,"href":"https:\/\/www.europesays.com\/no\/wp-json\/wp\/v2\/users\/2"}],"replies":[{"embeddable":true,"href":"https:\/\/www.europesays.com\/no\/wp-json\/wp\/v2\/comments?post=106225"}],"version-history":[{"count":0,"href":"https:\/\/www.europesays.com\/no\/wp-json\/wp\/v2\/posts\/106225\/revisions"}],"wp:featuredmedia":[{"embeddable":true,"href":"https:\/\/www.europesays.com\/no\/wp-json\/wp\/v2\/media\/106226"}],"wp:attachment":[{"href":"https:\/\/www.europesays.com\/no\/wp-json\/wp\/v2\/media?parent=106225"}],"wp:term":[{"taxonomy":"category","embeddable":true,"href":"https:\/\/www.europesays.com\/no\/wp-json\/wp\/v2\/categories?post=106225"},{"taxonomy":"post_tag","embeddable":true,"href":"https:\/\/www.europesays.com\/no\/wp-json\/wp\/v2\/tags?post=106225"}],"curies":[{"name":"wp","href":"https:\/\/api.w.org\/{rel}","templated":true}]}}