{"id":106228,"date":"2025-12-07T01:08:13","date_gmt":"2025-12-07T01:08:13","guid":{"rendered":"https:\/\/www.europesays.com\/no\/106228\/"},"modified":"2025-12-07T01:08:13","modified_gmt":"2025-12-07T01:08:13","slug":"ronny-brede-aase-apner-opp","status":"publish","type":"post","link":"https:\/\/www.europesays.com\/no\/106228\/","title":{"rendered":"Ronny Brede Aase \u00e5pner opp:"},"content":{"rendered":"<p class=\"kicker \" style=\"\">Ronny Brede Aase<\/p>\n<p>  F\u00f8rjulsmiddagen ble en tankevekker for Ronny.<\/p>\n<p>\n    ENKELT: Ronny Brede Aase har innsett at det beste i livet er noe meget enkelt. FOTO: NTB\n  <\/p>\n<p>For mange av oss blir ikke desember det samme uten \u00e5 starte dagen med NRK-podkasten<a href=\"https:\/\/radio.nrk.no\/podkast\/julestemning\" rel=\"nofollow noopener\" target=\"_blank\"> \u00abJulestemning med Live og Ronny\u00bb.<\/a><\/p>\n<p>Podkasten der de loser oss gjennom dagene f\u00f8r jul og pr\u00f8ver \u00e5 finne en koselomme i en stressende tid.<\/p>\n<p>    <a itemprop=\"url\" href=\"https:\/\/www.kk.no\/underholdning\/ny-jobb-flau-og-redd\/83942818\" rel=\"nofollow noopener\" target=\"_blank\"><\/p>\n<p>      <img loading=\"lazy\" decoding=\"async\" src=\"https:\/\/www.europesays.com\/no\/wp-content\/uploads\/2025\/12\/1765069690_209_83942970.webp\" width=\"980\" height=\"441\" title=\"Ny jobb: - Flau og redd\" alt=\"\" class=\"lazyload\" style=\"--aspect-ratio-image: 2.22; \"\/><\/p>\n<p>        Ny jobb: &#8211; Flau og redd<\/p>\n<p>    <\/a><\/p>\n<p>Tankevekker\t<\/p>\n<p>Mange kjenner Ronny Brede Aase som den blide radiopersonligheten fra F\u00f8rde. Han var blant annet i en lengre periode programleder for P3morgen p\u00e5 NRK P3, og har v\u00e6rt med p\u00e5 \u00e5 lage dokumentarserien Eit feitt liv.<\/p>\n<p>N\u00e5 som desember er i gang, f\u00e5r vi ogs\u00e5 h\u00f8re ham snakke hver dag p\u00e5 nrk-radio sammen med Live Nelvik. I en av de nyere episodene \u00e5pnet han opp om noe han den siste tiden har tenkt mye p\u00e5.<\/p>\n<p>\u2013 Vi var p\u00e5 middag hos naboene v\u00e5re, som hvert \u00e5r inviterer oss. I fjor var vi ikke der fordi vi hadde omgangssyke. \u00c5ret f\u00f8r var vi der, men da var min kone gravid og full av kreft \u2013 det var mildt sagt unntakstilstand i livet, <a href=\"https:\/\/radio.nrk.no\/podkast\/julestemning\" rel=\"nofollow noopener\" target=\"_blank\">forklarer han i podkasten.<\/a><\/p>\n<p>Etter \u00e5 ha opplevd f\u00f8rjulstider utenom det vanlige, fikk det ham til \u00e5 tenke over \u2013 og sette ekstra pris p\u00e5 \u2013 det vanlige.<\/p>\n<p>\u2013 Jeg tror ikke jeg har skj\u00f8nt tidligere hvor digg det vanlige er. Vi skal ha en helt vanlig f\u00f8rjulstid og en ordin\u00e6r desember.\u00a0<\/p>\n<p> \u2013 Etter \u00e5 ha v\u00e6rt igjennom en t\u00f8rketrommel er det en ordentlig lykkef\u00f8lelse at livet er ordin\u00e6rt \u2013 fader, s\u00e5 digg, <a href=\"https:\/\/radio.nrk.no\/podkast\/julestemning\" rel=\"nofollow noopener\" target=\"_blank\">sier han i episoden.\u00a0<\/a><\/p>\n<p>    <a itemprop=\"url\" href=\"https:\/\/www.kk.no\/livet\/ble-brudd-pa-bursdagen-1\/83938324\" rel=\"nofollow noopener\" target=\"_blank\"><\/p>\n<p>      <img loading=\"lazy\" decoding=\"async\" src=\"https:\/\/www.europesays.com\/no\/wp-content\/uploads\/2025\/12\/83938394.webp\" width=\"980\" height=\"441\" title=\"Ble brudd p\u00e5 bursdagen\" alt=\"\" class=\"lazyload\" style=\"--aspect-ratio-image: 2.22; \"\/><\/p>\n<p>        Ble brudd p\u00e5 bursdagen<\/p>\n<p>    <\/a><\/p>\n<p>Nytt kapittel\t<\/p>\n<p>Det er heller ikke altfor lenge siden Ronny og hans kone, Tuva Fellman, kj\u00f8pte hotell i Hellas.<\/p>\n<p>\u2013 Etter nokre \u00e5r med sjukdom og kaos har vi f\u00e5tt kjenne p\u00e5 kva som f\u00f8lest farleg, og kva som berre er spennande og utfordrande. Derfor har vi skrapt saman alle pengane v\u00e5re, tatt opp ekstra l\u00e5n p\u00e5 huset og reist Hellas rundt p\u00e5 jakt etter eit koseleg, lite hotell. Vi vil starte v\u00e5r eigen \u00abbed &amp; breakfast\u00bb!<\/p>\n<p>    <a itemprop=\"url\" href=\"https:\/\/www.kk.no\/samliv\/da-jeg-skilte-meg-og-ble-sammen-med-en-ny-trodde-jeg-det-skulle-bli-lett\/77021636\" rel=\"nofollow noopener\" target=\"_blank\"><\/p>\n<p>      <img loading=\"lazy\" decoding=\"async\" src=\"https:\/\/www.europesays.com\/no\/wp-content\/uploads\/2025\/12\/1765069693_590_82951790.webp\" width=\"980\" height=\"441\" title=\"- Limet i det f\u00f8rste ekteskapet, blir ofte et problem i det andre\" alt=\"\" class=\"lazyload\" style=\"--aspect-ratio-image: 2.22; \"\/><\/p>\n<p>        &#8211; Limet i det f\u00f8rste ekteskapet, blir ofte et problem i det andre<\/p>\n<p>    <\/a><\/p>\n<p>\u2013 For det har vi dr\u00f8mt om sidan v\u00e5r f\u00f8rste kj\u00e6restetur til Hellas i 2013! Vi har planlagt menyen, kva \u00f8l vi skal ha p\u00e5 tapp, og kva farge det skal vere p\u00e5 handklea. Og no vil vi gjere draumen til verkelegheit. For kor gale kan det g\u00e5?<\/p>\n<p>Det delte Ronny med sine Instagram-f\u00f8lgere i starten av september.<\/p>\n","protected":false},"excerpt":{"rendered":"Ronny Brede Aase F\u00f8rjulsmiddagen ble en tankevekker for Ronny. ENKELT: Ronny Brede Aase har innsett at det beste&hellip;\n","protected":false},"author":2,"featured_media":106229,"comment_status":"","ping_status":"","sticky":false,"template":"","format":"standard","meta":{"footnotes":""},"categories":[12],"tags":[5722,20,21,6645,24,25,13278,15,12267,22,23,13275,4016,13,30,28,29,787,14,16,13277,26,27,9295,42,13276,43,44,45],"class_list":{"0":"post-106228","1":"post","2":"type-post","3":"status-publish","4":"format-standard","5":"has-post-thumbnail","7":"category-verden","8":"tag-advent","9":"tag-breaking-news","10":"tag-breakingnews","11":"tag-desember","12":"tag-featured-news","13":"tag-featurednews","14":"tag-forjul","15":"tag-headlines","16":"tag-julestemning","17":"tag-latest-news","18":"tag-latestnews","19":"tag-live-nelvik","20":"tag-livet","21":"tag-news","22":"tag-no","23":"tag-norge","24":"tag-norway","25":"tag-nrk","26":"tag-nyheter","27":"tag-overskrifter","28":"tag-ronny-brede-aase","29":"tag-top-stories","30":"tag-topstories","31":"tag-vanlig","32":"tag-verden","33":"tag-verdsette","34":"tag-world","35":"tag-world-news","36":"tag-worldnews"},"share_on_mastodon":{"url":"https:\/\/pubeurope.com\/@no\/115675614885470489","error":""},"_links":{"self":[{"href":"https:\/\/www.europesays.com\/no\/wp-json\/wp\/v2\/posts\/106228","targetHints":{"allow":["GET"]}}],"collection":[{"href":"https:\/\/www.europesays.com\/no\/wp-json\/wp\/v2\/posts"}],"about":[{"href":"https:\/\/www.europesays.com\/no\/wp-json\/wp\/v2\/types\/post"}],"author":[{"embeddable":true,"href":"https:\/\/www.europesays.com\/no\/wp-json\/wp\/v2\/users\/2"}],"replies":[{"embeddable":true,"href":"https:\/\/www.europesays.com\/no\/wp-json\/wp\/v2\/comments?post=106228"}],"version-history":[{"count":0,"href":"https:\/\/www.europesays.com\/no\/wp-json\/wp\/v2\/posts\/106228\/revisions"}],"wp:featuredmedia":[{"embeddable":true,"href":"https:\/\/www.europesays.com\/no\/wp-json\/wp\/v2\/media\/106229"}],"wp:attachment":[{"href":"https:\/\/www.europesays.com\/no\/wp-json\/wp\/v2\/media?parent=106228"}],"wp:term":[{"taxonomy":"category","embeddable":true,"href":"https:\/\/www.europesays.com\/no\/wp-json\/wp\/v2\/categories?post=106228"},{"taxonomy":"post_tag","embeddable":true,"href":"https:\/\/www.europesays.com\/no\/wp-json\/wp\/v2\/tags?post=106228"}],"curies":[{"name":"wp","href":"https:\/\/api.w.org\/{rel}","templated":true}]}}