{"id":106230,"date":"2025-12-07T01:19:09","date_gmt":"2025-12-07T01:19:09","guid":{"rendered":"https:\/\/www.europesays.com\/no\/106230\/"},"modified":"2025-12-07T01:19:09","modified_gmt":"2025-12-07T01:19:09","slug":"iran-arresterer-arrangorer-etter-hijab-brudd-under-maraton","status":"publish","type":"post","link":"https:\/\/www.europesays.com\/no\/106230\/","title":{"rendered":"Iran arresterer arrang\u00f8rer etter \u00abhijab-brudd\u00bb under maraton"},"content":{"rendered":"\n<p class=\"_lead_o9xde_2 _lead_xtcu6_50 layout-component text-serif-m layout-normal text-serif-l layout-component layout-wide layout-padded _wide_17hqh_1 layout-padded\">Iranske myndigheter har arrestert to arrang\u00f8rer av et maratonl\u00f8p etter at kvinner deltok uten \u00e5 b\u00e6re hijab.<\/p>\n<p><img alt=\"L\u00f8pere p\u00e5 start til Shanghai maraton 30. november - et l\u00f8p hvor b\u00e5de kvinner og menn l\u00f8per sammen, og hvor kvinner ikke m\u00e5 b\u00e6re hijab - til forskjell fra l\u00f8pet i Iran.  Foto: ALEX PLAVEVSKI \/ EPA \/ NTB\" class=\"_image_qp4xg_65 layout-component layout-wide\" data-fullscreen- data-track-element-type=\"Article image fullscreen\" data-track-name=\"ImageFullscreen\" fetchpriority=\"high\" decoding=\"sync\" loading=\"eager\" height=\"4000\" itemprop=\"image\"  src=\"https:\/\/www.europesays.com\/no\/wp-content\/uploads\/2025\/12\/d01e8e18-291e-4239-b6e2-47ebe7976da6\"  style=\"object-position:0% 0%\" width=\"6000\"\/>L\u00f8pere p\u00e5 start til Shanghai maraton 30. november &#8211; et l\u00f8p hvor b\u00e5de kvinner og menn l\u00f8per sammen, og hvor kvinner ikke m\u00e5 b\u00e6re hijab &#8211; til forskjell fra l\u00f8pet i Iran.  Foto: ALEX PLAVEVSKI \/ EPA \/ NTB<\/p>\n<ul aria-hidden=\"true\" class=\"_images_ntbth_112\">\n<li><a class=\"_link_ntbth_117\" href=\"https:\/\/www.vg.no\/forfatter\/sindre-espe\" style=\"z-index:1\" title=\"Sindre Espe\" rel=\"nofollow noopener\" target=\"_blank\"><img alt=\"Bilde av Sindre Espe\" class=\"_image_ntbth_93\" fetchpriority=\"low\" loading=\"lazy\" decoding=\"async\" itemprop=\"image\"  src=\"https:\/\/www.europesays.com\/no\/wp-content\/uploads\/2025\/12\/1765070349_156_5d41d29b-af5f-421d-80e6-42e6d80fe76e\"  width=\"480\"\/><\/a><\/li>\n<\/ul>\n<p> Oppdatert s\u00f8ndag 7. desember kl. 01:51     <\/p>\n<p class=\"_paragraph_o9xde_4 _paragraph_xtcu6_10 layout-component text-serif-m layout-normal text-serif-m layout-padded\">L\u00f8pet fant sted fredag p\u00e5 Kish-\u00f8ya utenfor <a href=\"https:\/\/www.vg.no\/tag\/iran?utm_source=vg-article&amp;utm_medium=auto-tagger&amp;utm_campaign=aJ2J55\" class=\"_link_o9xde_39\" rel=\"nofollow noopener\" target=\"_blank\">Irans<\/a> s\u00f8rlige kyst. Totalt 2000 kvinner og 3000 menn deltok i separate l\u00f8p, melder\u00a0<a href=\"https:\/\/www.bbc.com\/news\/articles\/c3e0z97qn3eo\" class=\"_link_o9xde_39\" rel=\"nofollow noopener\" target=\"_blank\">BBC<\/a>.<\/p>\n<p class=\"_paragraph_o9xde_4 _paragraph_xtcu6_10 layout-component text-serif-m layout-normal text-serif-m layout-padded\">Bildene som dukket opp p\u00e5 nettet viste kvinnelige deltakere i r\u00f8de t-skjorter, der flere tydelig ikke hadde p\u00e5 seg hijab eller andre hodeplagget.<\/p>\n<p class=\"_root_1xq52_1\" lang=\"en\" dir=\"auto\">Iran\u2019s Athletics Federation tried to stop the marathon because women refused to wear hijab, and failed.<br \/>\n5,000 runners on Kish Island said \u201cNo\u201d to forced veiling.<br \/>\nTo Western media: this isn\u2019t reform.<br \/>\nKhamenei just ordered a harsher crackdown, yet women keep resisting.<br \/>\nAs one woman<\/p>\n<p class=\"_paragraph_o9xde_4 _paragraph_xtcu6_10 layout-component text-serif-m layout-normal text-serif-m layout-padded\">Reaksjonene har v\u00e6rt delte. Mange som st\u00f8tter endringer i Iran, jublet over bildene som bevis p\u00e5 at iranske kvinner avviser myndighetenes p\u00e5kledningsregler. <\/p>\n<p class=\"_paragraph_o9xde_4 _paragraph_xtcu6_10 layout-component text-serif-m layout-normal text-serif-m layout-padded\">Iranske tjenestemenn s\u00e5 det derimot ikke slik.<\/p>\n<p class=\"_paragraph_o9xde_4 _paragraph_xtcu6_10 layout-component text-serif-m layout-normal text-serif-m layout-padded\">P\u00e5talemyndigheten p\u00e5 Kish sier at m\u00e5ten l\u00f8pet ble gjennomf\u00f8rt p\u00e5 var en \u00abkrenkelse av offentlig anstendighet\u00bb.<\/p>\n<p class=\"_paragraph_o9xde_4 _paragraph_xtcu6_10 layout-component text-serif-m layout-normal text-serif-m layout-padded\">Hijab-sp\u00f8rsm\u00e5let st\u00e5r sentralt i debatten om Irans fremtid. Myndighetenes h\u00e5ndtering av kvinner som viser seg offentlig uten hodeplagg varierer \u2013 noen ganger tillates l\u00f8sere regler, andre ganger sl\u00e5s det hardt ned.<\/p>\n<p class=\"_paragraph_o9xde_4 _paragraph_xtcu6_10 layout-component text-serif-m layout-normal text-serif-m layout-padded\">Massedemonstrasjoner rystet Iran i m\u00e5neder for tre \u00e5r siden etter at den unge kurdisk-iranske kvinnen <a href=\"https:\/\/www.vg.no\/nyheter\/i\/8JBG8d\/mahsa-amini-22-doede-i-moralpolitiets-kloer\" data-track-element-type=\"Link\" data-track-id=\"link:8JBG8d\" class=\"_link_o9xde_39\" rel=\"nofollow noopener\" target=\"_blank\">Mahsa Amini d\u00f8de i varetekt<\/a>. Hun var p\u00e5grepet for p\u00e5st\u00e5tt brudd p\u00e5 p\u00e5kledningsreglene.<\/p>\n<p class=\"_paragraph_o9xde_4 _paragraph_xtcu6_10 layout-component text-serif-m layout-normal text-serif-m layout-padded\">Siden protestene ble sl\u00e5tt ned med makt og massearrestasjoner, har mange iranske kvinner fortsatt \u00e5 trosse reglene.<\/p>\n<p class=\"_paragraph_o9xde_4 _paragraph_xtcu6_10 layout-component text-serif-m layout-normal text-serif-m layout-padded\">Nylig har myndighetene svart med nye tiltak. Justisministeren har advart om en fornyet kampanje mot kvinner som ikke b\u00e6rer hijab offentlig.<\/p>\n","protected":false},"excerpt":{"rendered":"Iranske myndigheter har arrestert to arrang\u00f8rer av et maratonl\u00f8p etter at kvinner deltok uten \u00e5 b\u00e6re hijab. L\u00f8pere&hellip;\n","protected":false},"author":2,"featured_media":106231,"comment_status":"","ping_status":"","sticky":false,"template":"","format":"standard","meta":{"footnotes":""},"categories":[12],"tags":[20,21,24,25,15,11680,13279,3228,22,23,727,726,13,30,28,29,14,16,26,27,42,46,43,44,45],"class_list":{"0":"post-106230","1":"post","2":"type-post","3":"status-publish","4":"format-standard","5":"has-post-thumbnail","7":"category-verden","8":"tag-breaking-news","9":"tag-breakingnews","10":"tag-featured-news","11":"tag-featurednews","12":"tag-headlines","13":"tag-hijab","14":"tag-hodeplagg","15":"tag-iran","16":"tag-latest-news","17":"tag-latestnews","18":"tag-loping","19":"tag-maraton","20":"tag-news","21":"tag-no","22":"tag-norge","23":"tag-norway","24":"tag-nyheter","25":"tag-overskrifter","26":"tag-top-stories","27":"tag-topstories","28":"tag-verden","29":"tag-vgai","30":"tag-world","31":"tag-world-news","32":"tag-worldnews"},"share_on_mastodon":{"url":"https:\/\/pubeurope.com\/@no\/115675658240330203","error":""},"_links":{"self":[{"href":"https:\/\/www.europesays.com\/no\/wp-json\/wp\/v2\/posts\/106230","targetHints":{"allow":["GET"]}}],"collection":[{"href":"https:\/\/www.europesays.com\/no\/wp-json\/wp\/v2\/posts"}],"about":[{"href":"https:\/\/www.europesays.com\/no\/wp-json\/wp\/v2\/types\/post"}],"author":[{"embeddable":true,"href":"https:\/\/www.europesays.com\/no\/wp-json\/wp\/v2\/users\/2"}],"replies":[{"embeddable":true,"href":"https:\/\/www.europesays.com\/no\/wp-json\/wp\/v2\/comments?post=106230"}],"version-history":[{"count":0,"href":"https:\/\/www.europesays.com\/no\/wp-json\/wp\/v2\/posts\/106230\/revisions"}],"wp:featuredmedia":[{"embeddable":true,"href":"https:\/\/www.europesays.com\/no\/wp-json\/wp\/v2\/media\/106231"}],"wp:attachment":[{"href":"https:\/\/www.europesays.com\/no\/wp-json\/wp\/v2\/media?parent=106230"}],"wp:term":[{"taxonomy":"category","embeddable":true,"href":"https:\/\/www.europesays.com\/no\/wp-json\/wp\/v2\/categories?post=106230"},{"taxonomy":"post_tag","embeddable":true,"href":"https:\/\/www.europesays.com\/no\/wp-json\/wp\/v2\/tags?post=106230"}],"curies":[{"name":"wp","href":"https:\/\/api.w.org\/{rel}","templated":true}]}}