{"id":106235,"date":"2025-12-07T01:33:54","date_gmt":"2025-12-07T01:33:54","guid":{"rendered":"https:\/\/www.europesays.com\/no\/106235\/"},"modified":"2025-12-07T01:33:54","modified_gmt":"2025-12-07T01:33:54","slug":"flommen-i-texas-nodsamtalene-er-frigitt","status":"publish","type":"post","link":"https:\/\/www.europesays.com\/no\/106235\/","title":{"rendered":"Flommen i Texas: N\u00f8dsamtalene er frigitt"},"content":{"rendered":"\n<p class=\"_lead_o9xde_2 _lead_xtcu6_50 layout-component text-serif-m layout-normal text-serif-l layout-component layout-wide layout-padded _wide_17hqh_1 layout-padded\">N\u00f8dsamtalene etter storflommen i Texas, der 136 mennesker d\u00f8de, er frigitt i USA. Brannmannen Bradley Perrys siste ord er blant dem.<\/p>\n<p><img alt=\"Et bilde fra innsiden av en av hyttene p\u00e5 Camp Mystic viser de ufattelige \u00f8deleggelsene flomvannet for\u00e5rsaket.  Foto: RONALDO SCHEMIDT \/ AFP \/ NTB\" class=\"_image_qp4xg_65 layout-component layout-wide\" data-fullscreen- data-track-element-type=\"Article image fullscreen\" data-track-name=\"ImageFullscreen\" fetchpriority=\"high\" decoding=\"sync\" loading=\"eager\" height=\"5504\" itemprop=\"image\"  src=\"https:\/\/www.europesays.com\/no\/wp-content\/uploads\/2025\/12\/33cb7a80-7983-4282-b490-bc61550451b6\"  style=\"object-position:0% 0%\" width=\"8256\"\/>Et bilde fra innsiden av en av hyttene p\u00e5 Camp Mystic viser de ufattelige \u00f8deleggelsene flomvannet for\u00e5rsaket.  Foto: RONALDO SCHEMIDT \/ AFP \/ NTB<\/p>\n<ul aria-hidden=\"true\" class=\"_images_ntbth_112\">\n<li><a class=\"_link_ntbth_117\" href=\"https:\/\/www.vg.no\/forfatter\/elise-roennevig-andersen\" style=\"z-index:1\" title=\"Elise R\u00f8nnevig Andersen\" rel=\"nofollow noopener\" target=\"_blank\"><img alt=\"Bilde av Elise R\u00f8nnevig Andersen\" class=\"_image_ntbth_93\" fetchpriority=\"low\" loading=\"lazy\" decoding=\"async\" itemprop=\"image\"  src=\"https:\/\/www.europesays.com\/no\/wp-content\/uploads\/2025\/12\/1765071234_288_d4a69b78-dc9a-4021-89fd-0783e681325f\"  width=\"480\"\/><\/a><\/li>\n<\/ul>\n<p> Oppdatert s\u00f8ndag 7. desember kl. 02:10    <\/p>\n<ul class=\"_list_o9xde_3 _list_64s2r_85 _unordered_o9xde_106 text-sans-m\">\n<li class=\"_item_o9xde_30\">Nylig frigitte 911-opptak fra storflommen i Texas viser desperate rop om hjelp fra fangede mennesker.<\/li>\n<li class=\"_item_o9xde_30\">Brannmann Bradley Perrys hjerteskj\u00e6rende samtale er blant opptakene.<\/li>\n<li class=\"_item_o9xde_30\">Minst 136 mennesker omkom, inkludert mange ved Camp Mystic.<\/li>\n<li class=\"_item_o9xde_30\">Over 400 n\u00f8dsamtaler fra Kerr fylke ble frigitt.<\/li>\n<\/ul>\n<p>Vis mer <\/p>\n<p class=\"_paragraph_o9xde_4 _paragraph_xtcu6_10 layout-component text-serif-m layout-normal text-serif-m layout-padded\">Nylig frigitte 911-opptak fra den katastrofale flommen i <a href=\"https:\/\/www.vg.no\/tag\/texas?utm_source=vg-article&amp;utm_medium=auto-tagger&amp;utm_campaign=Gx1xe6\" class=\"_link_o9xde_39\" rel=\"nofollow noopener\" target=\"_blank\">Texas<\/a> i juli avsl\u00f8rer desperate rop om hjelp fra folk som var fanget av de rasende vannmassene:<\/p>\n<p class=\"_paragraph_o9xde_4 _paragraph_xtcu6_10 layout-component text-serif-m layout-normal text-serif-m layout-padded\">Opptakene viser minutt for minutt hvordan panikken spredte seg da vannet steg fra \u00e9n meter til ni meter p\u00e5 bare 45 minutter, skriver <a href=\"https:\/\/edition.cnn.com\/2025\/12\/05\/us\/kerrville-texas-flooding-911-calls-release-hnk\" class=\"_link_o9xde_39\" rel=\"nofollow noopener\" target=\"_blank\">CNN<\/a>.<\/p>\n<p class=\"_paragraph_o9xde_4 _paragraph_xtcu6_10 layout-component text-serif-m layout-normal text-serif-m layout-padded\">Den f\u00f8rste samtalen kom klokken 02.52 fra en hotellsjef som advarte om at over 100 gjester var i fare. Deretter eskalerte situasjonen raskt.<\/p>\n<p class=\"_paragraph_o9xde_4 _paragraph_xtcu6_10 layout-component text-serif-m layout-normal text-serif-m layout-padded\">\u2013 Vi kan ikke flytte oss. Det er vann overalt, ropte en oppringer til operat\u00f8ren som ba dem komme seg til h\u00f8yere omr\u00e5der.<\/p>\n<p class=\"_paragraph_o9xde_4 _paragraph_xtcu6_10 layout-component text-serif-m layout-normal text-serif-m layout-padded\">Mennesker klamret seg til tr\u00e6r, tak og alt som fl\u00f8t.<\/p>\n<p class=\"_paragraph_o9xde_4 _paragraph_xtcu6_10 layout-component text-serif-m layout-normal text-serif-m layout-padded\">\u2013 Det er vann opp til hodet mitt n\u00e5. Jeg sitter fast i dette rommet, sa han desperat.<\/p>\n<p class=\"_paragraph_o9xde_4 _paragraph_xtcu6_10 layout-component text-serif-m layout-normal text-serif-m layout-padded\">Blant de mest hjerteskj\u00e6rende opptakene er samtalen fra brannmann Bradley Perry, som ringte mens han satt fast i et tre.<\/p>\n<p class=\"_paragraph_o9xde_4 _paragraph_xtcu6_10 layout-component text-serif-m layout-normal text-serif-m layout-padded\">\u2013 Treet jeg er i, begynner \u00e5 lene seg og kommer til \u00e5 falle. Er det et helikopter i n\u00e6rheten? sa Perry rolig til operat\u00f8ren, if\u00f8lge<a href=\"https:\/\/apnews.com\/article\/texas-floods-camp-mystic-911-calls-de12981c9d9fc355068945cc1cc13c93\" class=\"_link_o9xde_39\" rel=\"nofollow noopener\" target=\"_blank\"> AP News<\/a>.<\/p>\n<p class=\"_paragraph_o9xde_4 _paragraph_xtcu6_10 layout-component text-serif-m layout-normal text-serif-m layout-padded\">\u2013 Jeg har sannsynligvis kanskje fem minutter igjen, fortsatte han.<\/p>\n<p class=\"_paragraph_o9xde_4 _paragraph_xtcu6_10 layout-component text-serif-m layout-normal text-serif-m layout-padded\">Perry overlevde ikke. Kona ble senere funnet levende mens hun klamret seg til et tre.<\/p>\n<p>Camp Mystic. Foto: Julio Cortez \/ AP \/ NTB<\/p>\n<p class=\"_paragraph_o9xde_4 _paragraph_xtcu6_10 layout-component text-serif-m layout-normal text-serif-m layout-padded\">Mer enn 400 n\u00f8dsamtaler er n\u00e5 frigitt fra Kerr fylke, som ble hardest rammet av flommen. De to som var p\u00e5 vakt p\u00e5 n\u00f8dsentralene, ble overveldet av mengden anrop. Hytter og en rekke sommerleirer, <a href=\"https:\/\/www.vg.no\/nyheter\/i\/8qa3QA\/leirleder-doede-da-han-forsoekte-aa-redde-barn-fra-flom-i-texas\" data-track-element-type=\"Link\" data-track-id=\"link:8qa3QA\" class=\"_link_o9xde_39\" rel=\"nofollow noopener\" target=\"_blank\">blant annet den kristne Camp Mystic<\/a>, ble oversv\u00f8mt langs Guadalupe-elven, og mange av de d\u00f8de var barn.<\/p>\n<p class=\"_paragraph_o9xde_4 _paragraph_xtcu6_10 layout-component text-serif-m layout-normal text-serif-m layout-padded\">Minst 136 mennesker d\u00f8de i delstaten, inkludert 117 i Kerr County alene. Blant de d\u00f8de var 25 campere og to ten\u00e5ringsledere fra Camp Mystic, en hundre \u00e5r gammel sommercamp for jenter.<\/p>\n<p class=\"_paragraph_o9xde_4 _paragraph_xtcu6_10 layout-component text-serif-m layout-normal text-serif-m layout-padded\">\u2013 Vi savner en hel hytte med jenter, sa en kvinne som ringte fra Camp Mystic, if\u00f8lge <a href=\"https:\/\/www.nbcnews.com\/news\/us-news\/kerrville-texas-july-4-floods-911-calls-released-rcna247503\" class=\"_link_o9xde_39\" rel=\"nofollow noopener\" target=\"_blank\">NBC News<\/a>.<\/p>\n<p class=\"_paragraph_o9xde_4 _paragraph_xtcu6_10 layout-component text-serif-m layout-normal text-serif-m layout-padded\">Mange innbyggere sa de ble tatt p\u00e5 sengen og ikke fikk noen advarsel da flommen oversv\u00f8mmet Guadalupe-elven.<\/p>\n<p class=\"_paragraph_o9xde_4 _paragraph_xtcu6_10 layout-component text-serif-m layout-normal text-serif-m layout-padded\">VG har tidligere skrevet at <a href=\"https:\/\/www.vg.no\/nyheter\/i\/XjG24m\/familier-saksoeker-leir-etter-doedsflommen-satte-profitt-foran-sikkerhet\" data-track-element-type=\"Link\" data-track-id=\"link:XjG24m\" class=\"_link_o9xde_39\" rel=\"nofollow noopener\" target=\"_blank\">ni familier krever million\u00aderstatning<\/a> etter at 27 jenter og ledere d\u00f8de p\u00e5 Camp Mystic i Texas. <\/p>\n<p class=\"_paragraph_o9xde_4 _paragraph_xtcu6_10 layout-component text-serif-m layout-normal text-serif-m layout-padded\">\u2013 Jeg lover \u00e5 ta grep for at dette aldri gjentar seg, sa Donald Trump da han og f\u00f8rstedame Melania tok de enorme \u00f8deleggelsene etter flomkatastrofen i Texas i \u00f8yesyn l<a href=\"https:\/\/www.vg.no\/nyheter\/i\/RzgKBA\/trump-om-flomkatastrofen-i-texas-jeg-lover-aa-ta-grep\" data-track-element-type=\"Link\" data-track-id=\"link:RzgKBA\" class=\"_link_o9xde_39\" rel=\"nofollow noopener\" target=\"_blank\">ike etter at flommen var over.<\/a><\/p>\n","protected":false},"excerpt":{"rendered":"N\u00f8dsamtalene etter storflommen i Texas, der 136 mennesker d\u00f8de, er frigitt i USA. Brannmannen Bradley Perrys siste ord&hellip;\n","protected":false},"author":2,"featured_media":106236,"comment_status":"","ping_status":"","sticky":false,"template":"","format":"standard","meta":{"footnotes":""},"categories":[12],"tags":[20,21,24,25,1836,15,22,23,13,30,28,29,14,16,1163,26,27,42,46,43,44,45],"class_list":{"0":"post-106235","1":"post","2":"type-post","3":"status-publish","4":"format-standard","5":"has-post-thumbnail","7":"category-verden","8":"tag-breaking-news","9":"tag-breakingnews","10":"tag-featured-news","11":"tag-featurednews","12":"tag-flom","13":"tag-headlines","14":"tag-latest-news","15":"tag-latestnews","16":"tag-news","17":"tag-no","18":"tag-norge","19":"tag-norway","20":"tag-nyheter","21":"tag-overskrifter","22":"tag-texas","23":"tag-top-stories","24":"tag-topstories","25":"tag-verden","26":"tag-vgai","27":"tag-world","28":"tag-world-news","29":"tag-worldnews"},"share_on_mastodon":{"url":"https:\/\/pubeurope.com\/@no\/115675717164609499","error":""},"_links":{"self":[{"href":"https:\/\/www.europesays.com\/no\/wp-json\/wp\/v2\/posts\/106235","targetHints":{"allow":["GET"]}}],"collection":[{"href":"https:\/\/www.europesays.com\/no\/wp-json\/wp\/v2\/posts"}],"about":[{"href":"https:\/\/www.europesays.com\/no\/wp-json\/wp\/v2\/types\/post"}],"author":[{"embeddable":true,"href":"https:\/\/www.europesays.com\/no\/wp-json\/wp\/v2\/users\/2"}],"replies":[{"embeddable":true,"href":"https:\/\/www.europesays.com\/no\/wp-json\/wp\/v2\/comments?post=106235"}],"version-history":[{"count":0,"href":"https:\/\/www.europesays.com\/no\/wp-json\/wp\/v2\/posts\/106235\/revisions"}],"wp:featuredmedia":[{"embeddable":true,"href":"https:\/\/www.europesays.com\/no\/wp-json\/wp\/v2\/media\/106236"}],"wp:attachment":[{"href":"https:\/\/www.europesays.com\/no\/wp-json\/wp\/v2\/media?parent=106235"}],"wp:term":[{"taxonomy":"category","embeddable":true,"href":"https:\/\/www.europesays.com\/no\/wp-json\/wp\/v2\/categories?post=106235"},{"taxonomy":"post_tag","embeddable":true,"href":"https:\/\/www.europesays.com\/no\/wp-json\/wp\/v2\/tags?post=106235"}],"curies":[{"name":"wp","href":"https:\/\/api.w.org\/{rel}","templated":true}]}}