{"id":106237,"date":"2025-12-07T01:41:14","date_gmt":"2025-12-07T01:41:14","guid":{"rendered":"https:\/\/www.europesays.com\/no\/106237\/"},"modified":"2025-12-07T01:41:14","modified_gmt":"2025-12-07T01:41:14","slug":"peter-frolich-ola-svenneby-peter-frolich-vil-ikke-bli-ny-nestleder-i-hoyre","status":"publish","type":"post","link":"https:\/\/www.europesays.com\/no\/106237\/","title":{"rendered":"Peter Fr\u00f8lich, Ola Svenneby | Peter Fr\u00f8lich vil ikke bli ny nestleder i H\u00f8yre"},"content":{"rendered":"\n<p>Istedenfor ber Fr\u00f8lich om at H\u00f8yre velger Ola Svenneby (28) og Henrik Asheim som nye nestledere.<\/p>\n<p>\u2013 Jeg ber valgkomiteen velge noen andre nestledere enn meg, sier Peter Fr\u00f8lich til <a rel=\"Follow nofollow noopener\" href=\"https:\/\/www.tv2.no\/nyheter\/innenriks\/frolich-sier-nei-til-a-bli-nestleder-i-hoyre\/18359576\/\" target=\"_blank\">TV 2<\/a>. Han har gitt valgkomiteen formelt beskjed om at han ikke er kandidat. Det til tross for at Fr\u00f8lich l\u00e5 an til \u00e5 bli valgt, hvis han stilte.<\/p>\n<p>\u2013 Vi har en mindre stortingsgruppe etter valget og jeg mener det er viktig \u00e5 bruke de plattformene vi har til \u00e5 profilere og l\u00f8fte frem de dyktige folkene vi har, sier Fr\u00f8lich.<\/p>\n<p><b>Les ogs\u00e5: <a class=\"simple-relation related-teaser article--c-eRUmMG article--c-eRUmMG-fZoQSp-design-nettavisen article--c-eRUmMG-gwthdJ-cv\" href=\"https:\/\/www.nettavisen.no\/erna-solberg-om-etterfolgeren-et-veldig-varmt-menneske\/s\/5-95-2718200\" rel=\"nofollow noopener\" target=\"_blank\">Erna Solberg om etterf\u00f8lgeren: \u2013 Et veldig varmt menneske<\/a><\/b><\/p>\n<p>   <img decoding=\"async\" width=\"5586\" height=\"3725\" fetchpriority=\"low\"  loading=\"lazy\"  src=\"https:\/\/www.europesays.com\/no\/wp-content\/uploads\/2025\/12\/1765071674_371_NTB_xaWOdxpA2R0.jpg\" alt=\"Oslo 20251106. &#10;Unge H\u00f8yres leder Ola Svenneby p\u00e5 Stortinget torsdag.&#10;Foto: Thomas Andersen \/ NTB\" class=\"brick-c-cFOWSL\" style=\"--brick-image-ratio: 5586 \/ 3725;\"\/><\/p>\n<p>      NESTLEDER: Ola Svenneby blir trolig nestleder i H\u00f8yre.<br \/>\n      Foto: Thomas Andersen (NTB)\n    <\/p>\n<p>\u2013 At mitt valg ogs\u00e5 gir rom for et s\u00e5 ekstraordin\u00e6rt politisk talent som Ola Svenneby som nestleder er personlig viktig for meg. Og Henrik har gjort en enorm innsats som nestleder.<\/p>\n<p>12. september varslet Erna Solberg at hun ikke vil stille til valg under H\u00f8yres landsm\u00f8te i midten av februar, har partiet lett etter nye ledere. Det er klart at S\u00f8reide tar over som ny leder. N\u00e5 ser det ut til at de to nestlederne blir Svenneby og Asheim.<\/p>\n","protected":false},"excerpt":{"rendered":"Istedenfor ber Fr\u00f8lich om at H\u00f8yre velger Ola Svenneby (28) og Henrik Asheim som nye nestledere. \u2013 Jeg&hellip;\n","protected":false},"author":2,"featured_media":106238,"comment_status":"","ping_status":"","sticky":false,"template":"","format":"standard","meta":{"footnotes":""},"categories":[10],"tags":[20,21,24,25,15,22,23,13,30,28,29,14,16,26,27],"class_list":{"0":"post-106237","1":"post","2":"type-post","3":"status-publish","4":"format-standard","5":"has-post-thumbnail","7":"category-norge","8":"tag-breaking-news","9":"tag-breakingnews","10":"tag-featured-news","11":"tag-featurednews","12":"tag-headlines","13":"tag-latest-news","14":"tag-latestnews","15":"tag-news","16":"tag-no","17":"tag-norge","18":"tag-norway","19":"tag-nyheter","20":"tag-overskrifter","21":"tag-top-stories","22":"tag-topstories"},"share_on_mastodon":{"url":"https:\/\/pubeurope.com\/@no\/115675744590548556","error":""},"_links":{"self":[{"href":"https:\/\/www.europesays.com\/no\/wp-json\/wp\/v2\/posts\/106237","targetHints":{"allow":["GET"]}}],"collection":[{"href":"https:\/\/www.europesays.com\/no\/wp-json\/wp\/v2\/posts"}],"about":[{"href":"https:\/\/www.europesays.com\/no\/wp-json\/wp\/v2\/types\/post"}],"author":[{"embeddable":true,"href":"https:\/\/www.europesays.com\/no\/wp-json\/wp\/v2\/users\/2"}],"replies":[{"embeddable":true,"href":"https:\/\/www.europesays.com\/no\/wp-json\/wp\/v2\/comments?post=106237"}],"version-history":[{"count":0,"href":"https:\/\/www.europesays.com\/no\/wp-json\/wp\/v2\/posts\/106237\/revisions"}],"wp:featuredmedia":[{"embeddable":true,"href":"https:\/\/www.europesays.com\/no\/wp-json\/wp\/v2\/media\/106238"}],"wp:attachment":[{"href":"https:\/\/www.europesays.com\/no\/wp-json\/wp\/v2\/media?parent=106237"}],"wp:term":[{"taxonomy":"category","embeddable":true,"href":"https:\/\/www.europesays.com\/no\/wp-json\/wp\/v2\/categories?post=106237"},{"taxonomy":"post_tag","embeddable":true,"href":"https:\/\/www.europesays.com\/no\/wp-json\/wp\/v2\/tags?post=106237"}],"curies":[{"name":"wp","href":"https:\/\/api.w.org\/{rel}","templated":true}]}}