{"id":106250,"date":"2025-12-07T04:29:15","date_gmt":"2025-12-07T04:29:15","guid":{"rendered":"https:\/\/www.europesays.com\/no\/106250\/"},"modified":"2025-12-07T04:29:15","modified_gmt":"2025-12-07T04:29:15","slug":"okonomi-og-naeringsliv-skatt-2024-rik-arving-flyttet-sa-mye-skattepenger-taper-bergen-bergensavisen","status":"publish","type":"post","link":"https:\/\/www.europesays.com\/no\/106250\/","title":{"rendered":"\u00d8konomi og n\u00e6ringsliv, Skatt 2024 | Rik arving flyttet: S\u00e5 mye skattepenger taper Bergen &#8211; Bergensavisen"},"content":{"rendered":"<ol>\n<li><a href=\"https:\/\/news.google.com\/rss\/articles\/CBMiiwFBVV95cUxQMWlhdHVFcnBOdXMxb2FaOExaeUt6V2VzQWJXUmNDNHpVNFktTjFwcU5pMm0zcXg5M1lxWHRyRWMxbGxSWVZEVUFPMzRsemZjM29zTFdwWE55dTJlN1RJTG1VYTR3b05vam5DQnRwV3VrWGdNV0JJZ05SWURQZGVnMjA3emJjV2FhNmFn?oc=5\" target=\"_blank\" rel=\"nofollow noopener\">\u00d8konomi og n\u00e6ringsliv, Skatt 2024 | Rik arving flyttet: S\u00e5 mye skattepenger taper Bergen<\/a>&nbsp;&nbsp;Bergensavisen<\/li>\n<li><a href=\"https:\/\/news.google.com\/rss\/articles\/CBMiwgFBVV95cUxPMHhrMzIyZ1NocXBNWDJZRG41MDlCQTlTWVhEVldXbXVTQXJwY3pyVmczX1NIU24yelAxT05LREo4dll2TTRYUWpfaUdNcVZzWmd1dWtmUFctd0tfLXlqUTVHYzlCWlg1Rkg5emdrOFp4aWEyeUxZdlluWkNZdzRiVTBMWUtReTBYdzdFdGc1Z2t6alpNSDZCUnpKel9uX0k5U1RVdlVPamViNGt5dGtTT2ZYY0pLNmV0bVVaSHdJbDNIQQ?oc=5\" target=\"_blank\" rel=\"nofollow noopener\">Gustav Magnar Witz\u00f8e (32) er fremdeles Norges rikeste med en formue p\u00e5 29,9 milliarder<\/a>&nbsp;&nbsp;E24<\/li>\n<li><a href=\"https:\/\/news.google.com\/rss\/articles\/CBMiigFBVV95cUxQaVFjbW1iY0Y3ZTlQOGJjY0wxYXRIamJpdVBJVGhBaHRRQlpVQUFLYzRicjdSc0ZKVEREcHZ4NEJkWnZ4OC15cU1VUzBfd2dmMUZoZ1FUZEdVRFFmN3A3V2tKbjBpblBEYjQ2SlNVZHMtby1iWXF1bUxubmM0emNKRHNvb2F6WGdSbkE?oc=5\" target=\"_blank\" rel=\"nofollow noopener\">En bombe i ligningstallene?<\/a>&nbsp;&nbsp;Finansavisen<\/li>\n<li><a href=\"https:\/\/news.google.com\/rss\/articles\/CBMiswFBVV95cUxNRldMekNvTFBwNWljdTFuM0k3SnBqblphdlhrR0hHdFotRUl4VEotcTJuT0E3cUNWTUh3dUY5dDFROHpBVWhaLTVxUFhzNl9MWHZGWlQ3LVVoZjAtXy1tajh2cy1nS0dNd05yVXQ2R0NCN2tHZmJvbXQ1NUt2aFdSWkpDTVduZXp1SHZTcmxfSkE4WS1md1pQUGJMUXpSUnpvSnVmbHQ2cHd6M204STZzUm1Zbw?oc=5\" target=\"_blank\" rel=\"nofollow noopener\">Han er p\u00e5 inntekts\u00adtoppen i Norge. N\u00e5 har bergen\u00adseren flyttet til Milano.<\/a>&nbsp;&nbsp;Bergens Tidende<\/li>\n<li><a href=\"https:\/\/news.google.com\/rss\/articles\/CBMikAFBVV95cUxNcnJxUjlWVHhLM3lFZTJBajNJdHFXY0diVmRMV19rYlZVcF9jRFpDNTdIRWF4QW8yRGx1MXZXcFdNdkZaTmlfYm9uUDRNeU1BS2xWSXNpaFI2UWJMRDJQcWluY01qSElJRXNpVlVHNHZVeDMxMmZOY2FldWczUEMxQlR1OHNGWi05REFVRVZxWE8?oc=5\" target=\"_blank\" rel=\"nofollow noopener\">Slik gikk det med oppdretts\u00admilliard\u00e6rene i 2024<\/a>&nbsp;&nbsp;E24<\/li>\n<\/ol>\n","protected":false},"excerpt":{"rendered":"\u00d8konomi og n\u00e6ringsliv, Skatt 2024 | Rik arving flyttet: S\u00e5 mye skattepenger taper Bergen&nbsp;&nbsp;Bergensavisen Gustav Magnar Witz\u00f8e (32)&hellip;\n","protected":false},"author":2,"featured_media":102849,"comment_status":"","ping_status":"","sticky":false,"template":"","format":"standard","meta":{"footnotes":""},"categories":[10],"tags":[20,21,24,25,15,22,23,13,30,28,29,14,16,26,27],"class_list":{"0":"post-106250","1":"post","2":"type-post","3":"status-publish","4":"format-standard","5":"has-post-thumbnail","7":"category-norge","8":"tag-breaking-news","9":"tag-breakingnews","10":"tag-featured-news","11":"tag-featurednews","12":"tag-headlines","13":"tag-latest-news","14":"tag-latestnews","15":"tag-news","16":"tag-no","17":"tag-norge","18":"tag-norway","19":"tag-nyheter","20":"tag-overskrifter","21":"tag-top-stories","22":"tag-topstories"},"share_on_mastodon":{"url":"https:\/\/pubeurope.com\/@no\/115676404919036488","error":""},"_links":{"self":[{"href":"https:\/\/www.europesays.com\/no\/wp-json\/wp\/v2\/posts\/106250","targetHints":{"allow":["GET"]}}],"collection":[{"href":"https:\/\/www.europesays.com\/no\/wp-json\/wp\/v2\/posts"}],"about":[{"href":"https:\/\/www.europesays.com\/no\/wp-json\/wp\/v2\/types\/post"}],"author":[{"embeddable":true,"href":"https:\/\/www.europesays.com\/no\/wp-json\/wp\/v2\/users\/2"}],"replies":[{"embeddable":true,"href":"https:\/\/www.europesays.com\/no\/wp-json\/wp\/v2\/comments?post=106250"}],"version-history":[{"count":0,"href":"https:\/\/www.europesays.com\/no\/wp-json\/wp\/v2\/posts\/106250\/revisions"}],"wp:featuredmedia":[{"embeddable":true,"href":"https:\/\/www.europesays.com\/no\/wp-json\/wp\/v2\/media\/102849"}],"wp:attachment":[{"href":"https:\/\/www.europesays.com\/no\/wp-json\/wp\/v2\/media?parent=106250"}],"wp:term":[{"taxonomy":"category","embeddable":true,"href":"https:\/\/www.europesays.com\/no\/wp-json\/wp\/v2\/categories?post=106250"},{"taxonomy":"post_tag","embeddable":true,"href":"https:\/\/www.europesays.com\/no\/wp-json\/wp\/v2\/tags?post=106250"}],"curies":[{"name":"wp","href":"https:\/\/api.w.org\/{rel}","templated":true}]}}