{"id":106251,"date":"2025-12-07T04:36:40","date_gmt":"2025-12-07T04:36:40","guid":{"rendered":"https:\/\/www.europesays.com\/no\/106251\/"},"modified":"2025-12-07T04:36:40","modified_gmt":"2025-12-07T04:36:40","slug":"nord-norge-politiet-horte-ikke-pa-politiet-endte-i-arresten","status":"publish","type":"post","link":"https:\/\/www.europesays.com\/no\/106251\/","title":{"rendered":"Nord-Norge, Politiet | H\u00f8rte ikke p\u00e5 politiet \u2013 endte i arresten"},"content":{"rendered":"\n<p>I de st\u00f8rre byene i Nordland og Troms har det v\u00e6rt flere tilfeller av br\u00e5k natt til l\u00f8rdag.<\/p>\n<p>I <b>Troms\u00f8 <\/b>ble i alt tre personer bortvist fra sentrum i l\u00f8pet av natten p\u00e5 grunn av ordensforstyrrelser. <\/p>\n<p>Da en av dem fors\u00f8kte \u00e5 vende tilbake til utestedet vedkommende hadde v\u00e6rt p\u00e5, kom politiet, og tok med seg personen til arresten. Vedkommende kan vente seg anmeldelse.<\/p>\n<p>Ogs\u00e5 en annen br\u00e5kmaker i Troms\u00f8 sentrum kan vente seg anmeldelse etter natten.<\/p>\n<p>I <b>Narvik <\/b>ble en person bortvist fra sentrum etter \u00e5 ha yppet til br\u00e5k utenfor en bar. Ogs\u00e5 i <b>Bod\u00f8 <\/b>m\u00e5tte politiet bortvise en person fra sentrum som hadde oppf\u00f8rt seg ufint overfor flere personer. <\/p>\n<p>I <b>And\u00f8y<\/b> bl\u00e5ste en bilf\u00f8rer over lovlig verdi da politiet hadde promillekontroll i natt. Vedkommende ble framstilt for bevissikring.<\/p>\n<p>Politiet melder ingenting fra Lofoten natt til l\u00f8rdag.<\/p>\n","protected":false},"excerpt":{"rendered":"I de st\u00f8rre byene i Nordland og Troms har det v\u00e6rt flere tilfeller av br\u00e5k natt til l\u00f8rdag.&hellip;\n","protected":false},"author":2,"featured_media":9634,"comment_status":"","ping_status":"","sticky":false,"template":"","format":"standard","meta":{"footnotes":""},"categories":[10],"tags":[36,20,21,24,25,15,9870,22,23,13,30,2698,28,29,14,16,468,1510,26,27],"class_list":{"0":"post-106251","1":"post","2":"type-post","3":"status-publish","4":"format-standard","5":"has-post-thumbnail","7":"category-norge","8":"tag-art","9":"tag-breaking-news","10":"tag-breakingnews","11":"tag-featured-news","12":"tag-featurednews","13":"tag-headlines","14":"tag-helg","15":"tag-latest-news","16":"tag-latestnews","17":"tag-news","18":"tag-no","19":"tag-nord-norge","20":"tag-norge","21":"tag-norway","22":"tag-nyheter","23":"tag-overskrifter","24":"tag-politiet","25":"tag-story","26":"tag-top-stories","27":"tag-topstories"},"share_on_mastodon":{"url":"https:\/\/pubeurope.com\/@no\/115676432527354230","error":""},"_links":{"self":[{"href":"https:\/\/www.europesays.com\/no\/wp-json\/wp\/v2\/posts\/106251","targetHints":{"allow":["GET"]}}],"collection":[{"href":"https:\/\/www.europesays.com\/no\/wp-json\/wp\/v2\/posts"}],"about":[{"href":"https:\/\/www.europesays.com\/no\/wp-json\/wp\/v2\/types\/post"}],"author":[{"embeddable":true,"href":"https:\/\/www.europesays.com\/no\/wp-json\/wp\/v2\/users\/2"}],"replies":[{"embeddable":true,"href":"https:\/\/www.europesays.com\/no\/wp-json\/wp\/v2\/comments?post=106251"}],"version-history":[{"count":0,"href":"https:\/\/www.europesays.com\/no\/wp-json\/wp\/v2\/posts\/106251\/revisions"}],"wp:featuredmedia":[{"embeddable":true,"href":"https:\/\/www.europesays.com\/no\/wp-json\/wp\/v2\/media\/9634"}],"wp:attachment":[{"href":"https:\/\/www.europesays.com\/no\/wp-json\/wp\/v2\/media?parent=106251"}],"wp:term":[{"taxonomy":"category","embeddable":true,"href":"https:\/\/www.europesays.com\/no\/wp-json\/wp\/v2\/categories?post=106251"},{"taxonomy":"post_tag","embeddable":true,"href":"https:\/\/www.europesays.com\/no\/wp-json\/wp\/v2\/tags?post=106251"}],"curies":[{"name":"wp","href":"https:\/\/api.w.org\/{rel}","templated":true}]}}