{"id":106252,"date":"2025-12-07T04:50:12","date_gmt":"2025-12-07T04:50:12","guid":{"rendered":"https:\/\/www.europesays.com\/no\/106252\/"},"modified":"2025-12-07T04:50:12","modified_gmt":"2025-12-07T04:50:12","slug":"juletreet-pa-torvet-i-flekkefjord-sagd-ned","status":"publish","type":"post","link":"https:\/\/www.europesays.com\/no\/106252\/","title":{"rendered":"Juletreet p\u00e5 torvet i Flekkefjord sagd ned"},"content":{"rendered":"\n<p class=\"_lead_o9xde_2 _lead_xtcu6_50 layout-component text-serif-m layout-normal text-serif-l layout-component layout-wide layout-padded _wide_17hqh_1 layout-padded\">N\u00e5 \u00f8nsker politiet tips om hvem som kan st\u00e5 bak f\u00f8rjulstragedien. <\/p>\n<p><img alt=\"\" class=\"_image_qp4xg_65 layout-component layout-wide\" data-fullscreen- data-track-element-type=\"Article image fullscreen\" data-track-name=\"ImageFullscreen\" fetchpriority=\"high\" decoding=\"sync\" loading=\"eager\" height=\"1502\" itemprop=\"image\"  src=\"https:\/\/www.europesays.com\/no\/wp-content\/uploads\/2025\/12\/5249293b-a75a-4479-95e2-f8c72b19dbc3\"  style=\"object-position:0% 0%\" width=\"1675\"\/><\/p>\n<ul aria-hidden=\"true\" class=\"_images_ntbth_112\">\n<li><a class=\"_link_ntbth_117\" href=\"https:\/\/www.vg.no\/forfatter\/hege-varsi\" style=\"z-index:1\" title=\"Hege Varsi\" rel=\"nofollow noopener\" target=\"_blank\"><img alt=\"Bilde av Hege Varsi\" class=\"_image_ntbth_93\" fetchpriority=\"low\" loading=\"lazy\" decoding=\"async\" itemprop=\"image\"  src=\"https:\/\/www.europesays.com\/no\/wp-content\/uploads\/2025\/12\/1765083010_976_d48c09ee-ae08-4a71-8e5b-8db7c6b4f37d\"  width=\"480\"\/><\/a><\/li>\n<\/ul>\n<p> Oppdatert s\u00f8ndag 7. desember kl. 05:33     <\/p>\n<p class=\"_paragraph_o9xde_4 _paragraph_xtcu6_10 layout-component text-serif-m layout-normal text-serif-m layout-padded\">Natt til s\u00f8ndag rykket politiet i <a href=\"https:\/\/www.vg.no\/tag\/flekkefjord?utm_source=vg-article&amp;utm_medium=auto-tagger&amp;utm_campaign=d4d74z\" class=\"_link_o9xde_39\" rel=\"nofollow noopener\" target=\"_blank\">Flekkefjord<\/a> ut til meldingen om at noen var i full gang med \u00e5 sage ned juletreet p\u00e5 torvet. <\/p>\n<p class=\"_paragraph_o9xde_4 _paragraph_xtcu6_10 layout-component text-serif-m layout-normal text-serif-m layout-padded\">Og helt riktig, da politiet kom til stedet noen minutter senere, l\u00e5 granen p\u00e5 bakken, med pynten og alt. <\/p>\n<p class=\"_paragraph_o9xde_4 _paragraph_xtcu6_10 layout-component text-serif-m layout-normal text-serif-m layout-padded\">\u2013 Det l\u00e5 p\u00e5 bakken og det var ingen personer \u00e5 se i omr\u00e5det der, sier operasjonsleder i Agder politidistrikt, Ole Robert Strandhagen til VG. <\/p>\n<p class=\"_paragraph_o9xde_4 _paragraph_xtcu6_10 layout-component text-serif-m layout-normal text-serif-m layout-padded\">\u2013 Hva synes du om dette? <\/p>\n<p class=\"_paragraph_o9xde_4 _paragraph_xtcu6_10 layout-component text-serif-m layout-normal text-serif-m layout-padded\">\u2013 Det er un\u00f8dvendig. Det er jo satt opp for \u00e5 skape julestemning, og at noen skal beg\u00e5 s\u00e5nt skadeverk, det skj\u00f8nner jeg ikke. <\/p>\n<p class=\"_paragraph_o9xde_4 _paragraph_xtcu6_10 layout-component text-serif-m layout-normal text-serif-m layout-padded\">Flekkefjords julegran fikk ikke mer enn \u00e9n uke i p\u00e5 torvet. Forrige s\u00f8ndag var det julegrantenning med julesang og f\u00f8rjulshygge, if\u00f8lge <a href=\"https:\/\/www.avisenagder.no\/tente-julegranen-med-en-klar-oppfordring-et-samfunn-er-pa-sitt-beste-nar-menneskene-i-det-viser-omtanke-for-hverandre\/s\/5-99-1466062\" class=\"_link_o9xde_39\" rel=\"nofollow noopener\" target=\"_blank\">Avisen Agder<\/a>.<\/p>\n<p class=\"_paragraph_o9xde_4 _paragraph_xtcu6_10 layout-component text-serif-m layout-normal text-serif-m layout-padded\">\u2013 Jula b\u00f8r handle mest om tanke for andre mennesker, b\u00e5de de vi kjenner og de vi ikke kjenner! sa ordf\u00f8rer Torbj\u00f8rn Klungland til de oppm\u00f8tte, if\u00f8lge avisen. <\/p>\n<p class=\"_paragraph_o9xde_4 _paragraph_xtcu6_10 layout-component text-serif-m layout-normal text-serif-m layout-padded\">Som sagt, s\u00e5 absolutt ikke gjort. N\u00e5 h\u00e5per politiet \u00e5 komme i kontakt med vitner som kan ha sett de som st\u00e5r bak ugjerningen. <\/p>\n<p class=\"_paragraph_o9xde_4 _paragraph_xtcu6_10 layout-component text-serif-m layout-normal text-serif-m layout-padded\">\u2013 Vi \u00f8nsker selvf\u00f8lgelig \u00e5 komme i kontakt med noen som har sett eller observert noe. <\/p>\n<p>       <img decoding=\"async\" alt=\"Tips oss illustrasjon\" src=\"https:\/\/www.europesays.com\/no\/wp-content\/uploads\/2025\/10\/pssst-small.webp.webp\"\/>    <\/p>\n<p class=\"title-serif-s\">Har du tips?<\/p>\n<p class=\"text-sans-m\">Send oss informasjon, bilder eller video.<\/p>\n<p>  <a href=\"https:\/\/www.vg.no\/tips-oss\" rel=\"nofollow noopener\" target=\"_blank\"> Tips oss <\/a>      <\/p>\n","protected":false},"excerpt":{"rendered":"N\u00e5 \u00f8nsker politiet tips om hvem som kan st\u00e5 bak f\u00f8rjulstragedien. Oppdatert s\u00f8ndag 7. desember kl. 05:33 Natt&hellip;\n","protected":false},"author":2,"featured_media":106253,"comment_status":"","ping_status":"","sticky":false,"template":"","format":"standard","meta":{"footnotes":""},"categories":[10],"tags":[4686,31,20,21,24,25,573,15,12267,22,23,13,30,28,29,14,16,26,27,2013],"class_list":{"0":"post-106252","1":"post","2":"type-post","3":"status-publish","4":"format-standard","5":"has-post-thumbnail","7":"category-norge","8":"tag-agder-politidistrikt","9":"tag-breaking","10":"tag-breaking-news","11":"tag-breakingnews","12":"tag-featured-news","13":"tag-featurednews","14":"tag-flekkefjord","15":"tag-headlines","16":"tag-julestemning","17":"tag-latest-news","18":"tag-latestnews","19":"tag-news","20":"tag-no","21":"tag-norge","22":"tag-norway","23":"tag-nyheter","24":"tag-overskrifter","25":"tag-top-stories","26":"tag-topstories","27":"tag-torvet"},"share_on_mastodon":{"url":"https:\/\/pubeurope.com\/@no\/115676487701953545","error":""},"_links":{"self":[{"href":"https:\/\/www.europesays.com\/no\/wp-json\/wp\/v2\/posts\/106252","targetHints":{"allow":["GET"]}}],"collection":[{"href":"https:\/\/www.europesays.com\/no\/wp-json\/wp\/v2\/posts"}],"about":[{"href":"https:\/\/www.europesays.com\/no\/wp-json\/wp\/v2\/types\/post"}],"author":[{"embeddable":true,"href":"https:\/\/www.europesays.com\/no\/wp-json\/wp\/v2\/users\/2"}],"replies":[{"embeddable":true,"href":"https:\/\/www.europesays.com\/no\/wp-json\/wp\/v2\/comments?post=106252"}],"version-history":[{"count":0,"href":"https:\/\/www.europesays.com\/no\/wp-json\/wp\/v2\/posts\/106252\/revisions"}],"wp:featuredmedia":[{"embeddable":true,"href":"https:\/\/www.europesays.com\/no\/wp-json\/wp\/v2\/media\/106253"}],"wp:attachment":[{"href":"https:\/\/www.europesays.com\/no\/wp-json\/wp\/v2\/media?parent=106252"}],"wp:term":[{"taxonomy":"category","embeddable":true,"href":"https:\/\/www.europesays.com\/no\/wp-json\/wp\/v2\/categories?post=106252"},{"taxonomy":"post_tag","embeddable":true,"href":"https:\/\/www.europesays.com\/no\/wp-json\/wp\/v2\/tags?post=106252"}],"curies":[{"name":"wp","href":"https:\/\/api.w.org\/{rel}","templated":true}]}}