{"id":106254,"date":"2025-12-07T04:56:10","date_gmt":"2025-12-07T04:56:10","guid":{"rendered":"https:\/\/www.europesays.com\/no\/106254\/"},"modified":"2025-12-07T04:56:10","modified_gmt":"2025-12-07T04:56:10","slug":"minst-25-dode-i-brann-i-nattklubb-i-goa-i-india","status":"publish","type":"post","link":"https:\/\/www.europesays.com\/no\/106254\/","title":{"rendered":"Minst 25 d\u00f8de i brann i nattklubb i Goa i India"},"content":{"rendered":"\n<p class=\"_lead_o9xde_2 _lead_xtcu6_50 layout-component text-serif-m layout-normal text-serif-l layout-component layout-wide layout-padded _wide_17hqh_1 layout-padded\">Flere turister er blant de omkomne if\u00f8lge lokale myndigheter. <\/p>\n<p><img alt=\" Foto: Goa Congress\" class=\"_image_qp4xg_65 layout-component layout-wide\" data-fullscreen- data-track-element-type=\"Article image fullscreen\" data-track-name=\"ImageFullscreen\" fetchpriority=\"high\" decoding=\"sync\" loading=\"eager\" height=\"587\" itemprop=\"image\"  src=\"https:\/\/www.europesays.com\/no\/wp-content\/uploads\/2025\/12\/2c86dff8-3a6f-4154-918a-8019b02c6763\"  style=\"object-position:0% 0%\" width=\"1080\"\/> Foto: Goa Congress<\/p>\n<ul aria-hidden=\"true\" class=\"_images_ntbth_112\">\n<li><a class=\"_link_ntbth_117\" href=\"https:\/\/www.vg.no\/forfatter\/ntb\" style=\"z-index:2\" title=\"NTB\" rel=\"nofollow noopener\" target=\"_blank\"><img alt=\"Bilde av NTB\" class=\"_image_ntbth_93\" fetchpriority=\"low\" loading=\"lazy\" decoding=\"async\" itemprop=\"image\"  src=\"https:\/\/www.europesays.com\/no\/wp-content\/uploads\/2025\/12\/1765083368_128_c33980b0-5d07-4027-84a1-813f90a7c8d6\"  width=\"480\"\/><\/a><\/li>\n<li><a class=\"_link_ntbth_117\" href=\"https:\/\/www.vg.no\/forfatter\/hege-varsi\" style=\"z-index:1\" title=\"Hege Varsi\" rel=\"nofollow noopener\" target=\"_blank\"><img alt=\"Bilde av Hege Varsi\" class=\"_image_ntbth_93\" fetchpriority=\"low\" loading=\"lazy\" decoding=\"async\" itemprop=\"image\"  src=\"https:\/\/www.europesays.com\/no\/wp-content\/uploads\/2025\/12\/1765083368_626_d48c09ee-ae08-4a71-8e5b-8db7c6b4f37d\"  width=\"480\"\/><\/a><\/li>\n<\/ul>\n<p> Oppdatert s\u00f8ndag 7. desember kl. 05:33     <\/p>\n<p class=\"_paragraph_o9xde_4 _paragraph_xtcu6_10 layout-component text-serif-m layout-normal text-serif-m layout-padded\">Flesteparten av de omkomne var ansatte p\u00e5 nattklubbens kj\u00f8kken, skriver nyhetsbyr\u00e5et\u00a0<a href=\"https:\/\/www.ptinews.com\/story\/national\/23-perish-in-goa-night-club-blaze-after-cylinder-blast\/3165420\" class=\"_link_o9xde_39\" rel=\"nofollow noopener\" target=\"_blank\">Press Trust of India<\/a>.<\/p>\n<p class=\"_paragraph_o9xde_4 _paragraph_xtcu6_10 layout-component text-serif-m layout-normal text-serif-m layout-padded\">Tre av de omkomne d\u00f8de som f\u00f8lge av brannskader. De \u00f8vrige d\u00f8de av kvelning, if\u00f8lge f\u00f8rsteminister Pramod Sawant.<\/p>\n<p class=\"_paragraph_o9xde_4 _paragraph_xtcu6_10 layout-component text-serif-m layout-normal text-serif-m layout-padded\">\u2013 Dette er en meget vond dag for oss alle oss i Goa. En stor brann i Arpora har tatt livet av 23 mennesker,\u00a0<a href=\"https:\/\/x.com\/DrPramodPSawant\/status\/1997428927934173630\" class=\"_link_o9xde_39\" rel=\"nofollow\">skrev Sawant p\u00e5 X<\/a>\u00a0tidligere p\u00e5 natten.<\/p>\n<p class=\"_paragraph_o9xde_4 _paragraph_xtcu6_10 layout-component text-serif-m layout-normal text-serif-m layout-padded\">Noen timer senere opplyste han at antallet omkomne har steget til 25.<\/p>\n<p class=\"_paragraph_o9xde_4 _paragraph_xtcu6_10 layout-component text-serif-m layout-normal text-serif-m layout-padded\">\u2013 Jeg f\u00f8lger tett situasjonen etter den tragiske brannen i Arpora, der 25 personer mistet livet og seks ble s\u00e5ret. Tilstanden for alle de seks er stabil,\u00a0<a href=\"https:\/\/x.com\/DrPramodPSawant\/status\/1997512124260835426\" class=\"_link_o9xde_39\" rel=\"nofollow\">skriver han i oppdateringen<\/a>.<\/p>\n<p class=\"_paragraph_o9xde_4 _paragraph_xtcu6_10 layout-component text-serif-m layout-normal text-serif-m layout-padded\">Sawant, som kom raskt til stedet selv, opplyste tidligere p\u00e5 natten at tre eller fire av de omkomne var turister. S\u00e5 langt er det ukjent om noen av dem kan v\u00e6re nordmenn. NTB kontaktet natt til s\u00f8ndag Utenriksdepartementet, forel\u00f8pig uten \u00e5 ha f\u00e5tt svar.<\/p>\n<p>Aktiver kart<br \/>\nGassflaske<\/p>\n<p class=\"_paragraph_o9xde_4 _paragraph_xtcu6_10 layout-component text-serif-m layout-normal text-serif-m layout-padded\">Indisk politi opplyser at brannen trolig ble utl\u00f8st av en gassflaske som eksploderte like etter midnatt natt til s\u00f8ndag. Brannmannskaper ble sendt til stedet.<\/p>\n<p class=\"_paragraph_o9xde_4 _paragraph_xtcu6_10 layout-component text-serif-m layout-normal text-serif-m layout-padded\">Tidlig s\u00f8ndag morgen var brannen under kontroll, skriver avisen\u00a0<a href=\"https:\/\/indianexpress.com\/article\/india\/23-dead-in-midnight-fire-at-goa-club-cylinder-blast-suspected-to-be-behind-the-blaze-police-say-most-victims-appear-to-be-club-staff-10406666\/\" class=\"_link_o9xde_39\" rel=\"nofollow noopener\" target=\"_blank\">The Indian Express<\/a>.<\/p>\n<p class=\"_paragraph_o9xde_4 _paragraph_xtcu6_10 layout-component text-serif-m layout-normal text-serif-m layout-padded\">Press Trust of India siterer lokalpolitikeren Michael Lobo p\u00e5 at myndighetene skal gjennomf\u00f8re brannverninspeksjoner i lignende lokaler for \u00e5 hindre nye tilsvarende tragedier.<\/p>\n<p class=\"_paragraph_o9xde_4 _paragraph_xtcu6_10 layout-component text-serif-m layout-normal text-serif-m layout-padded\">Branner oppst\u00e5r jevnlig i India som f\u00f8lge av d\u00e5rlig byggeskikk og manglende overholdelse av reguleringer og sikkerhetstiltak.<\/p>\n<p class=\"_paragraph_o9xde_4 _paragraph_xtcu6_10 layout-component text-serif-m layout-normal text-serif-m layout-padded\">Nattklubben er i distriktet Arpora nord i Goa, n\u00e6r Baga, der en av delstatens mest popul\u00e6re strender ligger. Goa er Indias minste delstat og et popul\u00e6rt turistm\u00e5l, ogs\u00e5 for utlendinger.<\/p>\n<p><img alt=\"Goa er et popul\u00e6rt feriested med sine lange sandstrender.   Foto: SAJJAD HUSSAIN \/ AFP \/ NTB\" class=\"_image_qp4xg_65 layout-component layout-normal\" data-fullscreen- data-track-element-type=\"Article image fullscreen\" data-track-name=\"ImageFullscreen\" decoding=\"async\" loading=\"lazy\" height=\"1264\" itemprop=\"image\"  src=\"https:\/\/www.europesays.com\/no\/wp-content\/uploads\/2025\/12\/fbb70e2e-ea5c-431a-8eef-5928107f94fb\"  style=\"object-position:0% 0%\" width=\"2500\"\/>Goa er et popul\u00e6rt feriested med sine lange sandstrender.   Foto: SAJJAD HUSSAIN \/ AFP \/ NTBEtterforskning<\/p>\n<p class=\"_paragraph_o9xde_4 _paragraph_xtcu6_10 layout-component text-serif-m layout-normal text-serif-m layout-padded\">Sawant varsler etterforskning.<\/p>\n<p class=\"_paragraph_o9xde_4 _paragraph_xtcu6_10 layout-component text-serif-m layout-normal text-serif-m layout-padded\">\u2013 De ansvarlige skal m\u00f8tes med lovens kraft. Enhver uaktsomhet skal tas h\u00e5nd om, uttaler han.<\/p>\n<p class=\"_paragraph_o9xde_4 _paragraph_xtcu6_10 layout-component text-serif-m layout-normal text-serif-m layout-padded\">If\u00f8lge f\u00f8rsteministeren hadde ikke nattklubben tillatelsene i orden.<\/p>\n<p class=\"_paragraph_o9xde_4 _paragraph_xtcu6_10 layout-component text-serif-m layout-normal text-serif-m layout-padded\">\u2013 Dette er en tragisk hendelse som aldri burde ha skjedd. Lokalet drev uten n\u00f8dvendige tillatelser, og denne uaktsomheten f\u00f8rte til brannen, sier ministeren.<\/p>\n<p class=\"_paragraph_o9xde_4 _paragraph_xtcu6_10 layout-component text-serif-m layout-normal text-serif-m layout-padded\">Indias statsminister Narendra Modi sender kondolanser til alle som har mistet sine kj\u00e6re. I\u00a0<a href=\"https:\/\/x.com\/narendramodi\/status\/1997469221551546479\" class=\"_link_o9xde_39\" rel=\"nofollow\">en melding p\u00e5 X<\/a>\u00a0skriver statsministeren at han har snakket med Sawant om saken og sier at alle ber\u00f8rte skal f\u00e5 all n\u00f8dvendig hjelp.<\/p>\n<p>    <img decoding=\"async\" alt=\"Tips oss illustrasjon\" src=\"https:\/\/www.europesays.com\/no\/wp-content\/uploads\/2025\/10\/pssst-small.webp.webp\"\/>    <\/p>\n<p class=\"title-serif-s\">Har du tips?<\/p>\n<p class=\"text-sans-m\">Send oss informasjon, bilder eller video.<\/p>\n<p>  <a href=\"https:\/\/www.vg.no\/tips-oss\" rel=\"nofollow noopener\" target=\"_blank\"> Tips oss <\/a>      <\/p>\n","protected":false},"excerpt":{"rendered":"Flere turister er blant de omkomne if\u00f8lge lokale myndigheter. Foto: Goa Congress Oppdatert s\u00f8ndag 7. desember kl. 05:33&hellip;\n","protected":false},"author":2,"featured_media":106255,"comment_status":"","ping_status":"","sticky":false,"template":"","format":"standard","meta":{"footnotes":""},"categories":[12],"tags":[20,21,24,25,15,22,23,13,30,28,29,14,16,26,27,42,43,44,45],"class_list":{"0":"post-106254","1":"post","2":"type-post","3":"status-publish","4":"format-standard","5":"has-post-thumbnail","7":"category-verden","8":"tag-breaking-news","9":"tag-breakingnews","10":"tag-featured-news","11":"tag-featurednews","12":"tag-headlines","13":"tag-latest-news","14":"tag-latestnews","15":"tag-news","16":"tag-no","17":"tag-norge","18":"tag-norway","19":"tag-nyheter","20":"tag-overskrifter","21":"tag-top-stories","22":"tag-topstories","23":"tag-verden","24":"tag-world","25":"tag-world-news","26":"tag-worldnews"},"share_on_mastodon":{"url":"https:\/\/pubeurope.com\/@no\/115676511430214683","error":""},"_links":{"self":[{"href":"https:\/\/www.europesays.com\/no\/wp-json\/wp\/v2\/posts\/106254","targetHints":{"allow":["GET"]}}],"collection":[{"href":"https:\/\/www.europesays.com\/no\/wp-json\/wp\/v2\/posts"}],"about":[{"href":"https:\/\/www.europesays.com\/no\/wp-json\/wp\/v2\/types\/post"}],"author":[{"embeddable":true,"href":"https:\/\/www.europesays.com\/no\/wp-json\/wp\/v2\/users\/2"}],"replies":[{"embeddable":true,"href":"https:\/\/www.europesays.com\/no\/wp-json\/wp\/v2\/comments?post=106254"}],"version-history":[{"count":0,"href":"https:\/\/www.europesays.com\/no\/wp-json\/wp\/v2\/posts\/106254\/revisions"}],"wp:featuredmedia":[{"embeddable":true,"href":"https:\/\/www.europesays.com\/no\/wp-json\/wp\/v2\/media\/106255"}],"wp:attachment":[{"href":"https:\/\/www.europesays.com\/no\/wp-json\/wp\/v2\/media?parent=106254"}],"wp:term":[{"taxonomy":"category","embeddable":true,"href":"https:\/\/www.europesays.com\/no\/wp-json\/wp\/v2\/categories?post=106254"},{"taxonomy":"post_tag","embeddable":true,"href":"https:\/\/www.europesays.com\/no\/wp-json\/wp\/v2\/tags?post=106254"}],"curies":[{"name":"wp","href":"https:\/\/api.w.org\/{rel}","templated":true}]}}