{"id":106256,"date":"2025-12-07T05:04:33","date_gmt":"2025-12-07T05:04:33","guid":{"rendered":"https:\/\/www.europesays.com\/no\/106256\/"},"modified":"2025-12-07T05:04:33","modified_gmt":"2025-12-07T05:04:33","slug":"regjeringen-blar-opp-milliarder-til-ubater-og-raketter-helt-uunnvaerlig-2","status":"publish","type":"post","link":"https:\/\/www.europesays.com\/no\/106256\/","title":{"rendered":"Regjeringen blar opp milliarder til ub\u00e5ter og raketter: \u2013 Helt uunnv\u00e6rlig"},"content":{"rendered":"<p class=\"extendedContent hyperion-css-p6op2h\" data-test-tag=\"lead-text\">To nye ub\u00e5ter og artilleri med 500 kilometers rekkevidde inng\u00e5r i regjeringens siste forsvarssatsing. Fra Bardufoss kan rakettene n\u00e5 helt til russergrensa.<\/p>\n<p>Norge skal kj\u00f8pe inn langtrekkende raketter. Blant alternativene er s\u00f8rkoreanske K239 Chunmoo.<\/p>\n<p>1 av 4Foto: AP \/ NTB<\/p>\n<ol class=\"hyperion-css-v28fi1\">\n<li class=\"hyperion-css-0\">\n<ul class=\"hyperion-css-w8vnca\">\n<li aria-label=\"link\" class=\"narrow-button hyperion-css-1sz7d3n\">bt-linkKopier lenke<\/li>\n<li aria-label=\"link\" class=\"wide-button hyperion-css-1sz7d3n\">bt-linkKopier lenke<\/li>\n<\/ul>\n<\/li>\n<li class=\"hyperion-css-0\"\/><\/ol>\n<p>Publisert: Publisert: <\/p>\n<p>I g\u00e5r 12:59<\/p>\n<p class=\"hyperion-css-zwo8lj\"> Nyheten ble lagt fram i statsr\u00e5d fredag og f\u00f8lger opp Stortingets <a aria-label=\"enstemmige vedtak\" class=\"default hyperion-css-1raymq9\" href=\"https:\/\/www.stortinget.no\/no\/Saker-og-publikasjoner\/Publikasjoner\/Innstillinger\/Stortinget\/2023-2024\/inns-202324-426s\/\" rel=\"noopener nofollow noreferrer\" data-test-tag=\"external-link\" target=\"_blank\">enstemmige vedtak<\/a> om Forsvarets langtidsplan fra juni i fjor.<\/p>\n<p class=\"hyperion-css-zwo8lj\">Den stadig st\u00f8rre trusselen fra Russland i nord trekkes fram som hoved\u00e5rsaken til de siste innkj\u00f8pene.<\/p>\n<p class=\"hyperion-css-zwo8lj\">\u2013 Som Natos \u00f8yne og \u00f8rer i nord stiller det st\u00f8rre krav til v\u00e5r evne til \u00e5 vise tilstedev\u00e6relse, overv\u00e5ke og avskrekke i v\u00e5re n\u00e6romr\u00e5der. I den sammenhengen er ub\u00e5ter helt uunnv\u00e6rlig, sa forsvarsminister Tore O. Sandvik (Ap) p\u00e5 en pressekonferanse fredag ettermiddag.<\/p>\n<p>N\u00e6rmer seg 100 milliarder<\/p>\n<p class=\"hyperion-css-zwo8lj\"> To av de norske ub\u00e5tene er allerede under konstruksjon i Tyskland, og den f\u00f8rste ub\u00e5ten skal etter planen leveres til Sj\u00f8forsvaret i 2029, skriver Forsvarsdepartementet i en <a aria-label=\"pressemelding\" class=\"default hyperion-css-1raymq9\" href=\"https:\/\/www.regjeringen.no\/no\/aktuelt\/regjeringen-gar-inn-for-anskaffelse-av-ytterligere-to-ubater\/id3142018\/\" rel=\"noopener nofollow noreferrer\" data-test-tag=\"external-link\" target=\"_blank\">pressemelding<\/a>.<\/p>\n<p class=\"hyperion-css-zwo8lj\"> If\u00f8lge <a aria-label=\"TV 2\" class=\"default hyperion-css-1raymq9\" href=\"https:\/\/www.tv2.no\/nyheter\/innenriks\/vil-bruke-19-milliarder-pa-presisjonsvapen\/18352966\/\" rel=\"noopener nofollow noreferrer\" data-test-tag=\"external-link\" target=\"_blank\">TV 2<\/a> , som omtalte saken f\u00f8rst, har de nye, tyskproduserte ub\u00e5tene av typen 212CD en prislapp p\u00e5 13 milliarder kroner per stykk. <\/p>\n<p class=\"hyperion-css-zwo8lj\">Den opprinnelige kostnadsrammen fra 2021 var p\u00e5 46 milliarder, men blir doblet med de nye anskaffelsene.<\/p>\n<p class=\"hyperion-css-zwo8lj\"> Ub\u00e5tkj\u00f8pene er dermed i ferd med \u00e5 n\u00e6rme seg tidenes st\u00f8rste forsvarsinnkj\u00f8p i pris. Det var i sin tid kampflyene F-35. Anskaffelsen av de 52 flyene er beregnet \u00e5 ha kostet 104,9 milliarder 2025-kroner, skriver <a aria-label=\"Aftenposten\" class=\"default hyperion-css-1raymq9\" href=\"https:\/\/www.aftenposten.no\/verden\/i\/wrEPpG\/norges-kjoep-av-seks-ubaater-naermer-seg-prisen-for-52-kampfly\" rel=\"noopener nofollow\" data-test-tag=\"external-link\" target=\"_blank\">Aftenposten<\/a>.<\/p>\n<p class=\"hyperion-css-zwo8lj\">Imidlertid er prislappen enda h\u00f8yere p\u00e5 de britiske fregattene som det tidligere i \u00e5r ble besluttet \u00e5 kj\u00f8pe. De blir ansl\u00e5tt \u00e5 koste n\u00e6rmere 140 milliarder kroner.<\/p>\n<p>F\u00e5r \u00f8nsket oppfylt<\/p>\n<p class=\"hyperion-css-zwo8lj\">I tillegg til to nye ub\u00e5ter skal det kj\u00f8pes inn raketter for 19 milliarder kroner som kan treffe m\u00e5l p\u00e5 500 kilometers avstand. Det er en helt ny v\u00e5pentype i Norge. Dagens artilleri har 40 kilometers rekkevidde, mens de nye vil ha en rekkevidde som gj\u00f8r at de fra Indre Troms kan n\u00e5 Russland.<\/p>\n<p class=\"hyperion-css-zwo8lj\">Forsvarssjef Eirik Kristoffersen har lenge hatt dette p\u00e5 \u00f8nskelisten. I sitt fagmilit\u00e6re r\u00e5d har han sagt at det er s\u00e6rlig viktig \u00e5 styrke Forsvaret med langtrekkende v\u00e5pen for \u00e5 kunne p\u00e5f\u00f8re fienden tap. <\/p>\n<p class=\"hyperion-css-zwo8lj\">\u2013 Norge og Nato truer ingen, men vi lever i en stadig mer urolig tid. Det er viktig at vi har forsvarskapasiteter som kan avskrekke en mulig motstander fra \u00e5 gj\u00f8re oss noe vondt, sier Sandvik.<\/p>\n<p class=\"hyperion-css-zwo8lj\">Det er to alternativer \u00e5 velge mellom: amerikanske Himars og s\u00f8rkoreanske Chunmoo. Anskaffelsen skal ogs\u00e5 omfatte utskytningsenheter, logistikkst\u00f8tte, utdanningsmateriell og st\u00f8ttesystemer.<\/p>\n<p class=\"hyperion-css-zwo8lj\"> Tyske KNDS var tidligere med i konkurransen, men er n\u00e5 ute, sa Sandvik til <a aria-label=\"VG\" class=\"default hyperion-css-1raymq9\" href=\"https:\/\/www.vg.no\/nyheter\/i\/zOL7lw\/regjeringen-kjoeper-langtrekkende-artilleri-krf-anklager-regjeringen-for-israel-allergi\" rel=\"noopener nofollow noreferrer\" data-test-tag=\"external-link\" target=\"_blank\">VG<\/a> fredag. Han sier tilbudet ikke oppfylte kriteriene.<\/p>\n<p class=\"hyperion-css-zwo8lj\"> Det skal ogs\u00e5 opprettes en ny rakettartilleribataljon i Indre Troms for \u00e5 betjene det nye artilleriet. Forsvarssjefen skal snart komme med sin anbefaling om plassering, skriver <a aria-label=\"NRK\" class=\"default hyperion-css-1raymq9\" href=\"https:\/\/www.nrk.no\/tromsogfinnmark\/investerer-19-milliarder-pa-forsvaret_-vil-kjope-langtrekkende-artilleri-1.17680537\" rel=\"noopener nofollow noreferrer\" data-test-tag=\"external-link\" target=\"_blank\">NRK<\/a>. <\/p>\n<p>Publisert: <\/p>\n<p>Publisert: 5. desember 2025 12:59<\/p>\n<p>Oppdatert: 5. desember 2025 20:00<\/p>\n","protected":false},"excerpt":{"rendered":"To nye ub\u00e5ter og artilleri med 500 kilometers rekkevidde inng\u00e5r i regjeringens siste forsvarssatsing. Fra Bardufoss kan rakettene&hellip;\n","protected":false},"author":2,"featured_media":8101,"comment_status":"","ping_status":"","sticky":false,"template":"","format":"standard","meta":{"footnotes":""},"categories":[10],"tags":[20,21,24,25,15,22,23,13,30,28,29,14,16,26,27],"class_list":{"0":"post-106256","1":"post","2":"type-post","3":"status-publish","4":"format-standard","5":"has-post-thumbnail","7":"category-norge","8":"tag-breaking-news","9":"tag-breakingnews","10":"tag-featured-news","11":"tag-featurednews","12":"tag-headlines","13":"tag-latest-news","14":"tag-latestnews","15":"tag-news","16":"tag-no","17":"tag-norge","18":"tag-norway","19":"tag-nyheter","20":"tag-overskrifter","21":"tag-top-stories","22":"tag-topstories"},"share_on_mastodon":{"url":"https:\/\/pubeurope.com\/@no\/115676542660682821","error":""},"_links":{"self":[{"href":"https:\/\/www.europesays.com\/no\/wp-json\/wp\/v2\/posts\/106256","targetHints":{"allow":["GET"]}}],"collection":[{"href":"https:\/\/www.europesays.com\/no\/wp-json\/wp\/v2\/posts"}],"about":[{"href":"https:\/\/www.europesays.com\/no\/wp-json\/wp\/v2\/types\/post"}],"author":[{"embeddable":true,"href":"https:\/\/www.europesays.com\/no\/wp-json\/wp\/v2\/users\/2"}],"replies":[{"embeddable":true,"href":"https:\/\/www.europesays.com\/no\/wp-json\/wp\/v2\/comments?post=106256"}],"version-history":[{"count":0,"href":"https:\/\/www.europesays.com\/no\/wp-json\/wp\/v2\/posts\/106256\/revisions"}],"wp:featuredmedia":[{"embeddable":true,"href":"https:\/\/www.europesays.com\/no\/wp-json\/wp\/v2\/media\/8101"}],"wp:attachment":[{"href":"https:\/\/www.europesays.com\/no\/wp-json\/wp\/v2\/media?parent=106256"}],"wp:term":[{"taxonomy":"category","embeddable":true,"href":"https:\/\/www.europesays.com\/no\/wp-json\/wp\/v2\/categories?post=106256"},{"taxonomy":"post_tag","embeddable":true,"href":"https:\/\/www.europesays.com\/no\/wp-json\/wp\/v2\/tags?post=106256"}],"curies":[{"name":"wp","href":"https:\/\/api.w.org\/{rel}","templated":true}]}}