{"id":106271,"date":"2025-12-07T05:48:11","date_gmt":"2025-12-07T05:48:11","guid":{"rendered":"https:\/\/www.europesays.com\/no\/106271\/"},"modified":"2025-12-07T05:48:11","modified_gmt":"2025-12-07T05:48:11","slug":"avslorer-nar-han-og-klaebo-drakk-alkohol-sist","status":"publish","type":"post","link":"https:\/\/www.europesays.com\/no\/106271\/","title":{"rendered":"Avsl\u00f8rer n\u00e5r han og Kl\u00e6bo drakk alkohol sist."},"content":{"rendered":"\n<ul class=\"_list_o9xde_3 _list_64s2r_85 _unordered_o9xde_106 text-sans-m\">\n<li class=\"_item_o9xde_30\">Emil Iversen har kopiert Johannes H\u00f8sflot Kl\u00e6bos livsstil for \u00e5 prestere bedre.<\/li>\n<li class=\"_item_o9xde_30\">Han mener hans f\u00f8rste pallplass p\u00e5 nesten fem \u00e5r viser at endringer i kosthold, s\u00f8vn og trening gir resultater.<\/li>\n<li class=\"_item_o9xde_30\">Iversen h\u00e5per p\u00e5 mer verdenscup og en plass i OL-troppen.<\/li>\n<\/ul>\n<p>Vis mer <\/p>\n<p class=\"_paragraph_o9xde_4 _paragraph_xtcu6_10 layout-component text-serif-m layout-normal text-serif-m layout-padded\">Det gir i hvert fall resultater og Iversen og trekker frem at hans f\u00f8rste pallplass i et topprenn p\u00e5 nesten fem \u00e5r er et bevis p\u00e5 det.<\/p>\n<p class=\"_paragraph_o9xde_4 _paragraph_xtcu6_10 layout-component text-serif-m layout-normal text-serif-m layout-padded\">Og Iversen innr\u00f8mmer at blant annet 60 h\u00f8yded\u00f8gn 60 h\u00f8yded\u00f8gnIversen og Kl\u00e6bo har v\u00e6rt i USA og Italia sammen og bodd mange tusen meter over havet.  med Kl\u00e6bo har vanvittig mye \u00e5 si \u2013 ikke bare n\u00e5r det gjelder trening, men ogs\u00e5 s\u00f8vn, kosthold og livsstil.<\/p>\n<p class=\"_paragraph_o9xde_4 _paragraph_xtcu6_10 layout-component text-serif-m layout-normal text-serif-m layout-padded\">\u2013 Jeg har ikke r\u00f8rt et vinglass\u2026 Sist Johannes og jeg tok en vodka med Red Bull  vodka med Red Bull En popul\u00e6r drink av energidrikk og vodka.var i juli i 03.00-tiden. Det var det siste glasset med alkohol. Siden har jeg ikke r\u00f8rt en dritt, sier Iversen.<\/p>\n<p><img decoding=\"async\" alt=\"Bilde av Emil Iversen\" class=\"_image_ygndg_42\" height=\"27\" itemprop=\"image\" loading=\"lazy\"  src=\"https:\/\/www.europesays.com\/no\/wp-content\/uploads\/2025\/12\/e5485890-646e-42f5-90f2-083b49fa87ed\"  width=\"40\"\/><strong class=\"_name_ygndg_51 title-serif-xs\">Emil Iversen<\/strong><\/p>\n<p class=\"_paragraph_o9xde_4 _paragraph_xtcu6_10 layout-component text-serif-m layout-normal text-serif-m layout-padded\">Han fortsetter:<\/p>\n<p class=\"_paragraph_o9xde_4 _paragraph_xtcu6_10 layout-component text-serif-m layout-normal text-serif-m layout-padded\">\u2013 Det er vann, kombuchakombuchaKombucha er fermentert te., sunnere mat. Vi legger oss tidligere. Det har v\u00e6rt en veldig artig reise. Men jeg hadde ikke klart det i 15 \u00e5r, som han har holdt p\u00e5.<\/p>\n<p class=\"_paragraph_o9xde_4 _paragraph_xtcu6_10 layout-component text-serif-m layout-normal text-serif-m layout-padded\">Han var stort sett h\u00f8yt oppe i Gran\u00e5sen-anlegget i Trondheim l\u00f8rdag.<\/p>\n<p class=\"_paragraph_o9xde_4 _paragraph_xtcu6_10 layout-component text-serif-m layout-normal text-serif-m layout-padded\">Pallplassen kommer godt med i en periode der han<a href=\"https:\/\/www.vg.no\/sport\/i\/OkbXXV\/emil-iversen-rasende-paa-uttaket-til-verdenscupen-i-ruka-tror-du-er-med-paa-skjult-kamera\" data-track-element-type=\"Link\" data-track-id=\"link:OkbXXV\" class=\"_link_o9xde_39\" rel=\"nofollow noopener\" target=\"_blank\"> har gjort seg aller mest bemerket for \u00e5 kritisere Norges Skiforbund<\/a> etter at ski-ledelsen vraket ham til verdenscup\u00e5pningen sist helg.<\/p>\n<p class=\"_paragraph_o9xde_4 _paragraph_xtcu6_10 layout-component text-serif-m layout-normal text-serif-m layout-padded\">Se hvordan Iversen reagerte etter l\u00f8rdagens tredjeplass:<\/p>\n<p class=\"_paragraph_o9xde_4 _paragraph_xtcu6_10 layout-component text-serif-m layout-normal text-serif-m layout-padded\">N\u00e5 har han pallplass i verdenscupen og kan bli vanskelig \u00e5 komme utenom til viktige renn i denne OL-sesongen.<\/p>\n<p class=\"_paragraph_o9xde_4 _paragraph_xtcu6_10 layout-component text-serif-m layout-normal text-serif-m layout-padded\"><strong class=\"_strong_o9xde_25\">\u2013 Hvordan blir det for ski-ledelsen \u00e5 forholde seg til deg n\u00e5 fremover?<\/strong><\/p>\n<p class=\"_paragraph_o9xde_4 _paragraph_xtcu6_10 layout-component text-serif-m layout-normal text-serif-m layout-padded\">\u2013 Det er et godt sp\u00f8rsm\u00e5l. Det blir et helvete, sikkert. Hvordan skal de komme utenom meg n\u00e5? N\u00e5 er det snakk om \u00e5 arrangere et skikkelig m\u00f8te p\u00e5 Ullevaal m\u00f8te p\u00e5 Ullevaal Skiforbundet har sine lokaler p\u00e5 Ullevaal stadion.og lete etter veier hvordan de kan komme seg rundt meg, sier Iversen \u2013 som et stikk, men mest som en fleip.<\/p>\n<p class=\"_paragraph_o9xde_4 _paragraph_xtcu6_10 layout-component text-serif-m layout-normal text-serif-m layout-padded\">\u2013 Selv om de har v\u00e6rt r\u00f8ffe mot meg i noen uttak, etter min mening, s\u00e5 er det mange i forbundet som heier veldig p\u00e5 meg ogs\u00e5. Jeg har f\u00e5tt st\u00f8tte og gratulasjoner. Jeg h\u00e5per jeg f\u00e5r g\u00e5 mer verdenscup og Tour de Ski. Det er en kjempes\u00f8knad for \u00e5 g\u00e5 OL ogs\u00e5, det er det som er det syke.<\/p>\n<p class=\"_paragraph_o9xde_4 _paragraph_xtcu6_10 layout-component text-serif-m layout-normal text-serif-m layout-padded\">\u2013 Det blir hodebry for ledelsen. Kommer jeg p\u00e5 pallen her, s\u00e5 kan jeg ta OL-medalje. S\u00e5 enkelt er det. For det er lettere i OL, her er det jo \u00e5tte nordmenn blant de \u00e5tte beste, sier Iversen.<\/p>\n<p class=\"_paragraph_o9xde_4 _paragraph_xtcu6_10 layout-component text-serif-m layout-normal text-serif-m layout-padded\">Forholdet og samarbeidet med Kl\u00e6bo trekkes i hvert fall frem som en n\u00f8kkel for at Iversen har snudd det han omtaler som \u00abet helvete\u00bb i mange \u00e5r til noe som ligner det han en gang var.<\/p>\n<p class=\"_paragraph_o9xde_4 _paragraph_xtcu6_10 layout-component text-serif-m layout-normal text-serif-m layout-padded\">Kanskje ikke rart at en av de f\u00f8rste Iversen ga en klem til var Kl\u00e6bos pappa, Haakon.<\/p>\n<p class=\"_paragraph_o9xde_4 _paragraph_xtcu6_10 layout-component text-serif-m layout-normal text-serif-m layout-padded\">Han er manager og altmuligmann i lille \u00abTeam Kl\u00e6bo\u00bb. Haakon Kl\u00e6bo har v\u00e6rt med p\u00e5 mange av turene de to kompisene har hatt sammen i denne oppkj\u00f8ringen.<\/p>\n<p><img alt=\"Emil Iversen og Haakon Kl\u00e6bo, her etter l\u00f8rdagens tredjeplass.  Foto: MAXIM THORE \/ BILDBYR\u00c5N\" class=\"_image_qp4xg_65 layout-component layout-normal\" data-fullscreen- data-track-element-type=\"Article image fullscreen\" data-track-name=\"ImageFullscreen\" decoding=\"async\" loading=\"lazy\" height=\"3623\" itemprop=\"image\"  src=\"https:\/\/www.europesays.com\/no\/wp-content\/uploads\/2025\/12\/66e42d81-33c8-4815-826a-d09f279cee43\"  style=\"object-position:0% 0%\" width=\"5435\"\/>Emil Iversen og Haakon Kl\u00e6bo, her etter l\u00f8rdagens tredjeplass.  Foto: MAXIM THORE \/ BILDBYR\u00c5N<\/p>\n<p class=\"_paragraph_o9xde_4 _paragraph_xtcu6_10 layout-component text-serif-m layout-normal text-serif-m layout-padded\">Pappa Ole Morten Iversen har et langt liv som langrennstrener bak seg og samtidig fulgt s\u00f8nnens karriere tett.<\/p>\n<p class=\"_paragraph_o9xde_4 _paragraph_xtcu6_10 layout-component text-serif-m layout-normal text-serif-m layout-padded\">Han var til stede i s\u00f8nnens vinn eller forsvinn-renn l\u00f8rdag ogs\u00e5.<\/p>\n<p class=\"_paragraph_o9xde_4 _paragraph_xtcu6_10 layout-component text-serif-m layout-normal text-serif-m layout-padded\">Ole Morten Iversen er i hvert fall tydelig p\u00e5 at s\u00f8nnen har tatt noen ordentlig store tak p\u00e5 n\u00f8kkelomr\u00e5der: Kosthold, livsstil, s\u00f8vn, trening i h\u00f8yden.<\/p>\n<p><img decoding=\"async\" alt=\"Bilde av Ole Morten Iversen\" class=\"_image_ygndg_42\" height=\"27\" itemprop=\"image\" loading=\"lazy\"  src=\"https:\/\/www.europesays.com\/no\/wp-content\/uploads\/2025\/12\/85d3a331-3afa-4f72-af9c-1ac9e6cce763\"  width=\"40\"\/><strong class=\"_name_ygndg_51 title-serif-xs\">Ole Morten Iversen<\/strong><\/p>\n<p class=\"_paragraph_o9xde_4 _paragraph_xtcu6_10 layout-component text-serif-m layout-normal text-serif-m layout-padded\">Da VG sp\u00f8r om han kan utdype hva han legger i at s\u00f8nnen har forbedret kostholdet og livsstilen, svarer han slik:<\/p>\n<p class=\"_paragraph_o9xde_4 _paragraph_xtcu6_10 layout-component text-serif-m layout-normal text-serif-m layout-padded\">\u2013 Han har jo tidligere g\u00e5tt fort p\u00e5 ski uten \u00e5 v\u00e6re en typisk toppidrettsut\u00f8ver. Det er ikke snakk om noe fyll og fest, men han er en glad gutt som sitter litt lengre oppe p\u00e5 kveldene, det er mye Playstation p\u00e5 tidspunkter av d\u00f8gnet han ikke burde spilt, og snudd d\u00f8gnet litt.<\/p>\n<p class=\"_paragraph_o9xde_4 _paragraph_xtcu6_10 layout-component text-serif-m layout-normal text-serif-m layout-padded\">Han fortsetter:<\/p>\n<p class=\"_paragraph_o9xde_4 _paragraph_xtcu6_10 layout-component text-serif-m layout-normal text-serif-m layout-padded\">\u2013 N\u00e5 har han lagt seg tidlig og det med kosthold handler om \u00e5 spise mer av ting han b\u00f8r, og mindre av ting man ikke b\u00f8r spise. Men han er ikke like flink som Johannes, sier pappa Iversen og humrer.<\/p>\n<p class=\"_paragraph_o9xde_4 _paragraph_xtcu6_10 layout-component text-serif-m layout-normal text-serif-m layout-padded\">Frida Karlsson har ikke akkurat den beste oppladningen til l\u00f8rdagens 20 kilometer:<\/p>\n<p class=\"_paragraph_o9xde_4 _paragraph_xtcu6_10 layout-component text-serif-m layout-normal text-serif-m layout-padded\">Hovedpersonen forteller at han har optimalisert i alle ledd og f\u00e5tt hjelp av en mentaltrener.\u00a0<\/p>\n<p class=\"_paragraph_o9xde_4 _paragraph_xtcu6_10 layout-component text-serif-m layout-normal text-serif-m layout-padded\">\u2013 Jeg f\u00f8ler meg som en million. Jeg f\u00f8ler meg sterk, sover godt, jeg er lett og rapp i kroppen. Bedre trent enn noen gang. Det er deilig \u00e5 vise det p\u00e5 skirenn ogs\u00e5 og ikke bare snakke om det. Det har v\u00e6rt mye snakk med meg, erkjenner Iversen.<\/p>\n<p class=\"_paragraph_o9xde_4 _paragraph_xtcu6_10 layout-component text-serif-m layout-normal text-serif-m layout-padded\">\u2013 Men n\u00e5 har jeg levert veldig gode skirenn. Det handler om knallhard trening og optimalisering i alle ledd. Jeg har blitt mer lik Kl\u00e6bo.<\/p>\n<p class=\"_paragraph_o9xde_4 _paragraph_xtcu6_10 layout-component text-serif-m layout-normal text-serif-m layout-padded\">Her g\u00e5r det galt for Frida Karlsson i damenes 20 kilometer l\u00f8rdag:<\/p>\n<p class=\"_paragraph_o9xde_4 _paragraph_xtcu6_10 layout-component text-serif-m layout-normal text-serif-m layout-padded\">Han f\u00f8ler han skylder Kl\u00e6bo b\u00e5de penger og takk.<\/p>\n<p class=\"_paragraph_o9xde_4 _paragraph_xtcu6_10 layout-component text-serif-m layout-normal text-serif-m layout-padded\">\u2013 Det hadde ikke blitt noe av denne satsingen om det ikke var for Kl\u00e6bo. Jeg er takknemlig for at han ville ha med meg p\u00e5 samling. At han har \u00e5pnet litt mer opp. Han er ganske hemmelighetsfull, han deler ikke alt med meg, men deler mye. Han har inspirert meg kraftig.<\/p>\n<p class=\"_paragraph_o9xde_4 _paragraph_xtcu6_10 layout-component text-serif-m layout-normal text-serif-m layout-padded\">\u2013 Han og faren (Haakon Kl\u00e6bo) har hatt troen p\u00e5 meg. De har v\u00e6rt veldig snille med meg. Vi m\u00e5 finne noe lurt \u00e5 kj\u00f8pe til dem, sier Iversen og gliser.<\/p>\n<p class=\"_paragraph_o9xde_4 _paragraph_xtcu6_10 layout-component text-serif-m layout-normal text-serif-m layout-padded\"><strong class=\"_strong_o9xde_25\">PS:<\/strong> Verdenscupen i Trondheim fortsetter s\u00f8ndag. Da er det 10 kilometer fristil for b\u00e5de herrer og damer.<\/p>\n","protected":false},"excerpt":{"rendered":"Emil Iversen har kopiert Johannes H\u00f8sflot Kl\u00e6bos livsstil for \u00e5 prestere bedre. Han mener hans f\u00f8rste pallplass p\u00e5&hellip;\n","protected":false},"author":2,"featured_media":106272,"comment_status":"","ping_status":"","sticky":false,"template":"","format":"standard","meta":{"footnotes":""},"categories":[59],"tags":[3647,711,398,30,28,29,83,82,399],"class_list":{"0":"post-106271","1":"post","2":"type-post","3":"status-publish","4":"format-standard","5":"has-post-thumbnail","7":"category-sport","8":"tag-emil-iversen","9":"tag-johannes-hosflot-klaebo","10":"tag-langrenn","11":"tag-no","12":"tag-norge","13":"tag-norway","14":"tag-sport","15":"tag-sports","16":"tag-vintersport"},"share_on_mastodon":{"url":"https:\/\/pubeurope.com\/@no\/115676716033468129","error":""},"_links":{"self":[{"href":"https:\/\/www.europesays.com\/no\/wp-json\/wp\/v2\/posts\/106271","targetHints":{"allow":["GET"]}}],"collection":[{"href":"https:\/\/www.europesays.com\/no\/wp-json\/wp\/v2\/posts"}],"about":[{"href":"https:\/\/www.europesays.com\/no\/wp-json\/wp\/v2\/types\/post"}],"author":[{"embeddable":true,"href":"https:\/\/www.europesays.com\/no\/wp-json\/wp\/v2\/users\/2"}],"replies":[{"embeddable":true,"href":"https:\/\/www.europesays.com\/no\/wp-json\/wp\/v2\/comments?post=106271"}],"version-history":[{"count":0,"href":"https:\/\/www.europesays.com\/no\/wp-json\/wp\/v2\/posts\/106271\/revisions"}],"wp:featuredmedia":[{"embeddable":true,"href":"https:\/\/www.europesays.com\/no\/wp-json\/wp\/v2\/media\/106272"}],"wp:attachment":[{"href":"https:\/\/www.europesays.com\/no\/wp-json\/wp\/v2\/media?parent=106271"}],"wp:term":[{"taxonomy":"category","embeddable":true,"href":"https:\/\/www.europesays.com\/no\/wp-json\/wp\/v2\/categories?post=106271"},{"taxonomy":"post_tag","embeddable":true,"href":"https:\/\/www.europesays.com\/no\/wp-json\/wp\/v2\/tags?post=106271"}],"curies":[{"name":"wp","href":"https:\/\/api.w.org\/{rel}","templated":true}]}}