{"id":106275,"date":"2025-12-07T06:01:15","date_gmt":"2025-12-07T06:01:15","guid":{"rendered":"https:\/\/www.europesays.com\/no\/106275\/"},"modified":"2025-12-07T06:01:15","modified_gmt":"2025-12-07T06:01:15","slug":"hoyre-politikere-kritiserer-ledelse-med-kun-oslo-politikere","status":"publish","type":"post","link":"https:\/\/www.europesays.com\/no\/106275\/","title":{"rendered":"H\u00f8yre-politikere kritiserer ledelse med kun Oslo-politikere"},"content":{"rendered":"\n<p class=\"_lead_o9xde_2 _lead_xtcu6_50 layout-component text-serif-m layout-normal text-serif-l layout-component layout-wide layout-padded _wide_17hqh_1 layout-padded\">Kan H\u00f8yre ha en partiledelse best\u00e5ende kun av folk kun fra Oslo-omr\u00e5det? \u2013 Vi blir aldri \u00e5 akseptere tre fra Oslo, svarer de i nord, s\u00f8r og vest.<\/p>\n<p><img alt=\"B\u00f8-ordf\u00f8rer Sture Pedersen  Foto: Anja A.T. Brekke \/ VG \/ VG\" class=\"_image_qp4xg_65 layout-component layout-wide\" data-fullscreen- data-track-element-type=\"Article image fullscreen\" data-track-name=\"ImageFullscreen\" fetchpriority=\"high\" decoding=\"sync\" loading=\"eager\" height=\"5464\" itemprop=\"image\"  src=\"https:\/\/www.europesays.com\/no\/wp-content\/uploads\/2025\/12\/430bd9a7-fa01-4e66-a1fa-5c8b3ccb78e9\"  style=\"object-position:0% 0%\" width=\"8192\"\/>B\u00f8-ordf\u00f8rer Sture Pedersen  Foto: Anja A.T. Brekke \/ VG \/ VG<\/p>\n<ul aria-hidden=\"true\" class=\"_images_ntbth_112\">\n<li><a class=\"_link_ntbth_117\" href=\"https:\/\/www.vg.no\/forfatter\/martin-laegland\" style=\"z-index:1\" title=\"Martin L\u00e6gland\" rel=\"nofollow noopener\" target=\"_blank\"><img alt=\"Bilde av Martin L\u00e6gland\" class=\"_image_ntbth_93\" fetchpriority=\"low\" loading=\"lazy\" decoding=\"async\" itemprop=\"image\"  src=\"https:\/\/www.europesays.com\/no\/wp-content\/uploads\/2025\/12\/1765087271_902_1d252117-c6eb-46e9-84ad-c09428caf56e\"  width=\"480\"\/><\/a><\/li>\n<\/ul>\n<p> Oppdatert s\u00f8ndag 7. desember kl. 06:38     <\/p>\n<p class=\"_paragraph_o9xde_4 _paragraph_xtcu6_10 layout-component text-serif-m layout-normal text-serif-m layout-padded\">Denne uken har H\u00f8yres valgkomiteer m\u00f8ttes for \u00e5 pr\u00f8ve \u00e5 bli enige om hvem som skal sitte i den nye partiledelsen i H\u00f8yre.<\/p>\n<p class=\"_paragraph_o9xde_4 _paragraph_xtcu6_10 layout-component text-serif-m layout-normal text-serif-m layout-padded\">Flere medier, <a href=\"https:\/\/www.vg.no\/nyheter\/i\/j0Pa9z\/opplysniger-til-vg-asheim-og-svenneby-ligger-an-til-aa-bli-hoeyre-nestledere\" data-track-element-type=\"Link\" data-track-id=\"link:j0Pa9z\" class=\"_link_o9xde_39\" rel=\"nofollow noopener\" target=\"_blank\">deriblant VG<\/a>, har skrevet at det g\u00e5r mot at H\u00f8yres nye ledelse vil best\u00e5 av Ine Eriksen S\u00f8reide som leder, med Henrik Asheim og Ola Svenneby som nestledere. <\/p>\n<p class=\"_paragraph_o9xde_4 _paragraph_xtcu6_10 layout-component text-serif-m layout-normal text-serif-m layout-padded\">Felles for alle tre? De bor i \u2013 eller i umiddelbar n\u00e6rhet av \u2013 Oslo.<\/p>\n<p class=\"_paragraph_o9xde_4 _paragraph_xtcu6_10 layout-component text-serif-m layout-normal text-serif-m layout-padded\">B\u00e5de S\u00f8reide og Svenneby er med i Oslo H\u00f8yre, mens Asheim bor en 20 minutters kj\u00f8retur fra Oslo sentrum, i B\u00e6rum.<\/p>\n<p class=\"_paragraph_o9xde_4 _paragraph_xtcu6_10 layout-component text-serif-m layout-normal text-serif-m layout-padded\">Dermed kan det g\u00e5 mot at Oslo-omr\u00e5det f\u00e5r hele ledelsen i H\u00f8yre.<\/p>\n<p class=\"_paragraph_o9xde_4 _paragraph_xtcu6_10 layout-component text-serif-m layout-normal text-serif-m layout-padded\">Men det liker H\u00f8yre-politikere i resten av landet d\u00e5rlig. <\/p>\n<p>\u2013 Glem det<\/p>\n<p class=\"_paragraph_o9xde_4 _paragraph_xtcu6_10 layout-component text-serif-m layout-normal text-serif-m layout-padded\">Heller ikke i nord st\u00e5r forslaget om tre Oslo-politikere i ledelsen.<\/p>\n<p class=\"_paragraph_o9xde_4 _paragraph_xtcu6_10 layout-component text-serif-m layout-normal text-serif-m layout-padded\">Sture Pedersen, ordf\u00f8rer i B\u00f8 i Vester\u00e5len, er ikke n\u00e5dig etter han har registrert signalene om sammensetningen av ny ledelse. <\/p>\n<p class=\"_paragraph_o9xde_4 _paragraph_xtcu6_10 layout-component text-serif-m layout-normal text-serif-m layout-padded\">\u2013 Vi blir aldri \u00e5 akseptere tre fra Oslo, sier han momentant, og fortsetter:<\/p>\n<p class=\"_paragraph_o9xde_4 _paragraph_xtcu6_10 layout-component text-serif-m layout-normal text-serif-m layout-padded\">\u2013 Jeg kan love deg \u00e9n ting: Vi blir ikke sittende i ro og se p\u00e5 at H\u00f8yre velger tre personer fra \u00f8stlandsomr\u00e5det til H\u00f8yres ledelse. Glem det. Tre stykk som tr\u00f8r skot\u00f8yet sitt p\u00e5 Karl Johan? Ikke aktuelt. <\/p>\n<p class=\"_paragraph_o9xde_4 _paragraph_xtcu6_10 layout-component text-serif-m layout-normal text-serif-m layout-padded\">\u2013 Skjer det, s\u00e5 kan jeg garantere \u00e9n ting: At det blir kamp p\u00e5 landsm\u00f8tet. Enkelt og greit.<\/p>\n<p><img alt=\"Sture Pedersen  Foto: Helge Mikalsen \/ VG\" class=\"_image_qp4xg_65 layout-component layout-normal\" data-fullscreen- data-track-element-type=\"Article image fullscreen\" data-track-name=\"ImageFullscreen\" decoding=\"async\" loading=\"lazy\" height=\"5440\" itemprop=\"image\"  src=\"https:\/\/www.europesays.com\/no\/wp-content\/uploads\/2025\/12\/8d5cb254-f009-45d0-bd48-868d2c7efaaf\"  style=\"object-position:0% 0%\" width=\"7593\"\/>Sture Pedersen  Foto: Helge Mikalsen \/ VG<\/p>\n<p class=\"_paragraph_o9xde_4 _paragraph_xtcu6_10 layout-component text-serif-m layout-normal text-serif-m layout-padded\">Pedersen forteller at han mener at Henrik Asheim m\u00e5 ut, og en annen kandidat inn fra hvor som helst ellers i landet. Han holder en knapp p\u00e5 sin samfylking \u2013 Bod\u00f8-ordf\u00f8rer Odd Emil Ingebrigtsen.<\/p>\n<p class=\"_paragraph_o9xde_4 _paragraph_xtcu6_10 layout-component text-serif-m layout-normal text-serif-m layout-padded\">\u2013 Telefonene g\u00e5r varmt i H\u00f8yre n\u00e5, det kan jeg fortelle deg. Folk er ikke forn\u00f8yde. Jeg synes det er sv\u00e6rt uheldig at de tror det kan komme en ledelse best\u00e5ende kun av folk i Oslo.<\/p>\n<p class=\"_paragraph_o9xde_4 _paragraph_xtcu6_10 layout-component text-serif-m layout-normal text-serif-m layout-padded\">B\u00f8-ordf\u00f8reren oppfordrer n\u00e5 valgkomiteen til \u00e5 lytte til det han mener er et sv\u00e6rt tydelig og misforn\u00f8yd signal fra grasrota i partiet, og oppsummerer med f\u00f8lgende dilemma til valgkomiteen:<\/p>\n<p class=\"_paragraph_o9xde_4 _paragraph_xtcu6_10 layout-component text-serif-m layout-normal text-serif-m layout-padded\">\u2013 De kan velge: Samarbeid eller helvete.<\/p>\n<p>\u2013 Kan aldri st\u00e5 seg<\/p>\n<p class=\"_paragraph_o9xde_4 _paragraph_xtcu6_10 layout-component text-serif-m layout-normal text-serif-m layout-padded\">P\u00e5 Vestlandet forteller den Bergen-bosatte oddingen Eivind N\u00e6vdal-Bolstad at de hadde h\u00e5pet at Peter Christian \u00abPC\u00bb Fr\u00f8lich skal bli nestleder. Han har v\u00e6rt b\u00e5de byr\u00e5d for H\u00f8yre i Bergen og leder av Bergen H\u00f8yre. <\/p>\n<p class=\"_paragraph_o9xde_4 _paragraph_xtcu6_10 layout-component text-serif-m layout-normal text-serif-m layout-padded\">Fr\u00f8lich fortalte l\u00f8rdag kveld <a href=\"https:\/\/www.vg.no\/nyheter\/i\/wrEr2A\/tv2-froelich-sier-nei\" data-track-element-type=\"Link\" data-track-id=\"link:wrEr2A\" class=\"_link_o9xde_39\" rel=\"nofollow noopener\" target=\"_blank\">at han ikke er aktuell som nestleder<\/a>, fordi han vil bli ny leder av Stortingets utenriks- og forsvarskomit\u00e9. To verv han mener ikke er forenlig.<\/p>\n<p><img alt=\"H\u00f8yre p\u00e5 vestlandet vil ha Fr\u00f8lich som ny nestleder.  Foto: Terje Pedersen \/ NTB\" class=\"_image_qp4xg_65 layout-component layout-normal\" data-fullscreen- data-track-element-type=\"Article image fullscreen\" data-track-name=\"ImageFullscreen\" decoding=\"async\" loading=\"lazy\" height=\"2632\" itemprop=\"image\"  src=\"https:\/\/www.europesays.com\/no\/wp-content\/uploads\/2025\/12\/b0e4997a-1ba1-4911-bf4e-e9fa4879fcba\"  style=\"object-position:0% 0%\" width=\"3936\"\/>H\u00f8yre p\u00e5 vestlandet vil ha Fr\u00f8lich som ny nestleder.  Foto: Terje Pedersen \/ NTB<\/p>\n<p class=\"_paragraph_o9xde_4 _paragraph_xtcu6_10 layout-component text-serif-m layout-normal text-serif-m layout-padded\">\u2013 Dersom PC hadde tatt kampen, s\u00e5 vil jeg vedde en kasse god burgund p\u00e5 en massiv seier i en kampvotering p\u00e5 landsm\u00f8tet. Jeg tviler p\u00e5 at noen er villig til \u00e5 vedde mot meg p\u00e5 akkurat det, sier N\u00e6vdal-Bolstad \u2013 som for \u00f8vrig gikk i klasse med Fr\u00f8lich p\u00e5 skolen. De to var p\u00e5 samme russebuss \u2013 med navnet \u00abNei til Edru\u00bb.<\/p>\n<p><img decoding=\"async\" alt=\"Bilde av Eivind N\u00e6vdal-Bolstad\" class=\"_image_ygndg_42\" height=\"27\" itemprop=\"image\" loading=\"lazy\"  src=\"https:\/\/www.europesays.com\/no\/wp-content\/uploads\/2025\/12\/962e21e4-33a8-4eac-b95a-5a4038bf6b0a\"  width=\"40\"\/><strong class=\"_name_ygndg_51 title-serif-xs\">Eivind N\u00e6vdal-Bolstad<\/strong><\/p>\n<p class=\"_paragraph_o9xde_4 text-sans-m _description_ygndg_56\">H\u00f8yre-politiker i Bergen<\/p>\n<p class=\"_paragraph_o9xde_4 _paragraph_xtcu6_10 layout-component text-serif-m layout-normal text-serif-m layout-padded\">Men tilbake til saken. <\/p>\n<p class=\"_paragraph_o9xde_4 _paragraph_xtcu6_10 layout-component text-serif-m layout-normal text-serif-m layout-padded\">Heller ikke N\u00e6vdal-Bolstad har tro p\u00e5 en ledelse best\u00e5ende av kun Oslo:<\/p>\n<p class=\"_paragraph_o9xde_4 _paragraph_xtcu6_10 layout-component text-serif-m layout-normal text-serif-m layout-padded\">\u2013 Bergen og Vestlandet har v\u00e6rt veldig tydelige p\u00e5 at han burde v\u00e6re en del av ledertrioen. Det mener jeg fremdeles. En ledertrio med mennesker basert innenfor ring 1 kan jeg aldri tro st\u00e5r seg p\u00e5 landsm\u00f8tet.<\/p>\n<p><img alt=\"Det er ikke kun Fr\u00f8lich som er opptatt av forsvar. Det er ogs\u00e5 Eivind N\u00e6vdal-Bolstad \u2013 her er han (til venstre) avbildet i 2007.  Foto: Jan Petter Lynau \/ VG\" class=\"_image_qp4xg_65 layout-component layout-normal\" data-fullscreen- data-track-element-type=\"Article image fullscreen\" data-track-name=\"ImageFullscreen\" decoding=\"async\" loading=\"lazy\" height=\"2592\" itemprop=\"image\"  src=\"https:\/\/www.europesays.com\/no\/wp-content\/uploads\/2025\/12\/96dba6f7-9603-462c-87a3-bdbc364c39df\"  style=\"object-position:0% 0%\" width=\"3888\"\/>Det er ikke kun Fr\u00f8lich som er opptatt av forsvar. Det er ogs\u00e5 Eivind N\u00e6vdal-Bolstad \u2013 her er han (til venstre) avbildet i 2007.  Foto: Jan Petter Lynau \/ VG<\/p>\n<p class=\"_paragraph_o9xde_4 _paragraph_xtcu6_10 layout-component text-serif-m layout-normal text-serif-m layout-padded\">Han mener Fr\u00f8lich kan v\u00e6re en fremtidig aktuell lederkandidat \u2013 selv om han sier nei til nestledervervet. <\/p>\n<p class=\"_paragraph_o9xde_4 _paragraph_xtcu6_10 layout-component text-serif-m layout-normal text-serif-m layout-padded\">\u2013 Han blir en vanvittig sterk leder av utenriks og forsvarskomiteen fremover. En markant leder av den vil v\u00e6re en styrke for nasjonen fremover, uavhengig av kaos og styr p\u00e5 Stortinget. Og n\u00e5r vi neste gang skal diskutere ny leder av partiet, s\u00e5 vil han etter min mening v\u00e6re enda mer styrket som en soleklar partileder.\u00a0<\/p>\n<p>\u2013 Blir for smalt<\/p>\n<p class=\"_paragraph_o9xde_4 _paragraph_xtcu6_10 layout-component text-serif-m layout-normal text-serif-m layout-padded\">Harald Furre er leder i Agder H\u00f8yre, og har tidligere v\u00e6rt ordf\u00f8rer i Kristiansand. Heller ikke han er uten videre begeistret for l\u00f8sningen som flere medier har erfart at skal v\u00e6re mest aktuell<\/p>\n<p class=\"_paragraph_o9xde_4 _paragraph_xtcu6_10 layout-component text-serif-m layout-normal text-serif-m layout-padded\">\u2013 Jeg vil si at det er bare spekulasjoner i media om den sammensetningen av ledertrioen, ingenting er bekreftet av valgkomiteen.<\/p>\n<p class=\"_paragraph_o9xde_4 _paragraph_xtcu6_10 layout-component text-serif-m layout-normal text-serif-m layout-padded\"> \u2013 Sett fra S\u00f8rlandet viktig med geografisk spredning ogs\u00e5 i ledertrioen. Det er viktig at de har bakland som gir dem varierte innspill.<\/p>\n<p><img alt=\"Harald Furre  Foto: Lise \u00c5serud \/ NTB\" class=\"_image_qp4xg_65 layout-component layout-normal\" data-fullscreen- data-track-element-type=\"Article image fullscreen\" data-track-name=\"ImageFullscreen\" decoding=\"async\" loading=\"lazy\" height=\"4000\" itemprop=\"image\"  src=\"https:\/\/www.europesays.com\/no\/wp-content\/uploads\/2025\/12\/63a87ae1-db9a-4b9b-b043-aac68e6aaa9e\"  style=\"object-position:0% 0%\" width=\"6000\"\/>Harald Furre  Foto: Lise \u00c5serud \/ NTB<\/p>\n<p class=\"_paragraph_o9xde_4 _paragraph_xtcu6_10 layout-component text-serif-m layout-normal text-serif-m layout-padded\">\u2013 Vil du kunne leve med en ledelse med folk kun fra \u00d8stlandet?<\/p>\n<p class=\"_paragraph_o9xde_4 _paragraph_xtcu6_10 layout-component text-serif-m layout-normal text-serif-m layout-padded\">\u2013 Jeg synes det blir for smalt. Vi har nok gode folk \u00e5 velge mellom, s\u00e5 burde v\u00e6re null problem \u00e5 f\u00e5 til en bedre sammensetning, enn kun folk fra Oslo-gryten. <\/p>\n<p class=\"_paragraph_o9xde_4 _paragraph_xtcu6_10 layout-component text-serif-m layout-normal text-serif-m layout-padded\"><strong class=\"_strong_o9xde_25\">Fredag ettermiddag sendte H\u00f8yres kommunikasjonssjef ut en uttalelse p\u00e5 vegne av valgkomiteens leder, Christian Ingebrigtsen:<\/strong><\/p>\n<p class=\"_paragraph_o9xde_4 _paragraph_xtcu6_10 layout-component text-serif-m layout-normal text-serif-m layout-padded\">\u00abVi registrerer spekulasjonene i mediene, og er glad for at det er stor interesse rundt sammensetningen av H\u00f8yres nye ledelse. Jeg kan bekrefte at valgkomiteen har hatt et m\u00f8te i dag, men det er ikke det siste m\u00f8tet vi skal ha. Valgkomiteens arbeid fortsetter og vi har ikke konkludert i dag, hverken om nestledere eller om andre verv.\u00bb<\/p>\n<p class=\"_paragraph_o9xde_4 _paragraph_xtcu6_10 layout-component text-serif-m layout-normal text-serif-m layout-padded\">og videre<\/p>\n<p class=\"_paragraph_o9xde_4 _paragraph_xtcu6_10 layout-component text-serif-m layout-normal text-serif-m layout-padded\">\u00abVi har fortsatt m\u00e5l om \u00e5 ha klar en innstilling i god tid f\u00f8r H\u00f8yres landsm\u00f8te i midten av februar, men det er for tidlig \u00e5 si noe om n\u00e5r denne vil v\u00e6re klar.\u00bb<\/p>\n<p class=\"_paragraph_o9xde_4 _paragraph_xtcu6_10 layout-component text-serif-m layout-normal text-serif-m layout-padded\"><strong class=\"_strong_o9xde_25\">Les VGs intervjuer med kandidatene:<\/strong><\/p>\n<p>Les ogs\u00e5<\/p>\n","protected":false},"excerpt":{"rendered":"Kan H\u00f8yre ha en partiledelse best\u00e5ende kun av folk kun fra Oslo-omr\u00e5det? \u2013 Vi blir aldri \u00e5 akseptere&hellip;\n","protected":false},"author":2,"featured_media":106276,"comment_status":"","ping_status":"","sticky":false,"template":"","format":"standard","meta":{"footnotes":""},"categories":[5],"tags":[20,21,24,25,15,19,1213,22,23,17,18,13,30,28,281,29,14,16,26,27],"class_list":{"0":"post-106275","1":"post","2":"type-post","3":"status-publish","4":"format-standard","5":"has-post-thumbnail","7":"category-overskrifter","8":"tag-breaking-news","9":"tag-breakingnews","10":"tag-featured-news","11":"tag-featurednews","12":"tag-headlines","13":"tag-hovedoppslag","14":"tag-hoyre-h","15":"tag-latest-news","16":"tag-latestnews","17":"tag-main-news","18":"tag-mainnews","19":"tag-news","20":"tag-no","21":"tag-norge","22":"tag-norsk-politikk","23":"tag-norway","24":"tag-nyheter","25":"tag-overskrifter","26":"tag-top-stories","27":"tag-topstories"},"share_on_mastodon":{"url":"https:\/\/pubeurope.com\/@no\/115676766999598976","error":""},"_links":{"self":[{"href":"https:\/\/www.europesays.com\/no\/wp-json\/wp\/v2\/posts\/106275","targetHints":{"allow":["GET"]}}],"collection":[{"href":"https:\/\/www.europesays.com\/no\/wp-json\/wp\/v2\/posts"}],"about":[{"href":"https:\/\/www.europesays.com\/no\/wp-json\/wp\/v2\/types\/post"}],"author":[{"embeddable":true,"href":"https:\/\/www.europesays.com\/no\/wp-json\/wp\/v2\/users\/2"}],"replies":[{"embeddable":true,"href":"https:\/\/www.europesays.com\/no\/wp-json\/wp\/v2\/comments?post=106275"}],"version-history":[{"count":0,"href":"https:\/\/www.europesays.com\/no\/wp-json\/wp\/v2\/posts\/106275\/revisions"}],"wp:featuredmedia":[{"embeddable":true,"href":"https:\/\/www.europesays.com\/no\/wp-json\/wp\/v2\/media\/106276"}],"wp:attachment":[{"href":"https:\/\/www.europesays.com\/no\/wp-json\/wp\/v2\/media?parent=106275"}],"wp:term":[{"taxonomy":"category","embeddable":true,"href":"https:\/\/www.europesays.com\/no\/wp-json\/wp\/v2\/categories?post=106275"},{"taxonomy":"post_tag","embeddable":true,"href":"https:\/\/www.europesays.com\/no\/wp-json\/wp\/v2\/tags?post=106275"}],"curies":[{"name":"wp","href":"https:\/\/api.w.org\/{rel}","templated":true}]}}