{"id":106290,"date":"2025-12-07T07:13:14","date_gmt":"2025-12-07T07:13:14","guid":{"rendered":"https:\/\/www.europesays.com\/no\/106290\/"},"modified":"2025-12-07T07:13:14","modified_gmt":"2025-12-07T07:13:14","slug":"stort-utbrudd-flere-syke","status":"publish","type":"post","link":"https:\/\/www.europesays.com\/no\/106290\/","title":{"rendered":"Stort utbrudd: Flere syke"},"content":{"rendered":"<p class=\"kicker t20\" style=\"\">Pete Hegseth<\/p>\n<p>  Donald Trumps forsvarsminister, Pete Hegseth (45) f\u00e5r hard kritikk fra sine egne, men st\u00e5r fast p\u00e5 at han har full rett til \u00e5 beordre bombing av b\u00e5ter i Karibia.<\/p>\n<p>\n    SAMMEN: USAs president, Donald Trump, sammen med forsvarsminister Pete Hegseth under et TV-sendt regjeringsm\u00f8te i Det hvite hus tirsdag. Foto: AP Photo\/Julia Demaree Nikhinson\n  <\/p>\n<p>    Kort fortalt<\/p>\n<ul lang=\"nb-NO\">\n<li>Presset \u00f8ker mot tidligere Fox News-programleder og n\u00e5v\u00e6rende amerikansk forsvarsminister Pete Hegseth, som anklages for krigsforbrytelser i Karibia.<\/li>\n<li>Hegseth kritiseres ogs\u00e5 for h\u00e5ndteringen av gradert milit\u00e6r etterretning under Signal-gate, og flere politikere krever hans avgang.<\/li>\n<li>Selv forsvarer han amerikanske angrep p\u00e5 b\u00e5ter i Karibia, og sammenligner narkotikasmuglere med al-Qaida-terrorister.<\/li>\n<\/ul>\n<p class=\"italic ai-disclaimer\" data-lab-italic=\"italic\">Sammendraget er laget av ChatGPT og godkjent av Dagbladet.<\/p>\n<p>      Vis mer<br \/>\n      Vis mindre<\/p>\n<p>NEW YORK (Dagbladet): Presset vokser mot den tidligere Fox News-programlederen som ble Trumps forsvarsminister. Kritikere anklager n\u00e5 Hegseth for krigsforbrytelse i Karibia etter bombeangrepene mot angivelige narkotikasmuglere.\u00a0<\/p>\n<p>    <a itemprop=\"url\" href=\"https:\/\/www.dagbladet.no\/nyheter\/temmelig-oppsiktsvekkende\/83947821\" rel=\"nofollow noopener\" target=\"_blank\"><\/p>\n<p>      <img loading=\"lazy\" decoding=\"async\" src=\"https:\/\/www.europesays.com\/no\/wp-content\/uploads\/2025\/12\/1765091593_754_83948002.webp\" width=\"980\" height=\"441\" title=\"- Temmelig oppsiktsvekkende\" alt=\"\" class=\"lazyload\" style=\"--aspect-ratio-image: 2.22; \"\/><\/p>\n<p>        &#8211; Temmelig oppsiktsvekkende<\/p>\n<p>    <\/a><\/p>\n<p>I tillegg fikk han tidligere denne uka en knusende rapport fra generalinspekt\u00f8ren for forsvarsdepartementet. Der blir han hardt kritisert for hvordan han h\u00e5ndterte gradert milit\u00e6r etterretning under det s\u00e5kalte Signal-gate.<\/p>\n<p class=\"font-weight-bold m-font-weight-bold\" data-lab-font_weight=\"font-weight-bold\">Lista over s\u00e6rlig Demokrater &#8211; men ogs\u00e5 noen Republikanere &#8211; som krever at Hegseth g\u00e5r av, begynner \u00e5 bli lang.\u00a0<\/p>\n<p>        KRIGSFORBRYTELSER: Et gammelt klipp av Hegseth, der han snakker om krigsforbrytelser, sprer seg, samtidig som han selv st\u00e5r overfor alvorlige anklager om \u00e5 ha beg\u00e5tt krigsforbrytelser. Video: AP \/ X. Reporter: Silja Furset<\/p>\n<p>Sammenliknes med al-Qaida  <\/p>\n<p>Norsk\u00e6ttede Hegseth viser imidlertid s\u00e5 langt ingen tegn til \u00e5 ville g\u00e5 av. S\u00e5 langt har ogs\u00e5 Trump selv gitt sin st\u00f8tte til ham, skriver <a href=\"https:\/\/www.theguardian.com\/us-news\/2025\/dec\/06\/pete-hegseth-pentagon-trump\" rel=\"nofollow noopener\" target=\"_blank\">The Guardian<\/a>.<\/p>\n<p class=\"no_italic m-no_italic font-weight-normal m-font-weight-normal\" data-lab-italic=\"\" data-lab-font_weight=\"font-weight-normal\">I en tale l\u00f8rdag forsvarte Hegseth igjen de amerikanske bombetokten mot det som angivelig er narkosmuglere i b\u00e5ter i Karibia. Han hevder ogs\u00e5 at Trump har full rett til \u00e5 bruke milit\u00e6rmakt overalt hvor han mener det er\u00a0\u00abpassende\u00bb.<\/p>\n<p class=\"no_italic m-no_italic font-weight-normal m-font-weight-normal\" data-lab-italic=\"\" data-lab-font_weight=\"font-weight-normal\">S\u00e5 langt har mer enn 80 personer blitt drept i disse b\u00e5tangrepene siden september. Forsvarsministeren mener dette kan forsvares fordi det beskytter amerikanere, og han sammenlikner de p\u00e5st\u00e5tte narkotikasmuglerne med al-Qaida-terrorister.<\/p>\n<p class=\"no_italic m-no_italic font-weight-bold m-font-weight-bold\" data-lab-italic=\"\" data-lab-font_weight=\"font-weight-bold\">&#8211; Dersom du jobber for en definert terrororganisasjon, og du tar med narkotika til dette landet i en b\u00e5t, vil vi finne deg, og vi vil senke deg. La det ikke v\u00e6re noen tvil om dette, sier Hegseth, if\u00f8lge <a href=\"https:\/\/www.theguardian.com\/us-news\/2025\/dec\/06\/hegseth-boat-strikes\" rel=\"nofollow noopener\" target=\"_blank\">Reuters<\/a>.\u00a0<\/p>\n<p>        Forsvarsministerposten i Donald Trumps nye regjering g\u00e5r til Fox News-programleder Pete Hegseth. Etter utnevnelsen er det s\u00e6rlig \u00e9n hendelse som f\u00e5r oppmerksomhet i sosiale medier. Reporter: Jostein Sletten \/ Dagbladet<\/p>\n<p>Ga ordre  <\/p>\n<p>Tidligere denne uka vitnet admiral Frank Bradley om angrepet 2. september i Kongressen.\u00a0<\/p>\n<p>Hegseth er s\u00e6rlig havnet i hardt etter at The Washington Post meldte at det ble utf\u00f8rt ytterligere angrep mot to overlevende etter det f\u00f8rste angrepet. If\u00f8lge kritikerne, som mener disse umulig kan ha v\u00e6rt en direkte trussel mot USA, var dette en krigsforbrytelse.\u00a0<\/p>\n<p>    <a itemprop=\"url\" href=\"https:\/\/www.dagbladet.no\/nyheter\/nye-detaljer-sendte-ikke-nodanrop\/83942397\" rel=\"nofollow noopener\" target=\"_blank\"><\/p>\n<p>      <img loading=\"lazy\" decoding=\"async\" src=\"https:\/\/www.europesays.com\/no\/wp-content\/uploads\/2025\/12\/1765091594_311_83943293.webp\" width=\"980\" height=\"441\" title=\"Nye detaljer: Sendte ikke n\u00f8danrop\" alt=\"\" class=\"lazyload\" style=\"--aspect-ratio-image: 2.22; \"\/><\/p>\n<p>        Nye detaljer: Sendte ikke n\u00f8danrop<\/p>\n<p>    <\/a><\/p>\n<p>I vitnem\u00e5let bak lukkede d\u00f8rer skal Bradley ha forklart at Hegseth beordret at alle de elleve personene om bord i b\u00e5ten 2. september skulle drepes fordi de sto p\u00e5 en intern liste over narkotika-terrorister, som amerikansk etterretning hadde besluttet at kunne drepes, if\u00f8lge <a href=\"https:\/\/www.nbcnews.com\/politics\/national-security\/admiral-told-lawmakers-everyone-alleged-drug-boat-was-list-military-ta-rcna247767\" rel=\"nofollow noopener\" target=\"_blank\">NBC News<\/a>.\u00a0<\/p>\n<p>&#8211; \u00d8delagt<\/p>\n<p>N\u00e5 begynner imidlertid ogs\u00e5 Hegseths republikanske partifeller i Kongressen \u00e5 f\u00e5 nok. Kongressrepresentant, Don Bacon, som ogs\u00e5 er en pensjonert brigader fra det amerikanske luftforsvaret, mener forsvarsministerens oppf\u00f8rsel har\u00a0\u00ab\u00f8delagt troverdigheten hans\u00bb.<\/p>\n<p class=\"font-weight-bold m-font-weight-bold\" data-lab-font_weight=\"font-weight-bold\">&#8211; Etter Signal-gate har jeg sett nok. Det jeg virkelig \u00f8nsker, er noen som tar ansvar og erkjenner feil, sier Bacon til <a href=\"https:\/\/thehill.com\/homenews\/house\/5636737-don-bacon-pete-hegseth-criticism\/\" rel=\"nofollow noopener\" target=\"_blank\">C-Span<\/a>.<\/p>\n<p>Han beskriver ogs\u00e5 hvordan mange republikanere var skeptiske til Hegseth av flere grunner f\u00f8r han skulle godkjennes av Senatet.\u00a0<\/p>\n<p>    <a itemprop=\"url\" href=\"https:\/\/www.dagbladet.no\/nyheter\/satte-soldater-i-fare\/83936121\" rel=\"nofollow noopener\" target=\"_blank\"><\/p>\n<p>      <img loading=\"lazy\" decoding=\"async\" src=\"https:\/\/www.europesays.com\/no\/wp-content\/uploads\/2025\/12\/1765091594_504_83923976.webp\" width=\"980\" height=\"441\" title=\"Satte soldater i fare\" alt=\"\" class=\"lazyload\" style=\"--aspect-ratio-image: 2.22; \"\/><\/p>\n<p>        Satte soldater i fare<\/p>\n<p>    <\/a><\/p>\n<p>&#8211; Det jeg har sett, er bare d\u00e5rlige beslutninger, sier Bacon.\u00a0<\/p>\n<p>Den republikanske senatoren Thom Tillis er ogs\u00e5 sv\u00e6rt kritisk.<\/p>\n<p class=\"font-weight-bold m-font-weight-bold\" data-lab-font_weight=\"font-weight-bold\">&#8211; Jeg st\u00e5r fast ved at den som beordret et nytt angrep mot de overlevende etter det f\u00f8rste angrepet m\u00e5 komme seg til helvete ut av Washington, sier han til <a href=\"https:\/\/thehill.com\/policy\/defense\/5633113-thom-tillis-pete-hegseth-drug-boat-strikes\/\" rel=\"nofollow noopener\" target=\"_blank\">CNN<\/a>\u00a0og legger til:<\/p>\n<p>&#8211; Dersom noen med viten og vilje sendte enda en missil mot den b\u00e5ten, som f\u00f8rte til at de to andre d\u00f8de, m\u00e5 de bli holdt ansvarlige, og de burde ikke ha en hvilken som helst rolle, som de har.<\/p>\n<p>Den republikanske senatoren, Rand Paul, har antydet at han mener Hegseth lyver om b\u00e5tangrepet.\u00a0<\/p>\n<p>&#8211; Enten l\u00f8y forsvarsministeren til oss, eller s\u00e5 er han inkompentent og vet ikke hva som har skjedd, sier Paul, if\u00f8lge <a href=\"https:\/\/www.theguardian.com\/us-news\/2025\/dec\/06\/pete-hegseth-pentagon-trump\" rel=\"nofollow noopener\" target=\"_blank\">The Guardian<\/a>.\u00a0<\/p>\n<p>Selv har Hegseth forklart at han ikke s\u00e5 det andre angrepet mot b\u00e5ten i Karibia 2. september.\u00a0<\/p>\n","protected":false},"excerpt":{"rendered":"Pete Hegseth Donald Trumps forsvarsminister, Pete Hegseth (45) f\u00e5r hard kritikk fra sine egne, men st\u00e5r fast p\u00e5&hellip;\n","protected":false},"author":2,"featured_media":106291,"comment_status":"","ping_status":"","sticky":false,"template":"","format":"standard","meta":{"footnotes":""},"categories":[12],"tags":[20,21,24,25,15,22,23,13,30,28,29,14,16,26,27,412,42,43,44,45],"class_list":{"0":"post-106290","1":"post","2":"type-post","3":"status-publish","4":"format-standard","5":"has-post-thumbnail","7":"category-verden","8":"tag-breaking-news","9":"tag-breakingnews","10":"tag-featured-news","11":"tag-featurednews","12":"tag-headlines","13":"tag-latest-news","14":"tag-latestnews","15":"tag-news","16":"tag-no","17":"tag-norge","18":"tag-norway","19":"tag-nyheter","20":"tag-overskrifter","21":"tag-top-stories","22":"tag-topstories","23":"tag-utenriks","24":"tag-verden","25":"tag-world","26":"tag-world-news","27":"tag-worldnews"},"share_on_mastodon":{"url":"https:\/\/pubeurope.com\/@no\/115677050207788263","error":""},"_links":{"self":[{"href":"https:\/\/www.europesays.com\/no\/wp-json\/wp\/v2\/posts\/106290","targetHints":{"allow":["GET"]}}],"collection":[{"href":"https:\/\/www.europesays.com\/no\/wp-json\/wp\/v2\/posts"}],"about":[{"href":"https:\/\/www.europesays.com\/no\/wp-json\/wp\/v2\/types\/post"}],"author":[{"embeddable":true,"href":"https:\/\/www.europesays.com\/no\/wp-json\/wp\/v2\/users\/2"}],"replies":[{"embeddable":true,"href":"https:\/\/www.europesays.com\/no\/wp-json\/wp\/v2\/comments?post=106290"}],"version-history":[{"count":0,"href":"https:\/\/www.europesays.com\/no\/wp-json\/wp\/v2\/posts\/106290\/revisions"}],"wp:featuredmedia":[{"embeddable":true,"href":"https:\/\/www.europesays.com\/no\/wp-json\/wp\/v2\/media\/106291"}],"wp:attachment":[{"href":"https:\/\/www.europesays.com\/no\/wp-json\/wp\/v2\/media?parent=106290"}],"wp:term":[{"taxonomy":"category","embeddable":true,"href":"https:\/\/www.europesays.com\/no\/wp-json\/wp\/v2\/categories?post=106290"},{"taxonomy":"post_tag","embeddable":true,"href":"https:\/\/www.europesays.com\/no\/wp-json\/wp\/v2\/tags?post=106290"}],"curies":[{"name":"wp","href":"https:\/\/api.w.org\/{rel}","templated":true}]}}