{"id":106310,"date":"2025-12-07T07:52:16","date_gmt":"2025-12-07T07:52:16","guid":{"rendered":"https:\/\/www.europesays.com\/no\/106310\/"},"modified":"2025-12-07T07:52:16","modified_gmt":"2025-12-07T07:52:16","slug":"fire-personer-tatt-med-til-arresten","status":"publish","type":"post","link":"https:\/\/www.europesays.com\/no\/106310\/","title":{"rendered":"Fire personer tatt med til arresten"},"content":{"rendered":"<p>Ei utagerende og berusa kvinne er tatt med til arresten ved \u00c5lesund politistasjon l\u00f8rdag kveld.<\/p>\n<p>\u2013 Vedkommende anmeldes ogs\u00e5 for \u00e5 forulempe offentlig tjenesteperson, opplyser operasjonsleder i M\u00f8re og Romsdal politidistrikt, Per \u00c5ge Ferstad.<\/p>\n<p>Seinere p\u00e5 natta, klokka 00.55 blei en ny person tatt med til arresten ved \u00c5lesund politistasjon. Vedkommende skal ha v\u00e6rt kranglete p\u00e5 et utested og ikke interessert i \u00e5 etterkomme p\u00e5legg fra politiet.<\/p>\n<p>Ytterligere to berusa personer blei innbrakt til arresten ved \u00c5lesund politistasjon natt til s\u00f8ndag.<\/p>\n<p>\u2013  De var sv\u00e6rt truende mot vektere. Det ble ogs\u00e5 en konfrontasjon mellom personene og politiet. Sak opprettes, skriver Ferstad i ei oppdatering klokka 01.16<\/p>\n","protected":false},"excerpt":{"rendered":"Ei utagerende og berusa kvinne er tatt med til arresten ved \u00c5lesund politistasjon l\u00f8rdag kveld. \u2013 Vedkommende anmeldes&hellip;\n","protected":false},"author":2,"featured_media":2066,"comment_status":"","ping_status":"","sticky":false,"template":"","format":"standard","meta":{"footnotes":""},"categories":[10],"tags":[1703,20,21,24,25,15,22,23,13,30,28,29,14,16,26,27],"class_list":{"0":"post-106310","1":"post","2":"type-post","3":"status-publish","4":"format-standard","5":"has-post-thumbnail","7":"category-norge","8":"tag-alesund","9":"tag-breaking-news","10":"tag-breakingnews","11":"tag-featured-news","12":"tag-featurednews","13":"tag-headlines","14":"tag-latest-news","15":"tag-latestnews","16":"tag-news","17":"tag-no","18":"tag-norge","19":"tag-norway","20":"tag-nyheter","21":"tag-overskrifter","22":"tag-top-stories","23":"tag-topstories"},"share_on_mastodon":{"url":"https:\/\/pubeurope.com\/@no\/115677203222560446","error":""},"_links":{"self":[{"href":"https:\/\/www.europesays.com\/no\/wp-json\/wp\/v2\/posts\/106310","targetHints":{"allow":["GET"]}}],"collection":[{"href":"https:\/\/www.europesays.com\/no\/wp-json\/wp\/v2\/posts"}],"about":[{"href":"https:\/\/www.europesays.com\/no\/wp-json\/wp\/v2\/types\/post"}],"author":[{"embeddable":true,"href":"https:\/\/www.europesays.com\/no\/wp-json\/wp\/v2\/users\/2"}],"replies":[{"embeddable":true,"href":"https:\/\/www.europesays.com\/no\/wp-json\/wp\/v2\/comments?post=106310"}],"version-history":[{"count":0,"href":"https:\/\/www.europesays.com\/no\/wp-json\/wp\/v2\/posts\/106310\/revisions"}],"wp:featuredmedia":[{"embeddable":true,"href":"https:\/\/www.europesays.com\/no\/wp-json\/wp\/v2\/media\/2066"}],"wp:attachment":[{"href":"https:\/\/www.europesays.com\/no\/wp-json\/wp\/v2\/media?parent=106310"}],"wp:term":[{"taxonomy":"category","embeddable":true,"href":"https:\/\/www.europesays.com\/no\/wp-json\/wp\/v2\/categories?post=106310"},{"taxonomy":"post_tag","embeddable":true,"href":"https:\/\/www.europesays.com\/no\/wp-json\/wp\/v2\/tags?post=106310"}],"curies":[{"name":"wp","href":"https:\/\/api.w.org\/{rel}","templated":true}]}}