{"id":106313,"date":"2025-12-07T07:59:10","date_gmt":"2025-12-07T07:59:10","guid":{"rendered":"https:\/\/www.europesays.com\/no\/106313\/"},"modified":"2025-12-07T07:59:10","modified_gmt":"2025-12-07T07:59:10","slug":"gjovik-politi-sendt-til-legevakt-med-hodeskader-etter-voldshendelse","status":"publish","type":"post","link":"https:\/\/www.europesays.com\/no\/106313\/","title":{"rendered":"Gj\u00f8vik, Politi | Sendt til legevakt med hodeskader etter voldshendelse"},"content":{"rendered":"\n<p>Politiet ble natt til s\u00f8ndag tilkalt til et utested i Gj\u00f8vik sentrum etter melding om en voldshendelse.<\/p>\n<p>Operasjonsleder i politiet B\u00e5rd Einar Hoft opplyser at en mann i 30-\u00e5rene ble kj\u00f8rt til legevakten for behandling av skader i ansiktet og hodet.<\/p>\n<p>Hoft sier videre at skadegraden p\u00e5 mannen er ukjent, men han skal ha v\u00e6rt ved bevissthet og oppeg\u00e5ende da han ble tatt med til helsevesenet, <\/p>\n<p>Politiet har opprettet sak p\u00e5 hendelsen som fant sted rundt midnatt.<\/p>\n<p>Noen timer senere ble politiet p\u00e5 nytt tilkalt. Denne gangen rykket de ut til nok en voldshendelse ved Fahlstr\u00f8ms plass i Gj\u00f8vik sentrum. <\/p>\n<p>If\u00f8lge politiets operasjonsleder var to menn i 20-\u00e5rene involvert. <\/p>\n<p>&#8211; En ble kj\u00f8rt til legevakta for behandling av mindre skader i en h\u00e5nd, den andre parten ble bortvist fra stedet, opplyser Hoft i politiet.<\/p>\n<p>Sistnevnte er hjemmeh\u00f8rende p\u00e5 Toten, mens mannen med skader i h\u00e5nden er fra Gj\u00f8vik.<\/p>\n","protected":false},"excerpt":{"rendered":"Politiet ble natt til s\u00f8ndag tilkalt til et utested i Gj\u00f8vik sentrum etter melding om en voldshendelse. Operasjonsleder&hellip;\n","protected":false},"author":2,"featured_media":4217,"comment_status":"","ping_status":"","sticky":false,"template":"","format":"standard","meta":{"footnotes":""},"categories":[10],"tags":[36,20,21,24,25,1088,15,22,23,5806,13,30,28,29,14,16,254,1510,26,27],"class_list":{"0":"post-106313","1":"post","2":"type-post","3":"status-publish","4":"format-standard","5":"has-post-thumbnail","7":"category-norge","8":"tag-art","9":"tag-breaking-news","10":"tag-breakingnews","11":"tag-featured-news","12":"tag-featurednews","13":"tag-gjovik","14":"tag-headlines","15":"tag-latest-news","16":"tag-latestnews","17":"tag-legevakt","18":"tag-news","19":"tag-no","20":"tag-norge","21":"tag-norway","22":"tag-nyheter","23":"tag-overskrifter","24":"tag-politi","25":"tag-story","26":"tag-top-stories","27":"tag-topstories"},"share_on_mastodon":{"url":"https:\/\/pubeurope.com\/@no\/115677230747898675","error":""},"_links":{"self":[{"href":"https:\/\/www.europesays.com\/no\/wp-json\/wp\/v2\/posts\/106313","targetHints":{"allow":["GET"]}}],"collection":[{"href":"https:\/\/www.europesays.com\/no\/wp-json\/wp\/v2\/posts"}],"about":[{"href":"https:\/\/www.europesays.com\/no\/wp-json\/wp\/v2\/types\/post"}],"author":[{"embeddable":true,"href":"https:\/\/www.europesays.com\/no\/wp-json\/wp\/v2\/users\/2"}],"replies":[{"embeddable":true,"href":"https:\/\/www.europesays.com\/no\/wp-json\/wp\/v2\/comments?post=106313"}],"version-history":[{"count":0,"href":"https:\/\/www.europesays.com\/no\/wp-json\/wp\/v2\/posts\/106313\/revisions"}],"wp:featuredmedia":[{"embeddable":true,"href":"https:\/\/www.europesays.com\/no\/wp-json\/wp\/v2\/media\/4217"}],"wp:attachment":[{"href":"https:\/\/www.europesays.com\/no\/wp-json\/wp\/v2\/media?parent=106313"}],"wp:term":[{"taxonomy":"category","embeddable":true,"href":"https:\/\/www.europesays.com\/no\/wp-json\/wp\/v2\/categories?post=106313"},{"taxonomy":"post_tag","embeddable":true,"href":"https:\/\/www.europesays.com\/no\/wp-json\/wp\/v2\/tags?post=106313"}],"curies":[{"name":"wp","href":"https:\/\/api.w.org\/{rel}","templated":true}]}}