{"id":106314,"date":"2025-12-07T08:06:09","date_gmt":"2025-12-07T08:06:09","guid":{"rendered":"https:\/\/www.europesays.com\/no\/106314\/"},"modified":"2025-12-07T08:06:09","modified_gmt":"2025-12-07T08:06:09","slug":"politi-trafikk-god-morgen-salten","status":"publish","type":"post","link":"https:\/\/www.europesays.com\/no\/106314\/","title":{"rendered":"Politi, Trafikk | God morgen, Salten!"},"content":{"rendered":"\n<p>S\u00f8ndagen er nok ikke like god for alle. S\u00e6rlig ikke for enkelte som fikk seg litt for mye \u00e5 drikke natt til s\u00f8ndag. Klokken 23.10 l\u00f8rdag kveld m\u00e5tte politiet ta aff\u00e6re.<\/p>\n<p>\u2013 To personer bortvist fra Glasshuset etter at de blandet seg inn i politiets arbeid p\u00e5 stedet. Begge bortvist til s\u00f8ndag kl. 8, skrev operasjonsleder i politiet, Ina Kristin Selfors.<\/p>\n<p>Men det godtok ikke de bortviste personene.<\/p>\n<p>\u2013 Begge personene kommet tilbake til sentrum. Begge anmeldes for brudd p\u00e5 politiets p\u00e5legg gitt tidligere i kveld, opplyste Selfors halvannen time senere.<\/p>\n<p>Aggressiv gjest p\u00e5 Rognan<\/p>\n<p>En politipatrulje i indre Salten s\u00e5 seg n\u00f8dt til \u00e5 rykke ut til T\u00f8rst&#8217;n bar p\u00e5 Rognan i Saltdal.<\/p>\n<p>\u2013 Patruljen rykker ut til T\u00f8rst&#8217;n bar etter melding om en aggressiv gjest som har truet og dyttet til de ansatte, skrev operasjonsleder Selfors litt over klokken 2.<\/p>\n<p>Politiet fikk raskt kontroll p\u00e5 gjesten.<\/p>\n<p>S\u00e5 tilbake til Bod\u00f8 sentrum igjen hvor en nattens festl\u00f8ver nektet \u00e5 forholde seg til vekternes beskjed om \u00e5 forlate Norl\u00e6nningen.<\/p>\n<p>\u2013 Politiet er p\u00e5 Norl\u00e6nningen og bist\u00e5r vektere p\u00e5 stedet med en person som er bedt om \u00e5 forlate stedet, men nekter, sto det \u00e5 lese i politiloggen klokken 2.23.<\/p>\n<p>Personen ble bortvist fra Bod\u00f8 sentrum fram til klokken 8 s\u00f8ndag morgen. Litt senere traff politiet vedkommende i Sj\u00f8gata.<\/p>\n<p>\u2013 Personen p\u00e5truffet i Sj\u00f8gata. Anmeldes for brudd p\u00e5 politiets p\u00e5legg, skrev operasjonsleder Selfors.<\/p>\n<p>Falsk ID<\/p>\n<p>Klokken 1.27 m\u00e5tte politiet h\u00e5ndtere en person under 18 \u00e5r som hadde tatt seg inn p\u00e5 Hundholmen i Bod\u00f8.<\/p>\n<p>\u2013 Politiet har v\u00e6rt i kontakt med personen og bortvist han fra Bod\u00f8 sentrum fram til klokken 8 s\u00f8ndag, opplyste politiet.<\/p>\n<p>Han ble ogs\u00e5 anmeldt for bruk av falsk ID.<\/p>\n<p>Men bortvisningen til dagen s\u00f8ndags morgen, valgte personen ikke \u00e5 forholde seg til.<\/p>\n<p>\u2013 Personen dukket opp igjen p\u00e5 7 Eleven i Bod\u00f8 sentrum. Anmeldes for brudd p\u00e5 politiets p\u00e5legg, skrev Selfors.<\/p>\n<p>Sendt til legevakt<\/p>\n<p>Klokken 4.27 m\u00e5tte politiet p\u00e5 Fauske rykke ut til en trafikkulykke.<\/p>\n<p>-Politiet har rykket ut til R\u00f8svikkrysset etter melding om trafikkulykke. En bil har kj\u00f8rt ut av veien, to personer involvert. Begge klager over smerter i arm, bryst og rygg. Materielle skader p\u00e5 bilen, opplyste Selfors.<\/p>\n<p>R\u00f8svikkrysset ligger p\u00e5 E6 nord for Fauske sentrum.<\/p>\n<p>\u2013 Begge involverte fraktet til legevakt for videre unders\u00f8kelser, skrev politiet videre.<\/p>\n<p>Her kan du sjekke s\u00f8ndagsv\u00e6ret:<\/p>\n<ul>\n<li>Salten:\n<\/li>\n<li>Bod\u00f8:\n<\/li>\n<li>Fauske:\n<\/li>\n<li>\n<p>S\u00f8rfold: <\/p>\n<\/li>\n<li>Beiarn:\n<\/li>\n<li>Saltdal:\n<\/li>\n<li>Mel\u00f8y:\n<\/li>\n<\/ul>\n<p>Det ser ut til at det er bart p\u00e5 de fleste veier i Salten l\u00f8rdag morgen og det er ingen fjelloverganger som er stengt.<\/p>\n<p>Likevel kan det v\u00e6re lurt \u00e5 holde seg oppdatert \u2013 det kan du her:<\/p>\n<p>Ved Bod\u00f8 lufthavn er trafikken ogs\u00e5 i rute.<\/p>\n<p>Det er fremdeles lave str\u00f8mpriser i Nord-Norge. S\u00f8ndag skal str\u00f8mmen v\u00e6re dyrest p\u00e5 ettermiddagen og kvelden, med en topp p\u00e5 30,2 \u00f8re kilowattimen.<\/p>\n<p><b>Visste du at?<\/b><\/p>\n<p>Fikk du med deg disse sakene?<br \/>\n  <a href=\"https:\/\/www.an.no\/5-4-2289625\" class=\"related-teaser default-story-teaser article--c-eRUmMG article--c-eRUmMG-jKCPdD-design-default article--c-eRUmMG-kpKLOW-cv\" rel=\"nofollow noopener\" target=\"_blank\"><\/p>\n<p>\n            Les ogs\u00e5<\/p>\n<p>              F\u00f8rst ble han tatt for ruskj\u00f8ring \u2013 s\u00e5 fikk han bes\u00f8k p\u00e5 d\u00f8ra\n        <\/p>\n<p>  <\/a><\/p>\n<p>  <a href=\"https:\/\/www.an.no\/5-4-2289617\" class=\"related-teaser has-image default-story-teaser article--c-eRUmMG article--c-eRUmMG-jKCPdD-design-default\" rel=\"nofollow noopener\" target=\"_blank\"><\/p>\n<p>    <img decoding=\"async\" loading=\"lazy\"  src=\"https:\/\/www.europesays.com\/no\/wp-content\/uploads\/2025\/12\/Hamar%C3%B8y+internasjonale+senter+2023+4.jpg\" alt=\"\" class=\"brick-c-cFOWSL\" style=\"\"\/><\/p>\n<p>\n            Les ogs\u00e5<\/p>\n<p>              Bedt om \u00e5 motta 25 flyktninger neste \u00e5r &#8211; n\u00f8yer seg med 15\n        <\/p>\n<p>  <\/a><\/p>\n<p>  <a href=\"https:\/\/www.an.no\/5-4-2288078\" class=\"related-teaser has-image default-story-teaser article--c-eRUmMG article--c-eRUmMG-jKCPdD-design-default\" rel=\"nofollow noopener\" target=\"_blank\"><\/p>\n<p>    <img decoding=\"async\" loading=\"lazy\"  src=\"https:\/\/www.europesays.com\/no\/wp-content\/uploads\/2025\/12\/5_4_1995050+Mindsenteret_BDK_01631_redigert+%281%29.jpg\" alt=\"\" class=\"brick-c-cFOWSL\" style=\"\"\/><\/p>\n<p>\n            Les ogs\u00e5<\/p>\n<p>              M\u00e5 trolig tilbakebetale millionsum ved salg: \u2013  Jeg kjenner ikke detaljene i dette\n        <\/p>\n<p>  <\/a><\/p>\n<p>  Gikk du glipp av disse?<\/p>\n","protected":false},"excerpt":{"rendered":"S\u00f8ndagen er nok ikke like god for alle. S\u00e6rlig ikke for enkelte som fikk seg litt for mye&hellip;\n","protected":false},"author":2,"featured_media":106315,"comment_status":"","ping_status":"","sticky":false,"template":"","format":"standard","meta":{"footnotes":""},"categories":[10],"tags":[36,20,21,24,25,797,15,22,23,13282,13,30,28,29,14,16,254,798,1510,26,27,224],"class_list":{"0":"post-106314","1":"post","2":"type-post","3":"status-publish","4":"format-standard","5":"has-post-thumbnail","7":"category-norge","8":"tag-art","9":"tag-breaking-news","10":"tag-breakingnews","11":"tag-featured-news","12":"tag-featurednews","13":"tag-god-morgen","14":"tag-headlines","15":"tag-latest-news","16":"tag-latestnews","17":"tag-natt-til-sondag","18":"tag-news","19":"tag-no","20":"tag-norge","21":"tag-norway","22":"tag-nyheter","23":"tag-overskrifter","24":"tag-politi","25":"tag-salten","26":"tag-story","27":"tag-top-stories","28":"tag-topstories","29":"tag-trafikk"},"share_on_mastodon":{"url":"https:\/\/pubeurope.com\/@no\/115677258473812568","error":""},"_links":{"self":[{"href":"https:\/\/www.europesays.com\/no\/wp-json\/wp\/v2\/posts\/106314","targetHints":{"allow":["GET"]}}],"collection":[{"href":"https:\/\/www.europesays.com\/no\/wp-json\/wp\/v2\/posts"}],"about":[{"href":"https:\/\/www.europesays.com\/no\/wp-json\/wp\/v2\/types\/post"}],"author":[{"embeddable":true,"href":"https:\/\/www.europesays.com\/no\/wp-json\/wp\/v2\/users\/2"}],"replies":[{"embeddable":true,"href":"https:\/\/www.europesays.com\/no\/wp-json\/wp\/v2\/comments?post=106314"}],"version-history":[{"count":0,"href":"https:\/\/www.europesays.com\/no\/wp-json\/wp\/v2\/posts\/106314\/revisions"}],"wp:featuredmedia":[{"embeddable":true,"href":"https:\/\/www.europesays.com\/no\/wp-json\/wp\/v2\/media\/106315"}],"wp:attachment":[{"href":"https:\/\/www.europesays.com\/no\/wp-json\/wp\/v2\/media?parent=106314"}],"wp:term":[{"taxonomy":"category","embeddable":true,"href":"https:\/\/www.europesays.com\/no\/wp-json\/wp\/v2\/categories?post=106314"},{"taxonomy":"post_tag","embeddable":true,"href":"https:\/\/www.europesays.com\/no\/wp-json\/wp\/v2\/tags?post=106314"}],"curies":[{"name":"wp","href":"https:\/\/api.w.org\/{rel}","templated":true}]}}