{"id":106318,"date":"2025-12-07T08:13:27","date_gmt":"2025-12-07T08:13:27","guid":{"rendered":"https:\/\/www.europesays.com\/no\/106318\/"},"modified":"2025-12-07T08:13:27","modified_gmt":"2025-12-07T08:13:27","slug":"trafikk-trafikkuhell-bil-har-kjort-av-veien-og-havnet-i-elv","status":"publish","type":"post","link":"https:\/\/www.europesays.com\/no\/106318\/","title":{"rendered":"Trafikk, Trafikkuhell | Bil har kj\u00f8rt av veien og havnet i elv"},"content":{"rendered":"\n<p>Politiet rykker ut til et trafikkuhell ved Finnsnes. <\/p>\n<p>\u2013 En bil har kj\u00f8rt i elva p\u00e5 Finnsnes., melder Troms politidistirkt klokken 16.50 <\/p>\n<p>\u2013 Ikke meldt om personskader. <\/p>\n<p>En time senere, klokken 17.45 oppdaterer politiet at de er ferdig p\u00e5 stedet.<\/p>\n<p>\u2013 Store skader p\u00e5 bil, sak opprettet. Ikke mistanke om rus, men om h\u00f8y hastighet ut fra forholdene p\u00e5 stedet. Det ble tatt midlertidig beslag av f\u00f8rerkort.<\/p>\n","protected":false},"excerpt":{"rendered":"Politiet rykker ut til et trafikkuhell ved Finnsnes. \u2013 En bil har kj\u00f8rt i elva p\u00e5 Finnsnes., melder&hellip;\n","protected":false},"author":2,"featured_media":2176,"comment_status":"","ping_status":"","sticky":false,"template":"","format":"standard","meta":{"footnotes":""},"categories":[10],"tags":[36,20,21,24,25,3043,15,22,23,13,30,28,29,14,16,1510,26,27,224,2889],"class_list":{"0":"post-106318","1":"post","2":"type-post","3":"status-publish","4":"format-standard","5":"has-post-thumbnail","7":"category-norge","8":"tag-art","9":"tag-breaking-news","10":"tag-breakingnews","11":"tag-featured-news","12":"tag-featurednews","13":"tag-finnsnes","14":"tag-headlines","15":"tag-latest-news","16":"tag-latestnews","17":"tag-news","18":"tag-no","19":"tag-norge","20":"tag-norway","21":"tag-nyheter","22":"tag-overskrifter","23":"tag-story","24":"tag-top-stories","25":"tag-topstories","26":"tag-trafikk","27":"tag-trafikkuhell"},"share_on_mastodon":{"url":"https:\/\/pubeurope.com\/@no\/115677285808253952","error":""},"_links":{"self":[{"href":"https:\/\/www.europesays.com\/no\/wp-json\/wp\/v2\/posts\/106318","targetHints":{"allow":["GET"]}}],"collection":[{"href":"https:\/\/www.europesays.com\/no\/wp-json\/wp\/v2\/posts"}],"about":[{"href":"https:\/\/www.europesays.com\/no\/wp-json\/wp\/v2\/types\/post"}],"author":[{"embeddable":true,"href":"https:\/\/www.europesays.com\/no\/wp-json\/wp\/v2\/users\/2"}],"replies":[{"embeddable":true,"href":"https:\/\/www.europesays.com\/no\/wp-json\/wp\/v2\/comments?post=106318"}],"version-history":[{"count":0,"href":"https:\/\/www.europesays.com\/no\/wp-json\/wp\/v2\/posts\/106318\/revisions"}],"wp:featuredmedia":[{"embeddable":true,"href":"https:\/\/www.europesays.com\/no\/wp-json\/wp\/v2\/media\/2176"}],"wp:attachment":[{"href":"https:\/\/www.europesays.com\/no\/wp-json\/wp\/v2\/media?parent=106318"}],"wp:term":[{"taxonomy":"category","embeddable":true,"href":"https:\/\/www.europesays.com\/no\/wp-json\/wp\/v2\/categories?post=106318"},{"taxonomy":"post_tag","embeddable":true,"href":"https:\/\/www.europesays.com\/no\/wp-json\/wp\/v2\/tags?post=106318"}],"curies":[{"name":"wp","href":"https:\/\/api.w.org\/{rel}","templated":true}]}}