{"id":106319,"date":"2025-12-07T08:16:11","date_gmt":"2025-12-07T08:16:11","guid":{"rendered":"https:\/\/www.europesays.com\/no\/106319\/"},"modified":"2025-12-07T08:16:11","modified_gmt":"2025-12-07T08:16:11","slug":"jon-martin-henriksen-morten-ramm","status":"publish","type":"post","link":"https:\/\/www.europesays.com\/no\/106319\/","title":{"rendered":"Jon Martin Henriksen, Morten Ramm"},"content":{"rendered":"\n<p>Den kjente podkastpersonligheten skal lede TV 2s nye humorreality \u00abLigaen\u00bb der fem kjente profiler skal konkurrere om \u00e5 bli den mest minneverdige atleten.<\/p>\n<p>Morten Ramm, Jenny Skavland, Truls Svendsen, Tete Lidbom og Helene Olafsen st\u00e5r alle p\u00e5 deltakerlista til realityprogrammet som har premiere i februar.<\/p>\n<p><b>Les ogs\u00e5: <a class=\"simple-relation related-teaser article--c-eRUmMG article--c-eRUmMG-fZoQSp-design-nettavisen article--c-eRUmMG-gwthdJ-cv\" href=\"https:\/\/www.nettavisen.no\/rennes-ned-alt-fra-videregaende-alder-til-80-ar\/s\/5-95-2765185\" rel=\"nofollow noopener\" target=\"_blank\">Rennes ned: \u2013 Alt fra videreg\u00e5ende-alder til 80 \u00e5r<\/a><\/b><\/p>\n<p>Jon Martin Henriksen skal lede programmet.<\/p>\n<p>\u2013 I \u00abLigaen\u00bb skal noen av landets mest underholdende folk konkurrere om hvem som er Norges morsomste atlet, og det kan ikke bli annet enn veldig g\u00f8y, forteller Henriksen i en pressemelding.<\/p>\n<p>I programmet holder det ikke bare \u00e5 vinne konkurransene, deltakerne m\u00e5 ogs\u00e5 by p\u00e5 seg selv og imponere med b\u00e5de showmanship, kreativitet og humor.<\/p>\n<p><b>Les ogs\u00e5: <a class=\"simple-relation related-teaser article--c-eRUmMG article--c-eRUmMG-fZoQSp-design-nettavisen article--c-eRUmMG-gwthdJ-cv\" href=\"https:\/\/www.nettavisen.no\/kjenner-seg-ikke-igjen-i-kritikken-helt-feil-sitater\/s\/5-95-2720625\" rel=\"nofollow noopener\" target=\"_blank\">Kjenner seg ikke igjen i kritikken: \u2013 Helt feil sitater<\/a><\/b><\/p>\n<p>\u2013 Seerne kan glede seg til latter, stort konkurranseinstinkt, enorme tabber og \u2013 overraskende nok \u2013 veldig imponerende prestasjoner. Vi skal ogs\u00e5 innom brekninger og t\u00e5rer, sier han videre.<\/p>\n<p>Henriksen er fra f\u00f8r programleder for podkasten Sp\u00e5rtsklubben og en rekke realityprogrammer.<\/p>\n<p>    Vil du se neste video?<\/p>\n<p>    <a href=\"https:\/\/www.nettavisen.no\/nyheter\/ukrainske-spesialstyrker-skal-ha-tatt-ut-russiske-mal-pa-krim-halvoya\/v\/5-95-2764466\" class=\"recommend-poster\" data-adp-clicklabel=\"video-recommend\" data-adp-clickvalue=\"poster\" rel=\"nofollow noopener\" target=\"_blank\"><br \/>\n      <img decoding=\"async\" width=\"200\" height=\"200\" loading=\"lazy\" src=\"https:\/\/www.europesays.com\/no\/wp-content\/uploads\/2025\/12\/KAMPFLY+BREDDE.jpg\" alt=\"\" class=\"brick-c-cFOWSL\" style=\"--brick-image-ratio: 200 \/ 200;\"\/><\/p>\n<p>Tar ut russisk kampfly p\u00e5 Krim0:24<\/p>\n<p>    <\/a><\/p>\n<p>        Morten Ramm kom med en avsl\u00f8ring i pausen under g\u00e5rsdagens landskamp..<\/p>\n","protected":false},"excerpt":{"rendered":"Den kjente podkastpersonligheten skal lede TV 2s nye humorreality \u00abLigaen\u00bb der fem kjente profiler skal konkurrere om \u00e5&hellip;\n","protected":false},"author":2,"featured_media":106320,"comment_status":"","ping_status":"","sticky":false,"template":"","format":"standard","meta":{"footnotes":""},"categories":[58],"tags":[71,30,28,29,72],"class_list":{"0":"post-106319","1":"post","2":"type-post","3":"status-publish","4":"format-standard","5":"has-post-thumbnail","7":"category-underholdning","8":"tag-entertainment","9":"tag-no","10":"tag-norge","11":"tag-norway","12":"tag-underholdning"},"share_on_mastodon":{"url":"https:\/\/pubeurope.com\/@no\/115677297768210441","error":""},"_links":{"self":[{"href":"https:\/\/www.europesays.com\/no\/wp-json\/wp\/v2\/posts\/106319","targetHints":{"allow":["GET"]}}],"collection":[{"href":"https:\/\/www.europesays.com\/no\/wp-json\/wp\/v2\/posts"}],"about":[{"href":"https:\/\/www.europesays.com\/no\/wp-json\/wp\/v2\/types\/post"}],"author":[{"embeddable":true,"href":"https:\/\/www.europesays.com\/no\/wp-json\/wp\/v2\/users\/2"}],"replies":[{"embeddable":true,"href":"https:\/\/www.europesays.com\/no\/wp-json\/wp\/v2\/comments?post=106319"}],"version-history":[{"count":0,"href":"https:\/\/www.europesays.com\/no\/wp-json\/wp\/v2\/posts\/106319\/revisions"}],"wp:featuredmedia":[{"embeddable":true,"href":"https:\/\/www.europesays.com\/no\/wp-json\/wp\/v2\/media\/106320"}],"wp:attachment":[{"href":"https:\/\/www.europesays.com\/no\/wp-json\/wp\/v2\/media?parent=106319"}],"wp:term":[{"taxonomy":"category","embeddable":true,"href":"https:\/\/www.europesays.com\/no\/wp-json\/wp\/v2\/categories?post=106319"},{"taxonomy":"post_tag","embeddable":true,"href":"https:\/\/www.europesays.com\/no\/wp-json\/wp\/v2\/tags?post=106319"}],"curies":[{"name":"wp","href":"https:\/\/api.w.org\/{rel}","templated":true}]}}