{"id":106329,"date":"2025-12-07T08:26:48","date_gmt":"2025-12-07T08:26:48","guid":{"rendered":"https:\/\/www.europesays.com\/no\/106329\/"},"modified":"2025-12-07T08:26:48","modified_gmt":"2025-12-07T08:26:48","slug":"uakseptabelt-a-gi-fra-seg-territorium","status":"publish","type":"post","link":"https:\/\/www.europesays.com\/no\/106329\/","title":{"rendered":"\u2013 Uakseptabelt \u00e5 gi fra seg territorium"},"content":{"rendered":"<p><strong>Ukrainas \u00f8verstkommanderende general Oleksandr Syrskyi avviser ethvert fredstilbud som inneb\u00e6rer \u00e5 gi opp ukrainsk territorium. Han anklager samtidig Russland for \u00e5 bruke fredsforhandlingene som et dekke for \u00e5 erobre mer land.<\/strong><\/p>\n<p>I et <a href=\"https:\/\/youtu.be\/mfqYILy7xPk\" rel=\"nofollow noopener\" target=\"_blank\">intervju <\/a>med britisk Sky News sl\u00e5r general Oleksandr Syrskyi, sjefen for Ukrainas v\u00e6pnede styrker, fast at det ville v\u00e6re \u00abuakseptabelt\u00bb for Ukraina \u00e5 \u00absimpelthen gi opp territorium\u00bb i en eventuell fredsavtale med Russland.<\/p>\n<p>\u2013 Hva betyr det egentlig \u00e5 overlevere v\u00e5rt land? Dette er nettopp derfor vi kjemper. S\u00e5 vi gir ikke fra oss v\u00e5rt territorium, sier Syrskyi i intervjuet.<\/p>\n<p>Generalen presenterer sin visjon for hva han kaller en \u00abrettferdig fred\u00bb:<\/p>\n<p>\u2013 I min forstand betyr en rettferdig fred en fred uten forh\u00e5ndsbetingelser, uten \u00e5 gi opp territorium. Det betyr \u00e5 stoppe langs den n\u00e5v\u00e6rende kontaktlinjen \u2013 det vil si v\u00e5penhvile, deretter forhandlinger uten noen betingelser. Bare da vil en slik fred v\u00e6re rettferdig, forklarer han.<\/p>\n<p>\u2013 Enhver annen avtale ville v\u00e6re en urettferdig fred, og for oss er det uakseptabelt, legger han til.<\/p>\n<p><strong>Anklager Russland for lureri<\/strong><\/p>\n<p>Syrskyi beskylder russiske styrker for \u00e5 utnytte de p\u00e5g\u00e5ende fredssamtalene til \u00e5 fortsette sin offensiv.<\/p>\n<p>\u2013 Vi vil ha fred, en rettferdig fred, men fienden fortsetter sin offensiv og bruker disse fredssamtalene som dekke. Det er ingen pauser, ingen forsinkelser i operasjonene deres. De fortsetter \u00e5 presse troppene sine fremover for \u00e5 ta s\u00e5 mye av v\u00e5rt territorium som mulig under dekke av forhandlinger, sier generalen.<\/p>\n<p><strong>Pokrovsk: Kampen om n\u00f8kkelbyen<\/strong><\/p>\n<p>I intervjuet gir Syrskyi detaljerte beskrivelser av situasjonen i den strategisk viktige byen Pokrovsk, som Russland har hevdet \u00e5 ha erobret.<\/p>\n<p>\u2013 For \u00f8yeblikket er situasjonen slik: Den nordlige delen av Pokrovsk er under v\u00e5r kontroll, og vi rykker gradvis dypere inn i byen. Samtidig \u00abangriper fienden\u00bb aktivt fra s\u00f8r, forklarer han.<\/p>\n<p>Generalen hevder at Russland har konsentrert over 150 000 soldater i Pokrovsk-retningen, inkludert omtrent 18 000 marinesoldater og den elit\u00e6re 76. luftb\u00e5rne divisjonen med ytterligere 10 000 tropper.<\/p>\n<p>\u2013 Ved \u00e5 stole p\u00e5 ren tallmessig styrke og masseutplassering av en s\u00e5 enorm mengde infanteri dag og natt, fors\u00f8ker de \u00e5 ta Pokrovsk, sier han.<\/p>\n<p><strong>Russlands enorme styrker<\/strong><\/p>\n<p>Syrskyi avsl\u00f8rer omfanget av den russiske milit\u00e6re tilstedev\u00e6relsen i Ukraina:<\/p>\n<p>\u2013 For \u00e5 gjennomf\u00f8re sin offensivkampanje opprettholder Russland p\u00e5 ukrainsk territorium, inkludert de midlertidig okkuperte omr\u00e5dene, en styrke p\u00e5 over 710 000 soldater. Dette er en offensiv gruppering, forteller generalen.<\/p>\n<p>Han legger til at den aktive frontlinjen strekker seg over 1250 kilometer, og at russiske styrker fors\u00f8ker \u00e5 rykke frem langs praktisk talt hele fronten.<\/p>\n<p><strong>Tunge tap p\u00e5 begge sider<\/strong><\/p>\n<p>Generalen hevder at Russland lider enorme tap i sin fremst\u00f8t:<\/p>\n<p>\u2013 Jeg vil understreke at fienden mister rundt 1000 til 2000 soldater drept eller s\u00e5ret hver dag, og flertallet blir drept, sier Syrskyi.<\/p>\n<p>\u2013 V\u00e5r strategi er \u00e5 utmatte den russiske h\u00e6ren s\u00e5 mye som mulig, forhindre dens fremrykning og holde territoriet, samtidig som vi sl\u00e5r fienden i n\u00e6rheten av baksiden, det operative dypet og dypere inn i Russland selv, forklarer han.<\/p>\n<p><strong>Dronekrig: En ny \u00e6ra<\/strong><\/p>\n<p>Intervjuet gir unike innblikk i hvordan droner har forandret krigens natur. Syrskyi r\u00f8per at Ukraina daglig utsettes for angrep fra 4000 til 5000 FPV-droner (f\u00f8rstepersonsskjerm-droner), i tillegg til 1500 til 2000 bombedropper.<\/p>\n<p>\u2013 Hver dag bruker Russland mot v\u00e5r sivilbefolkning og v\u00e5re byer alt fra 100 til 200 eller 300, og noen ganger opptil 700 droner, sier generalen.<\/p>\n<p>Han legger til at droner n\u00e5 st\u00e5r for rundt 60 prosent av ildkraften p\u00e5 slagmarken, mens artilleri st\u00e5r for de resterende 40 prosentene.<\/p>\n<p><strong>Betydningen av dype slag<\/strong><\/p>\n<p>Generalen understreker viktigheten av Ukrainas evne til \u00e5 ramme m\u00e5l dypt inne i Russland:<\/p>\n<p>\u2013 Dype slag lar oss treffe betydelige fiendem\u00e5l i dybden \u2013 alt fienden er avhengig av for \u00e5 gjennomf\u00f8re og opprettholde krigen. Jeg mener produksjon av milit\u00e6rt utstyr, dual-use-teknologier, missiler, artillerigranater \u2013 i hovedsak alt fienden bruker mot oss, forklarer Syrskyi.<\/p>\n<p>Han viser til at Russlands olje- og gassindustri genererer rundt 120 milliarder dollar i inntekter, mens landets milit\u00e6rbudsjett for \u00e5ret er 175 milliarder dollar.<\/p>\n<p>\u2013 Ved \u00e5 treffe disse finansieringskildene, kildene som gj\u00f8r det mulig for Russland \u00e5 f\u00f8re krig, reduserer vi landets evne til \u00e5 fortsette, sier han.<\/p>\n<p><strong>Avviser at ofre har v\u00e6rt forgjeves<\/strong><\/p>\n<p>P\u00e5 sp\u00f8rsm\u00e5l om hvorvidt soldatenes ofre ville v\u00e6rt forgjeves dersom Ukraina tvinges til \u00e5 gi opp territorium, svarer generalen kontant:<\/p>\n<p>\u2013 Vet du, jeg tillater ikke engang meg selv \u00e5 vurdere et slikt scenario. Alle kriger ender til slutt. Og selvf\u00f8lgelig h\u00e5per vi at v\u00e5r ogs\u00e5 vil ende.<\/p>\n<p><strong>Trenger fortsatt st\u00f8tte<\/strong><\/p>\n<p>Syrskyi er tydelig p\u00e5 at Ukraina er avhengig av fortsatt st\u00f8tte fra Vesten:<\/p>\n<p>\u2013 Naturligvis kan ikke v\u00e5rt land og v\u00e5r industri selvstendig produsere mengden v\u00e5pen og ammunisjon som trengs for et adekvat svar til fienden. S\u00e5 selvf\u00f8lgelig forventer vi fortsatt st\u00f8tte fra v\u00e5re partnere, sier han.<\/p>\n<p>P\u00e5 sp\u00f8rsm\u00e5l om Ukraina kan fortsette \u00e5 kjempe hvis USA trekker sin st\u00f8tte, svarer han:<\/p>\n<p>\u2013 Vi er sv\u00e6rt takknemlige overfor v\u00e5re amerikanske partnere. Men vi h\u00e5per ogs\u00e5 at v\u00e5re europeiske partnere og allierte, om n\u00f8dvendig, vil v\u00e6re klare til \u00e5 gi alt som kreves for v\u00e5r rettferdige krig mot aggressoren \u2013 fordi akkurat n\u00e5 forsvarer vi ikke bare oss selv, men hele Europa.<\/p>\n<p><strong>Motivasjonen<\/strong><\/p>\n<p>Generalen forklarer hva som holder de ukrainske soldatene motivert gjennom enda en kald vinter i skyttergravene:<\/p>\n<p>\u2013 F\u00f8rst og fremst forsvarer vi v\u00e5rt eget land, v\u00e5r nasjon. Vi f\u00f8rer en rettferdig krig og beskytter v\u00e5rt folk, v\u00e5re byer og tettsteder, og v\u00e5rt land. Vi beskytter v\u00e5r tradisjon, v\u00e5rt spr\u00e5k, alt som har den h\u00f8yeste verdien for oss. Det er kilden til motivasjon, sier Syrskyi.<\/p>\n<p>Han peker p\u00e5 \u00f8deleggelsene de russiske styrkene etterlater seg:<\/p>\n<p>\u2013 Se p\u00e5 hvert omr\u00e5de hvor denne kampen har funnet sted. Ingenting gjenst\u00e5r. Byer utslettet, redusert til fundamenter og ruiner. Ingen industri, intet liv. Avsvidd land. Det er alt.<\/p>\n<p><strong>Tror p\u00e5 seier<\/strong><\/p>\n<p>P\u00e5 sp\u00f8rsm\u00e5l om han tror Ukraina kan lykkes med \u00e5 avslutte krigen p\u00e5 rettferdige vilk\u00e5r, er svaret enkelt:<\/p>\n<p>\u2013 Absolutt. Det er sikkert. Vi gj\u00f8r alt for \u00e5 oppn\u00e5 dette. Og fremfor alt gj\u00f8res det av Ukrainas v\u00e6pnede styrker, av hele v\u00e5rt samfunn, avslutter generalen.<\/p>\n<p><strong>Fakta: General Oleksandr Syrskyi<\/strong><\/p>\n<ul class=\"wp-block-list\">\n<li>Ukrainas \u00f8verstkommanderende siden februar 2024<\/li>\n<li>Tidligere kommand\u00f8r for ukrainske bakkestyrker<\/li>\n<li>Kjent for \u00e5 ha ledet forsvaret av Kyiv i 2022<\/li>\n<li>Ledet motoffensiven ved Kharkiv h\u00f8sten 2022<\/li>\n<li>59 \u00e5r gammel, f\u00f8dt i Russland men ukrainsk statsborger<\/li>\n<\/ul>\n","protected":false},"excerpt":{"rendered":"Ukrainas \u00f8verstkommanderende general Oleksandr Syrskyi avviser ethvert fredstilbud som inneb\u00e6rer \u00e5 gi opp ukrainsk territorium. Han anklager samtidig&hellip;\n","protected":false},"author":2,"featured_media":106330,"comment_status":"","ping_status":"","sticky":false,"template":"","format":"standard","meta":{"footnotes":""},"categories":[12],"tags":[20,21,24,25,15,179,22,23,13,30,28,29,14,16,188,26,27,50,42,43,44,45],"class_list":{"0":"post-106329","1":"post","2":"type-post","3":"status-publish","4":"format-standard","5":"has-post-thumbnail","7":"category-verden","8":"tag-breaking-news","9":"tag-breakingnews","10":"tag-featured-news","11":"tag-featurednews","12":"tag-headlines","13":"tag-krigen-i-ukraina","14":"tag-latest-news","15":"tag-latestnews","16":"tag-news","17":"tag-no","18":"tag-norge","19":"tag-norway","20":"tag-nyheter","21":"tag-overskrifter","22":"tag-russland","23":"tag-top-stories","24":"tag-topstories","25":"tag-usa","26":"tag-verden","27":"tag-world","28":"tag-world-news","29":"tag-worldnews"},"share_on_mastodon":{"url":"https:\/\/pubeurope.com\/@no\/115677340830360687","error":""},"_links":{"self":[{"href":"https:\/\/www.europesays.com\/no\/wp-json\/wp\/v2\/posts\/106329","targetHints":{"allow":["GET"]}}],"collection":[{"href":"https:\/\/www.europesays.com\/no\/wp-json\/wp\/v2\/posts"}],"about":[{"href":"https:\/\/www.europesays.com\/no\/wp-json\/wp\/v2\/types\/post"}],"author":[{"embeddable":true,"href":"https:\/\/www.europesays.com\/no\/wp-json\/wp\/v2\/users\/2"}],"replies":[{"embeddable":true,"href":"https:\/\/www.europesays.com\/no\/wp-json\/wp\/v2\/comments?post=106329"}],"version-history":[{"count":0,"href":"https:\/\/www.europesays.com\/no\/wp-json\/wp\/v2\/posts\/106329\/revisions"}],"wp:featuredmedia":[{"embeddable":true,"href":"https:\/\/www.europesays.com\/no\/wp-json\/wp\/v2\/media\/106330"}],"wp:attachment":[{"href":"https:\/\/www.europesays.com\/no\/wp-json\/wp\/v2\/media?parent=106329"}],"wp:term":[{"taxonomy":"category","embeddable":true,"href":"https:\/\/www.europesays.com\/no\/wp-json\/wp\/v2\/categories?post=106329"},{"taxonomy":"post_tag","embeddable":true,"href":"https:\/\/www.europesays.com\/no\/wp-json\/wp\/v2\/tags?post=106329"}],"curies":[{"name":"wp","href":"https:\/\/api.w.org\/{rel}","templated":true}]}}