{"id":106335,"date":"2025-12-07T08:30:10","date_gmt":"2025-12-07T08:30:10","guid":{"rendered":"https:\/\/www.europesays.com\/no\/106335\/"},"modified":"2025-12-07T08:30:10","modified_gmt":"2025-12-07T08:30:10","slug":"trump-hedret-sylvester-stallone-med-medalje","status":"publish","type":"post","link":"https:\/\/www.europesays.com\/no\/106335\/","title":{"rendered":"Trump hedret Sylvester Stallone med medalje"},"content":{"rendered":"<p><strong>President Donald Trump hedret l\u00f8rdag countrylegenden George Strait, disco-ikonet Gloria Gaynor, skuespilleren Sylvester Stallone og rockebandet Kiss med Kennedy Center-medaljer i Det ovale kontor. Trump kalte dem \u00abkanskje den mest vellykkede og anerkjente klassen av Kennedy Center-hederspristagere som noensinne er samlet\u00bb.<\/strong><\/p>\n<p>I en <a href=\"https:\/\/youtu.be\/Ai_hhfNPbtI\" rel=\"nofollow noopener\" target=\"_blank\">seremoni i Det ovale kontor l\u00f8rdag kveld<\/a> delte president Trump ut Kennedy Center Honors Medallions til \u00e5rets hederspristagere, som ogs\u00e5 inkluderte Broadway-stjernen Michael Crawford.<\/p>\n<p>\u2013\u00a0Dette er en gruppe ikoner hvis arbeid og prestasjoner har inspirert, l\u00f8ftet og samlet millioner og atter millioner av amerikanere, sa Trump under seremonien.<\/p>\n<p>Trump hadde s\u00e6rlig varme ord om actionstjernen Sylvester Stallone, som han omtalte som \u00aben av de sanne store filmstjernene\u00bb.<\/p>\n<p>\u2013\u00a0Det pleide \u00e5 v\u00e6re mange. Det er ikke mange n\u00e5. Men han er en av de store legendene og har hatt noen av de beste filmene noensinne, inkludert de mest innbringende filmene noensinne, sa presidenten.<\/p>\n<p>Trump takket ogs\u00e5 Stallone for hans \u00abumatchede hjerte, talent og vilje\u00bb, og la til: \u2013\u00a0For ingen spilte den rollen og ingen vil noensinne spille den rollen som Sly.<\/p>\n<p>Medaljene ble redesignet i \u00e5r med hjelp fra smykkehuset Tiffany &amp; Company, noe Trump trakk frem i sin tale.<\/p>\n<p>\u2013\u00a0De har gjort en fantastisk jobb. De er fantastiske folk. Jeg kjenner dem veldig godt fordi de ligger rett ved siden av Trump Tower. Jeg har levd med dem i mange \u00e5r, og de har virkelig gjort en flott jobb, sa presidenten.<\/p>\n<p>Trump benyttet ogs\u00e5 anledningen til \u00e5 annonsere at Kennedy Center gjennomg\u00e5r en omfattende renovering.<\/p>\n<p>\u2013\u00a0Bygningen blir fullstendig renovert. Det blir fikset p\u00e5 et niv\u00e5 som ingen har sett f\u00f8r. Vi skal gj\u00f8re det til noe virkelig spesielt. Det har v\u00e6rt slitt. Det har blitt litt mishandlet \u2013 litt som Det hvite hus har blitt mishandlet, for \u00e5 v\u00e6re helt \u00e6rlig med deg, sa Trump.<\/p>\n<p>Han fremhevet spesielt den gode akustikken i bygningen: \u2013\u00a0Hvis det er bygget med d\u00e5rlig lyd, f\u00e5r du det aldri fikset, ikke sant? Det fungerer bare ikke. De har pr\u00f8vd veldig hardt p\u00e5 Lincoln Center og andre steder, og det har ikke fungert s\u00e5 bra.<\/p>\n<p><strong>F\u00f8rste president som er vert<\/strong><\/p>\n<p>Trump annonserte at han blir den f\u00f8rste amerikanske presidenten som er vert for Kennedy Center Honors-showet, som finner sted s\u00f8ndag.<\/p>\n<p>\u2013\u00a0Dette er en premiere. Jeg er sikker p\u00e5 at de vil gi meg gode anmeldelser, ikke sant? Du vet, de vil si: \u2018Han var forferdelig. Det var en forferdelig situasjon.\u2019 Nei, vi vil gj\u00f8re det bra, sa Trump.<\/p>\n<p>Han la til med et stikk til talkshow-vert Jimmy Kimmel: \u2013\u00a0Hvis jeg ikke kan sl\u00e5 Jimmy Kimmel n\u00e5r det gjelder talent, s\u00e5 tror jeg ikke jeg burde v\u00e6re president.<\/p>\n<p><strong>Hederspristagerne<\/strong><\/p>\n<p>\u00c5rets Kennedy Center-hederspristagere er:<\/p>\n<ul class=\"wp-block-list\">\n<li><strong>George Strait<\/strong>\u00a0\u2013 countrymusikklegende<\/li>\n<li><strong>Michael Crawford<\/strong>\u00a0\u2013 Broadway-stjerne, kjent for blant annet \u00abPhantom of the Opera\u00bb<\/li>\n<li><strong>Gloria Gaynor<\/strong>\u00a0\u2013 disco-ikon, kjent for hits som \u00abI Will Survive\u00bb<\/li>\n<li><strong>Sylvester Stallone<\/strong>\u00a0\u2013 skuespiller og filmskaper, kjent for \u00abRocky\u00bb og \u00abRambo\u00bb-filmene<\/li>\n<li><strong>Kiss<\/strong>\u00a0\u2013 rockebandet representert ved Paul Stanley, Gene Simmons, Peter Criss og avd\u00f8de Ace Frehley (hans datter mottok medaljen p\u00e5 hans vegne)<\/li>\n<\/ul>\n<p>Trump avsluttet seremonien med \u00e5 forutsi at \u00e5rets show vil bli det h\u00f8yest rangerte noensinne: \u2013\u00a0Det er ingenting som det som kommer til \u00e5 skje i morgen kveld.<\/p>\n","protected":false},"excerpt":{"rendered":"President Donald Trump hedret l\u00f8rdag countrylegenden George Strait, disco-ikonet Gloria Gaynor, skuespilleren Sylvester Stallone og rockebandet Kiss med&hellip;\n","protected":false},"author":2,"featured_media":106336,"comment_status":"","ping_status":"","sticky":false,"template":"","format":"standard","meta":{"footnotes":""},"categories":[58],"tags":[55,71,9105,30,28,29,6078,72],"class_list":{"0":"post-106335","1":"post","2":"type-post","3":"status-publish","4":"format-standard","5":"has-post-thumbnail","7":"category-underholdning","8":"tag-donald-trump","9":"tag-entertainment","10":"tag-kiss","11":"tag-no","12":"tag-norge","13":"tag-norway","14":"tag-sylvester-stallone","15":"tag-underholdning"},"share_on_mastodon":{"url":"https:\/\/pubeurope.com\/@no\/115677352665883113","error":""},"_links":{"self":[{"href":"https:\/\/www.europesays.com\/no\/wp-json\/wp\/v2\/posts\/106335","targetHints":{"allow":["GET"]}}],"collection":[{"href":"https:\/\/www.europesays.com\/no\/wp-json\/wp\/v2\/posts"}],"about":[{"href":"https:\/\/www.europesays.com\/no\/wp-json\/wp\/v2\/types\/post"}],"author":[{"embeddable":true,"href":"https:\/\/www.europesays.com\/no\/wp-json\/wp\/v2\/users\/2"}],"replies":[{"embeddable":true,"href":"https:\/\/www.europesays.com\/no\/wp-json\/wp\/v2\/comments?post=106335"}],"version-history":[{"count":0,"href":"https:\/\/www.europesays.com\/no\/wp-json\/wp\/v2\/posts\/106335\/revisions"}],"wp:featuredmedia":[{"embeddable":true,"href":"https:\/\/www.europesays.com\/no\/wp-json\/wp\/v2\/media\/106336"}],"wp:attachment":[{"href":"https:\/\/www.europesays.com\/no\/wp-json\/wp\/v2\/media?parent=106335"}],"wp:term":[{"taxonomy":"category","embeddable":true,"href":"https:\/\/www.europesays.com\/no\/wp-json\/wp\/v2\/categories?post=106335"},{"taxonomy":"post_tag","embeddable":true,"href":"https:\/\/www.europesays.com\/no\/wp-json\/wp\/v2\/tags?post=106335"}],"curies":[{"name":"wp","href":"https:\/\/api.w.org\/{rel}","templated":true}]}}