{"id":106339,"date":"2025-12-07T08:34:14","date_gmt":"2025-12-07T08:34:14","guid":{"rendered":"https:\/\/www.europesays.com\/no\/106339\/"},"modified":"2025-12-07T08:34:14","modified_gmt":"2025-12-07T08:34:14","slug":"politi-helg-politiet-rykket-etter-slagsmal-pa-ungdomsarrangement","status":"publish","type":"post","link":"https:\/\/www.europesays.com\/no\/106339\/","title":{"rendered":"Politi, Helg | Politiet rykket etter slagsm\u00e5l p\u00e5 ungdomsarrangement"},"content":{"rendered":"\n<p>Natt til s\u00f8ndag m\u00e5tte politiet i Farsund rykke ut til et ungdomsarrangement i Vanse etter melding om et slagsm\u00e5l. Fire ungdommer var involvert i hendelsen.<\/p>\n<p>Meldingen om slagsm\u00e5let kom inn til Agder politidistrikt klokken 00:33 natt til s\u00f8ndag.<\/p>\n<p>Hendelsen skjedde i forbindelse med et ungdomsarrangement i Vanse. Fire ungdommer var involvert i slagsm\u00e5let.<\/p>\n<p>If\u00f8lge operasjonsleder Ole Robert Strandhagen var politiet i kontakt med de involverte ungdommene og deres foresatte. Det er ikke meldt om personskade.<\/p>\n<p>Da de involverte ungdommene \u00f8nsket \u00e5 anmelde hverandre, oppretter politiet sak p\u00e5 forholdet.<\/p>\n","protected":false},"excerpt":{"rendered":"Natt til s\u00f8ndag m\u00e5tte politiet i Farsund rykke ut til et ungdomsarrangement i Vanse etter melding om et&hellip;\n","protected":false},"author":2,"featured_media":7879,"comment_status":"","ping_status":"","sticky":false,"template":"","format":"standard","meta":{"footnotes":""},"categories":[10],"tags":[36,20,21,24,25,15,9870,22,23,13,30,28,29,14,16,254,987,1510,26,27],"class_list":{"0":"post-106339","1":"post","2":"type-post","3":"status-publish","4":"format-standard","5":"has-post-thumbnail","7":"category-norge","8":"tag-art","9":"tag-breaking-news","10":"tag-breakingnews","11":"tag-featured-news","12":"tag-featurednews","13":"tag-headlines","14":"tag-helg","15":"tag-latest-news","16":"tag-latestnews","17":"tag-news","18":"tag-no","19":"tag-norge","20":"tag-norway","21":"tag-nyheter","22":"tag-overskrifter","23":"tag-politi","24":"tag-politilogg","25":"tag-story","26":"tag-top-stories","27":"tag-topstories"},"share_on_mastodon":{"url":"https:\/\/pubeurope.com\/@no\/115677368462745207","error":""},"_links":{"self":[{"href":"https:\/\/www.europesays.com\/no\/wp-json\/wp\/v2\/posts\/106339","targetHints":{"allow":["GET"]}}],"collection":[{"href":"https:\/\/www.europesays.com\/no\/wp-json\/wp\/v2\/posts"}],"about":[{"href":"https:\/\/www.europesays.com\/no\/wp-json\/wp\/v2\/types\/post"}],"author":[{"embeddable":true,"href":"https:\/\/www.europesays.com\/no\/wp-json\/wp\/v2\/users\/2"}],"replies":[{"embeddable":true,"href":"https:\/\/www.europesays.com\/no\/wp-json\/wp\/v2\/comments?post=106339"}],"version-history":[{"count":0,"href":"https:\/\/www.europesays.com\/no\/wp-json\/wp\/v2\/posts\/106339\/revisions"}],"wp:featuredmedia":[{"embeddable":true,"href":"https:\/\/www.europesays.com\/no\/wp-json\/wp\/v2\/media\/7879"}],"wp:attachment":[{"href":"https:\/\/www.europesays.com\/no\/wp-json\/wp\/v2\/media?parent=106339"}],"wp:term":[{"taxonomy":"category","embeddable":true,"href":"https:\/\/www.europesays.com\/no\/wp-json\/wp\/v2\/categories?post=106339"},{"taxonomy":"post_tag","embeddable":true,"href":"https:\/\/www.europesays.com\/no\/wp-json\/wp\/v2\/tags?post=106339"}],"curies":[{"name":"wp","href":"https:\/\/api.w.org\/{rel}","templated":true}]}}