{"id":106342,"date":"2025-12-07T08:37:15","date_gmt":"2025-12-07T08:37:15","guid":{"rendered":"https:\/\/www.europesays.com\/no\/106342\/"},"modified":"2025-12-07T08:37:15","modified_gmt":"2025-12-07T08:37:15","slug":"kultur-kvinesdal-sissel-stralte-mektig-vakkert-og-humoristisk-for-over-1000-publikummere","status":"publish","type":"post","link":"https:\/\/www.europesays.com\/no\/106342\/","title":{"rendered":"Kultur, Kvinesdal | Sissel str\u00e5lte: Mektig, vakkert og humoristisk for over 1000 publikummere"},"content":{"rendered":"\n<p>Sissel skulle denne julen holde tre julekonserter, og \u00e9n av dem var i Kvinesdal l\u00f8rdag kveld. Det ble en storslagen opplevelse der Sissel str\u00e5lte p\u00e5 scenen og s\u00e5 definitivt ut til ha en like fin opplevelse som publikum.<\/p>\n<p>   <img decoding=\"async\" width=\"3561\" height=\"2374\" fetchpriority=\"low\"  loading=\"lazy\"  src=\"https:\/\/www.europesays.com\/no\/wp-content\/uploads\/2025\/12\/SK11.jpg\" alt=\"\" class=\"brick-c-cFOWSL\" style=\"--brick-image-ratio: 3561 \/ 2374;\"\/><\/p>\n<p>  Satt litt langt inne<\/p>\n<p>Sarons Dal Arena viste til fulle at den er godt egnet til \u00e5 huse store artister. Scenen i Kvinesdals storstue var pyntet til jul da hele Norges Sissel entret scenen etter stemningsfull intro av det fire mann store bandet.<\/p>\n<p>I en flatterende lyssetting kom Sissel nesten svevende ut i en fotsid gullkjole.<\/p>\n<p>\u2013 Jeg hadde aldri trodd at jeg skulle f\u00e5 st\u00e5 og synge p\u00e5 denne scenen. Tusen takk for at jeg fikk komme, sa Sissel til de framm\u00f8tte i starten av konserten.<\/p>\n<p>Grunnen til at hun la \u00e9n av sine tre konserter til Kvinesdal, var en henvendelse fra Sarons Dal Arena tidligere i \u00e5r.<\/p>\n<p>\u2013 Vi spurte om hun ville komme, og det sa hun ja til. At vi satte som betingelse at hun ikke skulle ha konserter i Kristiansand og Stavanger satt litt langt inne, men det ordnet seg heldigvis ogs\u00e5, fortalte daglig leder i Sarons Dal Arena, Glenn T\u00f8nnessen, til Avisen Agder.<\/p>\n<p>   <img decoding=\"async\" width=\"3982\" height=\"2654\" fetchpriority=\"low\"  loading=\"lazy\"  src=\"https:\/\/www.europesays.com\/no\/wp-content\/uploads\/2025\/12\/SK20.jpg\" alt=\"\" class=\"brick-c-cFOWSL\" style=\"--brick-image-ratio: 3982 \/ 2654;\"\/><\/p>\n<p>  Kj\u00e6rlighetens tid<\/p>\n<p>Julekonserten inneholdt sanger der tema var jul, men ikke med et repertoar som man vanligvis h\u00f8rer p\u00e5 tradisjonelle julekonserter. Sissel fremf\u00f8rte \u00abGlade jul\u00bb, \u00abDeilig Er Jorden\u00bb og \u00abO, Helga Natt\u00bb i et vakkert, stemningsfullt og originalt arrangement som l\u00f8ftet de kjente sangene til et helt nytt niv\u00e5.<\/p>\n<p>Den svenske sangeren Jon Martin Bengtsson var konsertens gjesteartist. To fantastiske stemmer fylte den store hallen der flere fant frem lommet\u00f8rkleet og t\u00f8rket lett fuktige \u00f8yne. Det ble duetter med Sissel og solo sammen med orkesteret.<\/p>\n<p>\u2013 Julen er kj\u00e6rlighetens tid, om man har et forhold til julens egentlige budskap eller ikke. Jeg har en dr\u00f8m om at alle en dag skal v\u00e5kne opp til et liv og en verden med mening, sa Sissel.<\/p>\n<p>Det ble en sjelden og mektig konsert ispedd litt humor og gode historier fra en dame som har en av Nordens beste stemmer.<\/p>\n","protected":false},"excerpt":{"rendered":"Sissel skulle denne julen holde tre julekonserter, og \u00e9n av dem var i Kvinesdal l\u00f8rdag kveld. Det ble&hellip;\n","protected":false},"author":2,"featured_media":106343,"comment_status":"","ping_status":"","sticky":false,"template":"","format":"standard","meta":{"footnotes":""},"categories":[58],"tags":[36,71,2987,410,2986,30,28,29,1510,72],"class_list":{"0":"post-106342","1":"post","2":"type-post","3":"status-publish","4":"format-standard","5":"has-post-thumbnail","7":"category-underholdning","8":"tag-art","9":"tag-entertainment","10":"tag-fb","11":"tag-kultur","12":"tag-kvinesdal","13":"tag-no","14":"tag-norge","15":"tag-norway","16":"tag-story","17":"tag-underholdning"},"share_on_mastodon":{"url":"https:\/\/pubeurope.com\/@no\/115677380437273597","error":""},"_links":{"self":[{"href":"https:\/\/www.europesays.com\/no\/wp-json\/wp\/v2\/posts\/106342","targetHints":{"allow":["GET"]}}],"collection":[{"href":"https:\/\/www.europesays.com\/no\/wp-json\/wp\/v2\/posts"}],"about":[{"href":"https:\/\/www.europesays.com\/no\/wp-json\/wp\/v2\/types\/post"}],"author":[{"embeddable":true,"href":"https:\/\/www.europesays.com\/no\/wp-json\/wp\/v2\/users\/2"}],"replies":[{"embeddable":true,"href":"https:\/\/www.europesays.com\/no\/wp-json\/wp\/v2\/comments?post=106342"}],"version-history":[{"count":0,"href":"https:\/\/www.europesays.com\/no\/wp-json\/wp\/v2\/posts\/106342\/revisions"}],"wp:featuredmedia":[{"embeddable":true,"href":"https:\/\/www.europesays.com\/no\/wp-json\/wp\/v2\/media\/106343"}],"wp:attachment":[{"href":"https:\/\/www.europesays.com\/no\/wp-json\/wp\/v2\/media?parent=106342"}],"wp:term":[{"taxonomy":"category","embeddable":true,"href":"https:\/\/www.europesays.com\/no\/wp-json\/wp\/v2\/categories?post=106342"},{"taxonomy":"post_tag","embeddable":true,"href":"https:\/\/www.europesays.com\/no\/wp-json\/wp\/v2\/tags?post=106342"}],"curies":[{"name":"wp","href":"https:\/\/api.w.org\/{rel}","templated":true}]}}