{"id":106358,"date":"2025-12-07T09:10:12","date_gmt":"2025-12-07T09:10:12","guid":{"rendered":"https:\/\/www.europesays.com\/no\/106358\/"},"modified":"2025-12-07T09:10:12","modified_gmt":"2025-12-07T09:10:12","slug":"mann-floyet-til-sykehus-etter-knivstikking-pa-skjervoy","status":"publish","type":"post","link":"https:\/\/www.europesays.com\/no\/106358\/","title":{"rendered":"Mann fl\u00f8yet til sykehus etter knivstikking p\u00e5 Skjerv\u00f8y"},"content":{"rendered":"\n<p class=\"_lead_o9xde_2 _lead_xtcu6_50 layout-component text-serif-m layout-normal text-serif-l layout-component layout-wide layout-padded _wide_17hqh_1 layout-padded\">Politiet etterforsker en voldshendelse p\u00e5 Skjerv\u00f8y i Troms. En ung mann er fl\u00f8yet til sykehus etter knivstikking.<\/p>\n<p><img alt=\"En luftambulanse ble sendt fra UNN i Troms\u00f8. Foto: ADS-B Exchange\" class=\"_image_qp4xg_65 layout-component layout-wide\" data-fullscreen- data-track-element-type=\"Article image fullscreen\" data-track-name=\"ImageFullscreen\" fetchpriority=\"high\" decoding=\"sync\" loading=\"eager\" height=\"611\" itemprop=\"image\"  src=\"https:\/\/www.europesays.com\/no\/wp-content\/uploads\/2025\/12\/3a13f870-a078-4434-a366-2012c11c5d56\"  style=\"object-position:0% 0%\" width=\"743\"\/>En luftambulanse ble sendt fra UNN i Troms\u00f8. Foto: ADS-B Exchange<\/p>\n<ul aria-hidden=\"true\" class=\"_images_ntbth_112\">\n<li><a class=\"_link_ntbth_117\" href=\"https:\/\/www.vg.no\/forfatter\/preben-soerensen-olsen\" style=\"z-index:2\" title=\"Preben S\u00f8rensen Olsen\" rel=\"nofollow noopener\" target=\"_blank\"><img alt=\"Bilde av Preben S\u00f8rensen Olsen\" class=\"_image_ntbth_93\" fetchpriority=\"low\" loading=\"lazy\" decoding=\"async\" itemprop=\"image\"  src=\"https:\/\/www.europesays.com\/no\/wp-content\/uploads\/2025\/12\/1765098609_634_64aa1fb4-b39a-43ab-9306-fd34402fdbb9\"  width=\"480\"\/><\/a><\/li>\n<li><a class=\"_link_ntbth_117\" href=\"https:\/\/www.vg.no\/forfatter\/marianne-vikaas\" style=\"z-index:1\" title=\"Marianne Vik\u00e5s\" rel=\"nofollow noopener\" target=\"_blank\"><img alt=\"Bilde av Marianne Vik\u00e5s\" class=\"_image_ntbth_93\" fetchpriority=\"low\" loading=\"lazy\" decoding=\"async\" itemprop=\"image\"  src=\"https:\/\/www.europesays.com\/no\/wp-content\/uploads\/2025\/12\/d2438f37-7bc3-4fbe-9541-5b99b45f89bc\"  width=\"480\"\/><\/a><\/li>\n<\/ul>\n<p> Oppdatert s\u00f8ndag 7. desember kl. 10:09     <\/p>\n<p class=\"_paragraph_o9xde_4 _paragraph_xtcu6_10 layout-component text-serif-m layout-normal text-serif-m layout-padded\">Politiet fikk melding om at en person var knivstukket klokken 08.02 s\u00f8ndag morgen.<\/p>\n<p class=\"_paragraph_o9xde_4 _paragraph_xtcu6_10 layout-component text-serif-m layout-normal text-serif-m layout-padded\">\u2013 Mannskapet fra b\u00e5de det aktuelle omr\u00e5det rykket ut, i tillegg ble det sendt patruljer med helikopter, sier operasjonsleder Robin \u00c5sheim Lindberg i Troms politidistrikt til VG.<\/p>\n<p class=\"_paragraph_o9xde_4 _paragraph_xtcu6_10 layout-component text-serif-m layout-normal text-serif-m layout-padded\">En ung mann ble fl\u00f8yet til sykehuset i Troms\u00f8 med luftambulansen. Operasjonsleder sier at han ikke er kjent med skadeomfanget.<\/p>\n<p class=\"_paragraph_o9xde_4 _paragraph_xtcu6_10 layout-component text-serif-m layout-normal text-serif-m layout-padded\">Skjerv\u00f8y kommune ligger i Nord-Troms \u2013 nord\u00f8st for Troms\u00f8. <\/p>\n<p class=\"_paragraph_o9xde_4 _paragraph_xtcu6_10 layout-component text-serif-m layout-normal text-serif-m layout-padded\">Politiet fikk kontroll p\u00e5 det de mener er gjerningspersonen klokken 09, p\u00e5 et annet sted enn \u00e5stedet. Operasjonslederen \u00f8nsker ikke \u00e5 opplyse hva som ledet frem til p\u00e5gripelsen, men sier at den skjedde uten dramatikk. <\/p>\n<p class=\"_paragraph_o9xde_4 _paragraph_xtcu6_10 layout-component text-serif-m layout-normal text-serif-m layout-padded\">Ogs\u00e5 den p\u00e5grepne er en ung mann, opplyser politiet. Det skal v\u00e6re en relasjon mellom mennene, men operasjonslederen \u00f8nsker ikke utdype dette.<\/p>\n<p class=\"_paragraph_o9xde_4 _paragraph_xtcu6_10 layout-component text-serif-m layout-normal text-serif-m layout-padded\">Politiet opplyser at de har kontroll p\u00e5 en kniv.<\/p>\n<p>    <img decoding=\"async\" alt=\"Tips oss illustrasjon\" src=\"https:\/\/www.europesays.com\/no\/wp-content\/uploads\/2025\/10\/pssst-small.webp.webp\"\/>    <\/p>\n<p class=\"title-serif-s\">Har du tips?<\/p>\n<p class=\"text-sans-m\">Send oss informasjon, bilder eller video.<\/p>\n<p>  <a href=\"https:\/\/www.vg.no\/tips-oss\" rel=\"nofollow noopener\" target=\"_blank\"> Tips oss <\/a>      <\/p>\n","protected":false},"excerpt":{"rendered":"Politiet etterforsker en voldshendelse p\u00e5 Skjerv\u00f8y i Troms. En ung mann er fl\u00f8yet til sykehus etter knivstikking. En&hellip;\n","protected":false},"author":2,"featured_media":106359,"comment_status":"","ping_status":"","sticky":false,"template":"","format":"standard","meta":{"footnotes":""},"categories":[5],"tags":[31,20,21,24,25,15,19,22,23,17,18,13,30,28,29,14,16,26,27],"class_list":{"0":"post-106358","1":"post","2":"type-post","3":"status-publish","4":"format-standard","5":"has-post-thumbnail","7":"category-overskrifter","8":"tag-breaking","9":"tag-breaking-news","10":"tag-breakingnews","11":"tag-featured-news","12":"tag-featurednews","13":"tag-headlines","14":"tag-hovedoppslag","15":"tag-latest-news","16":"tag-latestnews","17":"tag-main-news","18":"tag-mainnews","19":"tag-news","20":"tag-no","21":"tag-norge","22":"tag-norway","23":"tag-nyheter","24":"tag-overskrifter","25":"tag-top-stories","26":"tag-topstories"},"share_on_mastodon":{"url":"https:\/\/pubeurope.com\/@no\/115677510337108016","error":""},"_links":{"self":[{"href":"https:\/\/www.europesays.com\/no\/wp-json\/wp\/v2\/posts\/106358","targetHints":{"allow":["GET"]}}],"collection":[{"href":"https:\/\/www.europesays.com\/no\/wp-json\/wp\/v2\/posts"}],"about":[{"href":"https:\/\/www.europesays.com\/no\/wp-json\/wp\/v2\/types\/post"}],"author":[{"embeddable":true,"href":"https:\/\/www.europesays.com\/no\/wp-json\/wp\/v2\/users\/2"}],"replies":[{"embeddable":true,"href":"https:\/\/www.europesays.com\/no\/wp-json\/wp\/v2\/comments?post=106358"}],"version-history":[{"count":0,"href":"https:\/\/www.europesays.com\/no\/wp-json\/wp\/v2\/posts\/106358\/revisions"}],"wp:featuredmedia":[{"embeddable":true,"href":"https:\/\/www.europesays.com\/no\/wp-json\/wp\/v2\/media\/106359"}],"wp:attachment":[{"href":"https:\/\/www.europesays.com\/no\/wp-json\/wp\/v2\/media?parent=106358"}],"wp:term":[{"taxonomy":"category","embeddable":true,"href":"https:\/\/www.europesays.com\/no\/wp-json\/wp\/v2\/categories?post=106358"},{"taxonomy":"post_tag","embeddable":true,"href":"https:\/\/www.europesays.com\/no\/wp-json\/wp\/v2\/tags?post=106358"}],"curies":[{"name":"wp","href":"https:\/\/api.w.org\/{rel}","templated":true}]}}