{"id":106373,"date":"2025-12-07T09:38:11","date_gmt":"2025-12-07T09:38:11","guid":{"rendered":"https:\/\/www.europesays.com\/no\/106373\/"},"modified":"2025-12-07T09:38:11","modified_gmt":"2025-12-07T09:38:11","slug":"promillekjoring-politiet-to-unge-menn-fyllekjorte-i-natt-vitner-slo-alarm-etter-ulykke","status":"publish","type":"post","link":"https:\/\/www.europesays.com\/no\/106373\/","title":{"rendered":"Promillekj\u00f8ring, Politiet | To unge menn fyllekj\u00f8rte i natt: Vitner slo alarm etter ulykke"},"content":{"rendered":"\n<p>Klokken 04.24 natt til s\u00f8ndag m\u00e5tte politiet rykke ut. En bil l\u00e5 i gr\u00f8fta, og personene p\u00e5 stedet reagerte umiddelbart p\u00e5 sj\u00e5f\u00f8rens oppf\u00f8rsel.<\/p>\n<p>\u2013 Der er det en bil som har kj\u00f8rt av veien. Ingen personskader, men den st\u00e5r i gr\u00f8fta, bekrefter operasjonsleder Tommy Bech overfor Fremover.<\/p>\n<p>Vitnene oppfattet f\u00f8reren som \u00e5penbart beruset og holdt kontroll p\u00e5 situasjonen til patruljen kom frem.<\/p>\n<p>Ved flyplassen<\/p>\n<p>Dramaet utspilte seg i n\u00e6rheten av flyplassen p\u00e5 Evenes. Mannen i 20-\u00e5rene bl\u00e5ste til r\u00f8de tall p\u00e5 stedet.<\/p>\n<p>\u2013 Vedkommende ble tatt med inn for bevissikring, og vi sikter personen for promillekj\u00f8ring, sier Bech.<\/p>\n<p>F\u00f8rerkortet ble beslaglagt p\u00e5 stedet.<\/p>\n<p>Tok en til i samme omr\u00e5de<\/p>\n<p>Det var ikke den eneste promillekj\u00f8ringen i dette omr\u00e5det i natt. Ogs\u00e5 i det andre tilfellet var det publikum som var politiets \u00f8yne og \u00f8rer.<\/p>\n<p>Politiet fikk melding fra vitner om vinglete kj\u00f8ring, og rykket ut.<\/p>\n<p>\u2013 Vi fikk tips om en promillekj\u00f8ring. Her var det ingen trafikkuhell, men politiet var i kontakt med vedkommende, sier Bech.<\/p>\n<p>Ogs\u00e5 her er det snakk om en ung mann som n\u00e5 er siktet og fotgjenger inntil videre.<\/p>\n<p>\u2013 Det skjer i samme omr\u00e5de, konstaterer operasjonslederen.<\/p>\n<p>Tidligere p\u00e5 natten skjedde dette i Ballangen:<\/p>\n<p>  <a href=\"https:\/\/www.fremover.no\/5-17-1444359\" class=\"related-teaser has-image default-story-teaser article--c-eRUmMG article--c-eRUmMG-jKCPdD-design-default\" rel=\"nofollow noopener\" target=\"_blank\"><\/p>\n<p>    <img decoding=\"async\" loading=\"lazy\"  src=\"https:\/\/www.europesays.com\/no\/wp-content\/uploads\/2025\/12\/Utforkj%C3%B8ring_ballangen-3.jpeg\" alt=\"\" class=\"brick-c-cFOWSL\" style=\"\"\/><\/p>\n<p>\n            Les ogs\u00e5<\/p>\n<p>              Kj\u00f8rte i str\u00f8m-mast og forlot stedet\n        <\/p>\n<p>  <\/a><\/p>\n","protected":false},"excerpt":{"rendered":"Klokken 04.24 natt til s\u00f8ndag m\u00e5tte politiet rykke ut. En bil l\u00e5 i gr\u00f8fta, og personene p\u00e5 stedet&hellip;\n","protected":false},"author":2,"featured_media":2503,"comment_status":"","ping_status":"","sticky":false,"template":"","format":"standard","meta":{"footnotes":""},"categories":[10],"tags":[36,20,21,9382,24,25,15,22,23,13,30,28,29,14,16,468,11631,1510,26,27],"class_list":{"0":"post-106373","1":"post","2":"type-post","3":"status-publish","4":"format-standard","5":"has-post-thumbnail","7":"category-norge","8":"tag-art","9":"tag-breaking-news","10":"tag-breakingnews","11":"tag-evenes","12":"tag-featured-news","13":"tag-featurednews","14":"tag-headlines","15":"tag-latest-news","16":"tag-latestnews","17":"tag-news","18":"tag-no","19":"tag-norge","20":"tag-norway","21":"tag-nyheter","22":"tag-overskrifter","23":"tag-politiet","24":"tag-promillekjoring","25":"tag-story","26":"tag-top-stories","27":"tag-topstories"},"share_on_mastodon":{"url":"https:\/\/pubeurope.com\/@no\/115677620311311075","error":""},"_links":{"self":[{"href":"https:\/\/www.europesays.com\/no\/wp-json\/wp\/v2\/posts\/106373","targetHints":{"allow":["GET"]}}],"collection":[{"href":"https:\/\/www.europesays.com\/no\/wp-json\/wp\/v2\/posts"}],"about":[{"href":"https:\/\/www.europesays.com\/no\/wp-json\/wp\/v2\/types\/post"}],"author":[{"embeddable":true,"href":"https:\/\/www.europesays.com\/no\/wp-json\/wp\/v2\/users\/2"}],"replies":[{"embeddable":true,"href":"https:\/\/www.europesays.com\/no\/wp-json\/wp\/v2\/comments?post=106373"}],"version-history":[{"count":0,"href":"https:\/\/www.europesays.com\/no\/wp-json\/wp\/v2\/posts\/106373\/revisions"}],"wp:featuredmedia":[{"embeddable":true,"href":"https:\/\/www.europesays.com\/no\/wp-json\/wp\/v2\/media\/2503"}],"wp:attachment":[{"href":"https:\/\/www.europesays.com\/no\/wp-json\/wp\/v2\/media?parent=106373"}],"wp:term":[{"taxonomy":"category","embeddable":true,"href":"https:\/\/www.europesays.com\/no\/wp-json\/wp\/v2\/categories?post=106373"},{"taxonomy":"post_tag","embeddable":true,"href":"https:\/\/www.europesays.com\/no\/wp-json\/wp\/v2\/tags?post=106373"}],"curies":[{"name":"wp","href":"https:\/\/api.w.org\/{rel}","templated":true}]}}