{"id":106378,"date":"2025-12-07T09:44:09","date_gmt":"2025-12-07T09:44:09","guid":{"rendered":"https:\/\/www.europesays.com\/no\/106378\/"},"modified":"2025-12-07T09:44:09","modified_gmt":"2025-12-07T09:44:09","slug":"cardi-b-med-ny-seier-i-retten","status":"publish","type":"post","link":"https:\/\/www.europesays.com\/no\/106378\/","title":{"rendered":"Cardi B med ny seier i retten"},"content":{"rendered":"\n<p class=\"_lead_o9xde_2 _lead_xtcu6_50 layout-component text-serif-m layout-normal text-serif-l layout-component layout-wide layout-padded _wide_17hqh_1 layout-padded\">Dommeren avviste kravet om ny rettssak etter at Cardi B ble saks\u00f8kt av en av sine egne sikkerhetsvakter.<\/p>\n<p><img alt=\"Cardi B, her fra en konsert i New York i september i \u00e5r. Foto: Charles Sykes \/ AP \/ NTB\" class=\"_image_qp4xg_65 layout-component layout-wide\" data-fullscreen- data-track-element-type=\"Article image fullscreen\" data-track-name=\"ImageFullscreen\" fetchpriority=\"high\" decoding=\"sync\" loading=\"eager\" height=\"2448\" itemprop=\"image\"  src=\"https:\/\/www.europesays.com\/no\/wp-content\/uploads\/2025\/12\/400da730-507f-4efe-9664-c1eca2849742\"  style=\"object-position:45.20697167755991% 36.60130718954248%\" width=\"3672\"\/>Cardi B, her fra en konsert i New York i september i \u00e5r. Foto: Charles Sykes \/ AP \/ NTB<\/p>\n<ul aria-hidden=\"true\" class=\"_images_ntbth_112\">\n<li><a class=\"_link_ntbth_117\" href=\"https:\/\/www.vg.no\/forfatter\/stein-oestboe\" style=\"z-index:1\" title=\"Stein \u00d8stb\u00f8\" rel=\"nofollow noopener\" target=\"_blank\"><img alt=\"Bilde av Stein \u00d8stb\u00f8\" class=\"_image_ntbth_93\" fetchpriority=\"low\" loading=\"lazy\" decoding=\"async\" itemprop=\"image\"  src=\"https:\/\/www.europesays.com\/no\/wp-content\/uploads\/2025\/12\/1765100649_533_22e70fc8-5f6d-446c-8991-a91d598e4754\"  width=\"480\"\/><\/a><\/li>\n<\/ul>\n<p> Oppdatert s\u00f8ndag 7. desember kl. 10:14     <\/p>\n<p class=\"_paragraph_o9xde_4 _paragraph_xtcu6_10 layout-component text-serif-m layout-normal text-serif-m layout-padded\">Rapperen <a href=\"https:\/\/www.vg.no\/tag\/cardi-b?utm_source=vg-article&amp;utm_medium=auto-tagger&amp;utm_campaign=y5v59J\" class=\"_link_o9xde_39\" rel=\"nofollow noopener\" target=\"_blank\">Cardi B<\/a> har vunnet en ny seier i retten mot sikkerhetsvakten Emani Ellis, som hevdet at superstjernen klorte henne i ansiktet utenfor en legeklinikk i Beverly Hills i 2018.<\/p>\n<p class=\"_paragraph_o9xde_4 _paragraph_xtcu6_10 layout-component text-serif-m layout-normal text-serif-m layout-padded\">Det melder nyhetsmedier som Billboard, Rolling Stone og Complex.<\/p>\n<p class=\"_paragraph_o9xde_4 _paragraph_xtcu6_10 layout-component text-serif-m layout-normal text-serif-m layout-padded\">Cardi B vant den f\u00f8rste runden enstemmig i september.<\/p>\n<p class=\"_paragraph_o9xde_4 _paragraph_xtcu6_10 layout-component text-serif-m layout-normal layout-padded\"><strong class=\"_strong_o9xde_25\">Les ogs\u00e5:<\/strong> <a href=\"https:\/\/www.vg.no\/i\/wgyzQM\" data-track-element-type=\"Link\" data-track-id=\"link:wgyzQM\" class=\"_link_o9xde_39\" rel=\"nofollow noopener\" target=\"_blank\">Cardi B har f\u00e5tt sitt fjerde barn<\/a><\/p>\n<p class=\"_paragraph_o9xde_4 _paragraph_xtcu6_10 layout-component text-serif-m layout-normal text-serif-m layout-padded\">Dommer Ian Fusselman i Los Angeles County avviste torsdag Ellis&#8217; krav om ny rettssak, if\u00f8lge rettsdokumenter som <a href=\"https:\/\/www.complex.com\/music\/a\/treyalston\/cardi-not-going-back-trial-guard\" class=\"_link_o9xde_39\" rel=\"nofollow noopener\" target=\"_blank\">Complex<\/a> har f\u00e5tt tilgang til.<\/p>\n<p class=\"_paragraph_o9xde_4 _paragraph_xtcu6_10 layout-component text-serif-m layout-normal text-serif-m layout-padded\">Dommeren sa det ikke fantes grunnlag for \u00e5 omgj\u00f8re den forrige enstemmige avgj\u00f8relsen.<\/p>\n<p class=\"_paragraph_o9xde_4 _paragraph_xtcu6_10 layout-component text-serif-m layout-normal text-serif-m layout-padded\">Ellis hadde hevdet at jurymedlemmer i den f\u00f8rste rettssaken i september ble skremt av rapperen da hun kastet en penn p\u00e5 bakken da en YouTuber spurte Cardi B om graviditeten hennes utenfor rettsbygningen. <\/p>\n<p class=\"_paragraph_o9xde_4 _paragraph_xtcu6_10 layout-component text-serif-m layout-normal text-serif-m layout-padded\">I en video av situasjonen krever Cardi at vloggeren Donat Ricketts skal \u00abslutte \u00e5 v\u00e6re respektl\u00f8s\u00bb.<\/p>\n<p class=\"_paragraph_o9xde_4 _paragraph_xtcu6_10 layout-component text-serif-m layout-normal text-serif-m layout-padded\">P\u00e5 det tidspunktet var Cardi gravid, men hadde ikke kunngjort det enn\u00e5.<\/p>\n<p class=\"_paragraph_o9xde_4 _paragraph_xtcu6_10 layout-component text-serif-m layout-normal layout-padded\"><strong class=\"_strong_o9xde_25\">Les ogs\u00e5:<\/strong> <a href=\"https:\/\/www.vg.no\/i\/BRgg3Q\" data-track-element-type=\"Link\" data-track-id=\"link:BRgg3Q\" class=\"_link_o9xde_39\" rel=\"nofollow noopener\" target=\"_blank\">Cardi B beskyldt for bildejuks \u2013 slik svarer hun<\/a><\/p>\n<p class=\"_paragraph_o9xde_4 _paragraph_xtcu6_10 layout-component text-serif-m layout-normal text-serif-m layout-padded\">Dommer Fusselman leste en erkl\u00e6ring fra Ricketts, som sa at pennen traff ham etter at den spratt. Ricketts fortalte senere en jurymedlem at han ikke planla \u00e5 saks\u00f8ke Cardi.<\/p>\n<p class=\"_paragraph_o9xde_4 _paragraph_xtcu6_10 layout-component text-serif-m layout-normal text-serif-m layout-padded\">Cardis advokater hevdet at pennen ikke traff noen, og at p\u00e5stander om at juryen ble skremt var l\u00f8se rykter. Dommeren var enig.<\/p>\n<p class=\"_paragraph_o9xde_4 _paragraph_xtcu6_10 layout-component text-serif-m layout-normal text-serif-m layout-padded\">\u2013 Vi spekulerer om hvordan det p\u00e5virket dem, sa dommeren.<\/p>\n<p class=\"_paragraph_o9xde_4 _paragraph_xtcu6_10 layout-component text-serif-m layout-normal text-serif-m layout-padded\">I september tok det juryen bare \u00e9n time \u00e5 avgj\u00f8re at Cardi ikke hadde angrepet Ellis.<\/p>\n<p class=\"_paragraph_o9xde_4 _paragraph_xtcu6_10 layout-component text-serif-m layout-normal text-serif-m layout-padded\">\u2013 Jeg sverger p\u00e5 Gud at jeg vil si det p\u00e5 d\u00f8dsleiet: Jeg r\u00f8rte ikke den kvinnen, sa Cardi etter dommen.<\/p>\n","protected":false},"excerpt":{"rendered":"Dommeren avviste kravet om ny rettssak etter at Cardi B ble saks\u00f8kt av en av sine egne sikkerhetsvakter.&hellip;\n","protected":false},"author":2,"featured_media":106379,"comment_status":"","ping_status":"","sticky":false,"template":"","format":"standard","meta":{"footnotes":""},"categories":[12],"tags":[20,21,4039,24,25,15,22,23,13,30,28,29,14,16,26,27,42,46,43,44,45],"class_list":{"0":"post-106378","1":"post","2":"type-post","3":"status-publish","4":"format-standard","5":"has-post-thumbnail","7":"category-verden","8":"tag-breaking-news","9":"tag-breakingnews","10":"tag-cardi-b","11":"tag-featured-news","12":"tag-featurednews","13":"tag-headlines","14":"tag-latest-news","15":"tag-latestnews","16":"tag-news","17":"tag-no","18":"tag-norge","19":"tag-norway","20":"tag-nyheter","21":"tag-overskrifter","22":"tag-top-stories","23":"tag-topstories","24":"tag-verden","25":"tag-vgai","26":"tag-world","27":"tag-world-news","28":"tag-worldnews"},"share_on_mastodon":{"url":"https:\/\/pubeurope.com\/@no\/115677644077027064","error":""},"_links":{"self":[{"href":"https:\/\/www.europesays.com\/no\/wp-json\/wp\/v2\/posts\/106378","targetHints":{"allow":["GET"]}}],"collection":[{"href":"https:\/\/www.europesays.com\/no\/wp-json\/wp\/v2\/posts"}],"about":[{"href":"https:\/\/www.europesays.com\/no\/wp-json\/wp\/v2\/types\/post"}],"author":[{"embeddable":true,"href":"https:\/\/www.europesays.com\/no\/wp-json\/wp\/v2\/users\/2"}],"replies":[{"embeddable":true,"href":"https:\/\/www.europesays.com\/no\/wp-json\/wp\/v2\/comments?post=106378"}],"version-history":[{"count":0,"href":"https:\/\/www.europesays.com\/no\/wp-json\/wp\/v2\/posts\/106378\/revisions"}],"wp:featuredmedia":[{"embeddable":true,"href":"https:\/\/www.europesays.com\/no\/wp-json\/wp\/v2\/media\/106379"}],"wp:attachment":[{"href":"https:\/\/www.europesays.com\/no\/wp-json\/wp\/v2\/media?parent=106378"}],"wp:term":[{"taxonomy":"category","embeddable":true,"href":"https:\/\/www.europesays.com\/no\/wp-json\/wp\/v2\/categories?post=106378"},{"taxonomy":"post_tag","embeddable":true,"href":"https:\/\/www.europesays.com\/no\/wp-json\/wp\/v2\/tags?post=106378"}],"curies":[{"name":"wp","href":"https:\/\/api.w.org\/{rel}","templated":true}]}}