{"id":10638,"date":"2025-08-17T16:50:10","date_gmt":"2025-08-17T16:50:10","guid":{"rendered":"https:\/\/www.europesays.com\/no\/10638\/"},"modified":"2025-08-17T16:50:10","modified_gmt":"2025-08-17T16:50:10","slug":"sentrum-slottsplassen-venter-opptil-20-000-mennesker-mot-opp-i-god-tid","status":"publish","type":"post","link":"https:\/\/www.europesays.com\/no\/10638\/","title":{"rendered":"Sentrum, Slottsplassen | Venter opptil 20.000 mennesker: \u2013 M\u00f8t opp i god tid"},"content":{"rendered":"\n<p>Klokken 20.30 braker det l\u00f8s p\u00e5 Slottsplassen.<\/p>\n<p>I fjor m\u00f8tte rundt 20.000 publikummere opp for \u00e5 se gratiskonserten med Oslo-filharmonien.<\/p>\n<p>I \u00e5r har over 23.000 mennesker meldt sin interesse for arrangementet p\u00e5 Facebook.<\/p>\n<p>M\u00f8t opp i god tid<\/p>\n<p>Det blir den syvende gratiskonserten foran Slottet. <\/p>\n<p>\u2013 Det er et begrenset antall sitteplasser tilgjengelig p\u00e5 Slottsplassen, s\u00e5 vi anbefaler at du m\u00f8ter opp i god tid eller tar med egen stol, st\u00e5r det p\u00e5 arrangementssiden.<\/p>\n<p><a href=\"https:\/\/www.ao.no\/folkehav-pa-slottsplassen-et-av-hoydepunktene-i-oslo\/s\/5-128-861340\" rel=\"Follow nofollow noopener\" target=\"_blank\">I fjor <\/a>var de ivrigste p\u00e5 plass allerede tre timer f\u00f8r konserten.<\/p>\n<p>   <img decoding=\"async\" width=\"2048\" height=\"1536\" fetchpriority=\"low\"  loading=\"lazy\"  src=\"https:\/\/www.europesays.com\/no\/wp-content\/uploads\/2025\/08\/453924509_1008938817376795_7511901770068045159_n.jpg\" alt=\"\" class=\"brick-c-cFOWSL\" style=\"--brick-image-ratio: 2048 \/ 1536;\"\/><\/p>\n<p>    I fjor var det rundt 20.000 som tok turen til Slottsplassen.<br \/>\n    Foto: Ingrid Storeb\u00f8 \/ Avisa Oslo\n  <\/p>\n<p>Konserten produseres i samarbeid med NRK og Det kongelige hoff.<\/p>\n<p>Politiet bekrefter at de vil v\u00e6re synlige under konserten p\u00e5 Slottsplassen i kveld.<\/p>\n<p><b> Arrang\u00f8ren ansl\u00e5r at mellom 15.000 og 20.000 publikummere vil m\u00f8te opp, if\u00f8lge politiet. <\/b><\/p>\n<p>\u2013 Politiet vil v\u00e6re til stede og passe p\u00e5, sier oppdragsleder Marius Hatl\u00f8y Kristiansen til Avisa Oslo.<\/p>\n<p>Tradisjon<\/p>\n<p>Oslo-filharmonien har en lang historie med utekonserter. De har siden grunnleggelsen i 1919 jevnlig spilt ute i l\u00f8pet av sommerhalv\u00e5ret.<\/p>\n<p>Konserten har blitt holdt p\u00e5 Slottsplassen siden 2017.<\/p>\n<p>I \u00e5r ledes folkefesten av dirigent Adam Hickox.<\/p>\n<p>  <a href=\"https:\/\/www.ao.no\/5-128-1077584\" class=\"related-teaser has-image default-story-teaser article--c-eRUmMG article--c-eRUmMG-jKCPdD-design-default\" rel=\"nofollow noopener\" target=\"_blank\"><\/p>\n<p>    <img decoding=\"async\" loading=\"lazy\"  src=\"https:\/\/www.europesays.com\/no\/wp-content\/uploads\/2025\/08\/IMG_9467.jpeg\" alt=\"\" class=\"brick-c-cFOWSL\" style=\"\"\/><\/p>\n<p>\n            Les ogs\u00e5<\/p>\n<p>              Ingen vet hvor den ligger. Det som skjedde for 200 \u00e5r siden er fortsatt et mysterium\n        <\/p>\n<p>  <\/a><\/p>\n<p>  <a href=\"https:\/\/www.ao.no\/5-128-1119221\" class=\"related-teaser has-image default-story-teaser article--c-eRUmMG article--c-eRUmMG-jKCPdD-design-default\" rel=\"nofollow noopener\" target=\"_blank\"><\/p>\n<p>    <img decoding=\"async\" loading=\"lazy\"  src=\"https:\/\/www.europesays.com\/no\/wp-content\/uploads\/2025\/08\/deichman.jpg\" alt=\"\" class=\"brick-c-cFOWSL\" style=\"\"\/><\/p>\n<p>\n            Les ogs\u00e5<\/p>\n<p>              Problemet gjentar seg. Deichman m\u00e5 ta grep mot matbudene: \u2013 Sv\u00e6rt lite vi kan gj\u00f8re\n        <\/p>\n<p>  <\/a><\/p>\n<p>  <a href=\"https:\/\/www.ao.no\/5-128-999550\" class=\"related-teaser has-image default-story-teaser article--c-eRUmMG article--c-eRUmMG-jKCPdD-design-default\" rel=\"nofollow noopener\" target=\"_blank\"><\/p>\n<p>    <img decoding=\"async\" loading=\"lazy\"  src=\"https:\/\/www.europesays.com\/no\/wp-content\/uploads\/2025\/08\/IMG_2637_2.JPG\" alt=\"\" class=\"brick-c-cFOWSL\" style=\"\"\/><\/p>\n<p>\n            Les ogs\u00e5<\/p>\n<p>              Bak d\u00f8ren p\u00e5 den popul\u00e6re baren skjuler det seg noe helt spesielt: \u2013 De som vet, de vet\n        <\/p>\n<p>  <\/a><\/p>\n<p>Les mer om: artikkelemnene<\/p>\n","protected":false},"excerpt":{"rendered":"Klokken 20.30 braker det l\u00f8s p\u00e5 Slottsplassen. I fjor m\u00f8tte rundt 20.000 publikummere opp for \u00e5 se gratiskonserten&hellip;\n","protected":false},"author":2,"featured_media":10639,"comment_status":"","ping_status":"","sticky":false,"template":"","format":"standard","meta":{"footnotes":""},"categories":[5],"tags":[36,20,21,24,25,15,19,155,2206,22,23,17,18,13,30,28,29,14,2207,16,285,404,2205,1510,26,27],"class_list":{"0":"post-10638","1":"post","2":"type-post","3":"status-publish","4":"format-standard","5":"has-post-thumbnail","7":"category-overskrifter","8":"tag-art","9":"tag-breaking-news","10":"tag-breakingnews","11":"tag-featured-news","12":"tag-featurednews","13":"tag-headlines","14":"tag-hovedoppslag","15":"tag-konsert","16":"tag-kultur-og-uteliv","17":"tag-latest-news","18":"tag-latestnews","19":"tag-main-news","20":"tag-mainnews","21":"tag-news","22":"tag-no","23":"tag-norge","24":"tag-norway","25":"tag-nyheter","26":"tag-oslo-filharmonien","27":"tag-overskrifter","28":"tag-sentrum","29":"tag-slottet","30":"tag-slottsplassen","31":"tag-story","32":"tag-top-stories","33":"tag-topstories"},"share_on_mastodon":{"url":"","error":""},"_links":{"self":[{"href":"https:\/\/www.europesays.com\/no\/wp-json\/wp\/v2\/posts\/10638","targetHints":{"allow":["GET"]}}],"collection":[{"href":"https:\/\/www.europesays.com\/no\/wp-json\/wp\/v2\/posts"}],"about":[{"href":"https:\/\/www.europesays.com\/no\/wp-json\/wp\/v2\/types\/post"}],"author":[{"embeddable":true,"href":"https:\/\/www.europesays.com\/no\/wp-json\/wp\/v2\/users\/2"}],"replies":[{"embeddable":true,"href":"https:\/\/www.europesays.com\/no\/wp-json\/wp\/v2\/comments?post=10638"}],"version-history":[{"count":0,"href":"https:\/\/www.europesays.com\/no\/wp-json\/wp\/v2\/posts\/10638\/revisions"}],"wp:featuredmedia":[{"embeddable":true,"href":"https:\/\/www.europesays.com\/no\/wp-json\/wp\/v2\/media\/10639"}],"wp:attachment":[{"href":"https:\/\/www.europesays.com\/no\/wp-json\/wp\/v2\/media?parent=10638"}],"wp:term":[{"taxonomy":"category","embeddable":true,"href":"https:\/\/www.europesays.com\/no\/wp-json\/wp\/v2\/categories?post=10638"},{"taxonomy":"post_tag","embeddable":true,"href":"https:\/\/www.europesays.com\/no\/wp-json\/wp\/v2\/tags?post=10638"}],"curies":[{"name":"wp","href":"https:\/\/api.w.org\/{rel}","templated":true}]}}