{"id":106384,"date":"2025-12-07T09:47:15","date_gmt":"2025-12-07T09:47:15","guid":{"rendered":"https:\/\/www.europesays.com\/no\/106384\/"},"modified":"2025-12-07T09:47:15","modified_gmt":"2025-12-07T09:47:15","slug":"langrenn-trondheim-10-kilometer-fri-kvinner-2","status":"publish","type":"post","link":"https:\/\/www.europesays.com\/no\/106384\/","title":{"rendered":"Langrenn, Trondheim: 10 kilometer fri kvinner"},"content":{"rendered":"<p class=\"kicker \" style=\"\">10 kilometer fri, langrenn:<\/p>\n<p>  S\u00f8ndagens 10-kilometer var viktig for mange av de norske. For Anne Kjersti Kalv\u00e5 ble l\u00f8pet en stor skuffelse.\u00a0<\/p>\n<p>\n    SKUFFET: Anne Kjersti Kalv\u00e5. Foto: Geir Olsen\/NTB\n  <\/p>\n<p data-lab-font_weight=\"\">TRONDHEIM (Dagbladet): Svenske\u00a0Ebba Andersson gikk til topps p\u00e5 kvinnenes ti-kilometer s\u00f8ndag, to sekunder foran lagkamerat Moa Ilar.\u00a0<\/p>\n<p data-lab-font_weight=\"\">&#8211; De har utklasset de andre, sier NRK-ekspert P\u00e5l Golberg om svenskene.\u00a0<\/p>\n<p data-lab-font_weight=\"\">&#8211; Det kjentes bra. Jeg h\u00e5pet selvsagt \u00e5 ta Ebba. Det var veldig jevnt og veldig spennende, sier Ilar til Dagbladet.\u00a0<\/p>\n<p data-lab-font_weight=\"\" class=\"italic m-italic\" data-lab-italic=\"italic\">&#8211; Hva tenker du om den svenske dominansen her i Gran\u00e5sen?<\/p>\n<p data-lab-font_weight=\"\">&#8211; Det kjennes litt som flashback til VM. Da var vi ogs\u00e5 her og sopet rent. Vi er et veldig sterkt lag, konstaterer hun.\u00a0<\/p>\n<p data-lab-font_weight=\"\">G\u00e5rsdagens vinner, Jessie Diggins, ble nummer tre, 16,5 sekunder bak Andersson.\u00a0<\/p>\n<p>Astrid \u00d8yre Slind var til slutt det eneste norske pallh\u00e5pet, men hun klarte ikke tiden til Jessie Diggins. I stedet g\u00e5r det mot den sure fjerdeplassen for \u00d8yre Slind.\u00a0<\/p>\n<p> Heidi Weng endte p\u00e5 10.-plass, mens Nora Sanness var nest best av de norske, dr\u00f8yt ti sekunder bak Slind. <\/p>\n<p>&#8211; Det f\u00f8ltes bra. Det kjentes litt tr\u00e5tt ut f\u00f8r start, men da vi kom i gang f\u00f8tle jeg det l\u00f8snet, og det ble bedre og bedre utover. Jeg skulle gjerne v\u00e6rt litt h\u00f8yere opp, men det er aldri dumt \u00e5 v\u00e6re blant de beste norske, sier Sanness til Dagbladet.\u00a0<\/p>\n<p>Hun vil ikke v\u00e6re med p\u00e5 at den svenske dominansen er krise for Norge.<\/p>\n<p>&#8211; Vi kjenner vel kanskje litt p\u00e5 det de andre nasjonene kjenner p\u00e5 p\u00e5 herresiden, men det er i OL det gjelder, sier hun.\u00a0<\/p>\n<p>Rennet var viktig for flere av de norske l\u00f8perne. For Anne Kjersti Kalv\u00e5 ble det en skuffelse. Hun endte over minuttet bak Andersson i m\u00e5l.<\/p>\n<p>&#8211; Det ser m\u00f8rkt ut akkurat n\u00e5, sier Kalv\u00e5 til Dagbladet om tiden fram mot OL.\u00a0<\/p>\n<p>          <img loading=\"lazy\" decoding=\"async\" src=\"https:\/\/www.europesays.com\/no\/wp-content\/uploads\/2025\/12\/1765100833_626_82344973.webp\" width=\"980\" height=\"559\" title=\"SKUFFET: Anne Kjersti Kalv\u00e5. Foto: Kristoffer L\u00f8k\u00e5s\/Dagbladet\" alt=\"\" class=\"\" style=\"--aspect-ratio-image: 1.75; \"\/><\/p>\n<p>\n          SKUFFET: Anne Kjersti Kalv\u00e5. Foto: Kristoffer L\u00f8k\u00e5s\/Dagbladet\n      <\/p>\n<p>Ti kilometer fri teknikk er p\u00e5 OL-programmet, og for flere av de norske var dette et viktig renn med tanke p\u00e5 OL.<\/p>\n<p>    OL-programmet langrenn:<\/p>\n<p>Sprint (klassisk), 10 km intervallstart (fri teknikk), skiatlon (klassisk og fri teknikk), stafett (to klassisketapper og to fri-etapper), sprintstafett (fri teknikk), femmila (klassisk).<\/p>\n<p>      Vis mer<br \/>\n      Vis mindre<\/p>\n<p>Anne Kjersti Kalv\u00e5, Lotta Udnes Weng og Tiril Udnes Weng har for eksempel ikke hatt en kjempestart p\u00e5 sesongen. En skuffet Kalv\u00e5 ble l\u00f8rdag bare nummer 23 p\u00e5 Skiatlon, mens Weng-tvillingene\u00a0begge r\u00f8k ut i prologen p\u00e5 sprinten i Ruka.\u00a0<\/p>\n<p>Heller ikke s\u00f8ndag ble det suksess for trioen. Tiril Udnes Weng ble best av de tre, 54,2 sekunder bak Andersson. S\u00f8ster Lotta endte godt over minuttet bak.\u00a0<\/p>\n<p>&#8211; Det er t\u00f8ft og brutalt \u00e5 g\u00e5 skirenn n\u00e5r man ikke er p\u00e5 sitt beste, konstaterer Lotta Udnes Weng til Dagbladet.\u00a0<\/p>\n<p>        SPORTSDRIKK: Det er ikke alltid like lett \u00e5 holde ting nede n\u00e5r du har gitt alt. Video: Schjesvold\/S\u00f8r\u00f8 Olsen\/Dagbladet TV-sporten<\/p>\n<p>Lotta sa til Dagbladet i Ruka at hun \u00abskammet seg\u00bb etter prolog-exiten.<\/p>\n<p>Trondheim-sprinten var heller ingen suksess.\u00a0<\/p>\n<p>    <a itemprop=\"url\" href=\"https:\/\/www.dagbladet.no\/sport\/na-er-han-lei\/83940669\" rel=\"nofollow noopener\" target=\"_blank\"><\/p>\n<p>      <img loading=\"lazy\" decoding=\"async\" src=\"https:\/\/www.europesays.com\/no\/wp-content\/uploads\/2025\/12\/1765100835_122_83940901.webp\" width=\"980\" height=\"441\" title=\"N\u00e5 er han lei\" alt=\"\" class=\"lazyload\" style=\"--aspect-ratio-image: 2.22; \"\/><\/p>\n<p>        N\u00e5 er han lei<\/p>\n<p>    <\/a><\/p>\n<p><a href=\"https:\/\/www.dagbladet.no\/sport\/ropet-problemer-pa-direkten\/83890171\" rel=\"nofollow noopener\" target=\"_blank\">Julie Bjervig Drivenes vant<\/a> p\u00e5 Beitost\u00f8len og tok pallplass samme helg, men sleit stort med skibyttet l\u00f8rdag. Hun slet med bindingen, og da hun f\u00f8rst var ute i l\u00f8ypa igjen, kom hun p\u00e5 at hun hadde valgt feil stav.\u00a0<\/p>\n<p>S\u00f8ndag endte hun 57,4 sekunder bak vinneren.\u00a0<\/p>\n","protected":false},"excerpt":{"rendered":"10 kilometer fri, langrenn: S\u00f8ndagens 10-kilometer var viktig for mange av de norske. For Anne Kjersti Kalv\u00e5 ble&hellip;\n","protected":false},"author":2,"featured_media":106377,"comment_status":"","ping_status":"","sticky":false,"template":"","format":"standard","meta":{"footnotes":""},"categories":[59],"tags":[398,30,28,29,83,82],"class_list":{"0":"post-106384","1":"post","2":"type-post","3":"status-publish","4":"format-standard","5":"has-post-thumbnail","7":"category-sport","8":"tag-langrenn","9":"tag-no","10":"tag-norge","11":"tag-norway","12":"tag-sport","13":"tag-sports"},"share_on_mastodon":{"url":"https:\/\/pubeurope.com\/@no\/115677655750205835","error":""},"_links":{"self":[{"href":"https:\/\/www.europesays.com\/no\/wp-json\/wp\/v2\/posts\/106384","targetHints":{"allow":["GET"]}}],"collection":[{"href":"https:\/\/www.europesays.com\/no\/wp-json\/wp\/v2\/posts"}],"about":[{"href":"https:\/\/www.europesays.com\/no\/wp-json\/wp\/v2\/types\/post"}],"author":[{"embeddable":true,"href":"https:\/\/www.europesays.com\/no\/wp-json\/wp\/v2\/users\/2"}],"replies":[{"embeddable":true,"href":"https:\/\/www.europesays.com\/no\/wp-json\/wp\/v2\/comments?post=106384"}],"version-history":[{"count":0,"href":"https:\/\/www.europesays.com\/no\/wp-json\/wp\/v2\/posts\/106384\/revisions"}],"wp:featuredmedia":[{"embeddable":true,"href":"https:\/\/www.europesays.com\/no\/wp-json\/wp\/v2\/media\/106377"}],"wp:attachment":[{"href":"https:\/\/www.europesays.com\/no\/wp-json\/wp\/v2\/media?parent=106384"}],"wp:term":[{"taxonomy":"category","embeddable":true,"href":"https:\/\/www.europesays.com\/no\/wp-json\/wp\/v2\/categories?post=106384"},{"taxonomy":"post_tag","embeddable":true,"href":"https:\/\/www.europesays.com\/no\/wp-json\/wp\/v2\/tags?post=106384"}],"curies":[{"name":"wp","href":"https:\/\/api.w.org\/{rel}","templated":true}]}}