{"id":106391,"date":"2025-12-07T09:53:10","date_gmt":"2025-12-07T09:53:10","guid":{"rendered":"https:\/\/www.europesays.com\/no\/106391\/"},"modified":"2025-12-07T09:53:10","modified_gmt":"2025-12-07T09:53:10","slug":"svensk-storeslem-i-granasen-ingen-norske-pa-pallen","status":"publish","type":"post","link":"https:\/\/www.europesays.com\/no\/106391\/","title":{"rendered":"Svensk storeslem i Gran\u00e5sen \u2013 ingen norske p\u00e5 pallen"},"content":{"rendered":"\n<p class=\"_lead_o9xde_2 _lead_xtcu6_50 layout-component text-serif-m layout-normal text-serif-l layout-component layout-wide layout-padded _wide_17hqh_1 layout-padded\">Svenskene var suverene i Gran\u00e5sen, mens tredjeplassen glapp for Astrid \u00d8yre Slind.<\/p>\n<p><img alt=\"Ebba Andersson\u00a0 Foto: MAXIM THORE \/ Bildbyr\u00e5n\" class=\"_image_qp4xg_65 layout-component layout-wide\" data-fullscreen- data-track-element-type=\"Article image fullscreen\" data-track-name=\"ImageFullscreen\" fetchpriority=\"high\" decoding=\"sync\" loading=\"eager\" height=\"2632\" itemprop=\"image\"  src=\"https:\/\/www.europesays.com\/no\/wp-content\/uploads\/2025\/12\/ea295d92-970a-418a-b812-e91644c98d57\"  style=\"object-position:0% 0%\" width=\"3948\"\/>Ebba Andersson\u00a0 Foto: MAXIM THORE \/ Bildbyr\u00e5n<\/p>\n<ul aria-hidden=\"true\" class=\"_images_ntbth_112\">\n<li><a class=\"_link_ntbth_117\" href=\"https:\/\/www.vg.no\/forfatter\/mikal-aaserud\" style=\"z-index:2\" title=\"Mikal Emil Aaserud\" rel=\"nofollow noopener\" target=\"_blank\"><img alt=\"Bilde av Mikal Emil Aaserud\" class=\"_image_ntbth_93\" fetchpriority=\"low\" loading=\"lazy\" decoding=\"async\" itemprop=\"image\"  src=\"https:\/\/www.europesays.com\/no\/wp-content\/uploads\/2025\/12\/1765101188_724_1f4bb18c-b7b1-46ba-9b49-79ae6afd7bbd\"  width=\"480\"\/><\/a><\/li>\n<li><a class=\"_link_ntbth_117\" href=\"https:\/\/www.vg.no\/forfatter\/sindre-oegar\" style=\"z-index:1\" title=\"Sindre \u00d8gar\" rel=\"nofollow noopener\" target=\"_blank\"><img alt=\"Bilde av Sindre \u00d8gar\" class=\"_image_ntbth_93\" fetchpriority=\"low\" loading=\"lazy\" decoding=\"async\" itemprop=\"image\"  src=\"https:\/\/www.europesays.com\/no\/wp-content\/uploads\/2025\/12\/1765101189_131_104d6818-f429-4f77-a08f-a7022fcc3fa3\"  width=\"480\"\/><\/a><\/li>\n<\/ul>\n<p>Trondheim Oppdatert s\u00f8ndag 7. desember kl. 10:47     <\/p>\n<p class=\"_paragraph_o9xde_4 _paragraph_xtcu6_10 layout-component text-serif-m layout-normal text-serif-m layout-padded\">Ebba Andersson klarte \u00e5 holde farten oppe, gikk p\u00e5 tidene til lagvenninnen Moa Ilar \u2013 og var raskest p\u00e5 10-kilometeren i Trondheim.<\/p>\n<p class=\"_paragraph_o9xde_4 _paragraph_xtcu6_10 layout-component text-serif-m layout-normal text-serif-m layout-padded\">Tredjeplassen ble en kamp mellom Jonna Sundling, ogs\u00e5 hun svensk, Astrid \u00d8yre Slind \u2013 og Jessie Diggins. Den amerikanske stjernen tok ledelsen foran Sundling, mens det ble dramatisk sekundstrid for \u00d8yre Slind \u2013 som kjempet for sesongens f\u00f8rste pallplass.<\/p>\n<p class=\"_paragraph_o9xde_4 _paragraph_xtcu6_10 layout-component text-serif-m layout-normal text-serif-m layout-padded\">Det gikk ikke. Slind ble nummer fire, mens Diggins beholdt tredjeplassen.<\/p>\n<p class=\"_paragraph_o9xde_4 _paragraph_xtcu6_10 layout-component text-serif-m layout-normal text-serif-m layout-padded\">\u2013 Formen er bra, men jeg skulle gjerne v\u00e6rt p\u00e5 pallen, sier \u00d8yre Slind til NRK.<\/p>\n<p class=\"_paragraph_o9xde_4 _paragraph_xtcu6_10 layout-component text-serif-m layout-normal text-serif-m layout-padded\">\u2013 Jeg h\u00e5per formen peker oppover, slik at formen er p\u00e5 \u00abpeak\u00bb i OL, legger hun til \u2013 og sier hun er en gullkandidat der. <\/p>\n<p class=\"_paragraph_o9xde_4 _paragraph_xtcu6_10 layout-component text-serif-m layout-normal text-serif-m layout-padded\">Jonna Sundling forsterket den svenske dominansen med sin 5. plass.<\/p>\n<p><img alt=\"Astrid \u00d8yre Slind  Foto: MAXIM THORE \/ Bildbyr\u00e5n\" class=\"_image_qp4xg_65 layout-component layout-normal\" data-fullscreen- data-track-element-type=\"Article image fullscreen\" data-track-name=\"ImageFullscreen\" decoding=\"async\" loading=\"lazy\" height=\"4000\" itemprop=\"image\"  src=\"https:\/\/www.europesays.com\/no\/wp-content\/uploads\/2025\/12\/dde1773f-2257-4fab-b963-8f9266a4d218\"  style=\"object-position:0% 0%\" width=\"6000\"\/>Astrid \u00d8yre Slind  Foto: MAXIM THORE \/ Bildbyr\u00e5n<\/p>\n<p class=\"_paragraph_o9xde_4 _paragraph_xtcu6_10 layout-component text-serif-m layout-normal text-serif-m layout-padded\">Lenge s\u00e5 det ut som Heidi Weng var Norges h\u00e5p p\u00e5 den individuelle starten, men 34-\u00e5ringen falt av utover i l\u00f8pet og endte p\u00e5 10. plass.<\/p>\n<p class=\"_paragraph_o9xde_4 _paragraph_xtcu6_10 layout-component text-serif-m layout-normal text-serif-m layout-padded\">Nora Sanness ble nest beste norske, p\u00e5 7. plass \u2013 et halvt minutt bak den svenske vinneren.<\/p>\n<p class=\"_paragraph_o9xde_4 _paragraph_xtcu6_10 layout-component text-serif-m layout-normal text-serif-m layout-padded\">\u2013 Jeg f\u00f8lte meg bare bedre og bedre utover i l\u00f8pet, beskriver Sanness til NRK.<\/p>\n<p class=\"_paragraph_o9xde_4 _paragraph_xtcu6_10 layout-component text-serif-m layout-normal text-serif-m layout-padded\">Julie Bjervig Drivenes hadde en stor sjanse markere seg i OL-diskusjonen, men skuffet med en 21. plass.<\/p>\n<p class=\"_paragraph_o9xde_4 _paragraph_xtcu6_10 layout-component text-serif-m layout-normal text-serif-m layout-padded\">\u2013 P\u00e5 godt norsk en tung dag, beskriver hun til NRK.<\/p>\n<p class=\"_paragraph_o9xde_4 _paragraph_xtcu6_10 layout-component text-serif-m layout-normal text-serif-m layout-padded\">\u2013 Jeg har ikke hatt fokus p\u00e5 OL i \u00e5r. Jeg har vist at jeg har noe her \u00e5 gj\u00f8re med det jeg fikk til forrige helg. Jeg b\u00f8r ha fokus p\u00e5 de rennene jeg g\u00e5r, men jeg har hatt litt mye fokus p\u00e5 \u00e5 forsvare plassen &#8211;  fordi jeg har lyst \u00e5 g\u00e5 verdenscupen.<\/p>\n<p class=\"_paragraph_o9xde_4 _paragraph_xtcu6_10 layout-component text-serif-m layout-normal text-serif-m layout-padded\">Den finske langrennsstjernen Krista P\u00e4rm\u00e4koski trakk seg fra s\u00f8ndagens 10 kilometer etter \u00e5 ha blitt syk, muligens av en muggen hamburger, noe hun fortalte til Iltalehti.<\/p>\n<p><img decoding=\"async\" alt=\"Bilde av Krista P\u00e4rm\u00e4koski\" class=\"_image_ygndg_42\" height=\"27\" itemprop=\"image\" loading=\"lazy\"  src=\"https:\/\/www.europesays.com\/no\/wp-content\/uploads\/2025\/12\/92243155-015c-4a4e-b814-544f68adf177\"  width=\"40\"\/><strong class=\"_name_ygndg_51 title-serif-xs\">Krista P\u00e4rm\u00e4koski<\/strong><\/p>\n<p class=\"_paragraph_o9xde_4 text-sans-m _description_ygndg_56\">Finsk langrennsl\u00f8per<\/p>\n<p class=\"_paragraph_o9xde_4 _paragraph_xtcu6_10 layout-component text-serif-m layout-normal text-serif-m layout-padded\">Hun fullf\u00f8rte l\u00f8rdagens skiathlon med \u00abforferdelige kramper\u00bb og pustevansker, men m\u00e5tte gi opp f\u00f8r start s\u00f8ndag og forlot arenaen uten kommentarer, if\u00f8lge Expressen.<\/p>\n","protected":false},"excerpt":{"rendered":"Svenskene var suverene i Gran\u00e5sen, mens tredjeplassen glapp for Astrid \u00d8yre Slind. Ebba Andersson\u00a0 Foto: MAXIM THORE \/&hellip;\n","protected":false},"author":2,"featured_media":106392,"comment_status":"","ping_status":"","sticky":false,"template":"","format":"standard","meta":{"footnotes":""},"categories":[5],"tags":[20,21,24,25,15,19,398,22,23,17,18,13,30,28,29,14,16,26,27],"class_list":{"0":"post-106391","1":"post","2":"type-post","3":"status-publish","4":"format-standard","5":"has-post-thumbnail","7":"category-overskrifter","8":"tag-breaking-news","9":"tag-breakingnews","10":"tag-featured-news","11":"tag-featurednews","12":"tag-headlines","13":"tag-hovedoppslag","14":"tag-langrenn","15":"tag-latest-news","16":"tag-latestnews","17":"tag-main-news","18":"tag-mainnews","19":"tag-news","20":"tag-no","21":"tag-norge","22":"tag-norway","23":"tag-nyheter","24":"tag-overskrifter","25":"tag-top-stories","26":"tag-topstories"},"share_on_mastodon":{"url":"https:\/\/pubeurope.com\/@no\/115677679702886432","error":""},"_links":{"self":[{"href":"https:\/\/www.europesays.com\/no\/wp-json\/wp\/v2\/posts\/106391","targetHints":{"allow":["GET"]}}],"collection":[{"href":"https:\/\/www.europesays.com\/no\/wp-json\/wp\/v2\/posts"}],"about":[{"href":"https:\/\/www.europesays.com\/no\/wp-json\/wp\/v2\/types\/post"}],"author":[{"embeddable":true,"href":"https:\/\/www.europesays.com\/no\/wp-json\/wp\/v2\/users\/2"}],"replies":[{"embeddable":true,"href":"https:\/\/www.europesays.com\/no\/wp-json\/wp\/v2\/comments?post=106391"}],"version-history":[{"count":0,"href":"https:\/\/www.europesays.com\/no\/wp-json\/wp\/v2\/posts\/106391\/revisions"}],"wp:featuredmedia":[{"embeddable":true,"href":"https:\/\/www.europesays.com\/no\/wp-json\/wp\/v2\/media\/106392"}],"wp:attachment":[{"href":"https:\/\/www.europesays.com\/no\/wp-json\/wp\/v2\/media?parent=106391"}],"wp:term":[{"taxonomy":"category","embeddable":true,"href":"https:\/\/www.europesays.com\/no\/wp-json\/wp\/v2\/categories?post=106391"},{"taxonomy":"post_tag","embeddable":true,"href":"https:\/\/www.europesays.com\/no\/wp-json\/wp\/v2\/tags?post=106391"}],"curies":[{"name":"wp","href":"https:\/\/api.w.org\/{rel}","templated":true}]}}