{"id":106397,"date":"2025-12-07T10:00:12","date_gmt":"2025-12-07T10:00:12","guid":{"rendered":"https:\/\/www.europesays.com\/no\/106397\/"},"modified":"2025-12-07T10:00:12","modified_gmt":"2025-12-07T10:00:12","slug":"politiet-ordensproblem-flere-brakmakere-i-arresten-i-natt","status":"publish","type":"post","link":"https:\/\/www.europesays.com\/no\/106397\/","title":{"rendered":"Politiet, Ordensproblem | Flere br\u00e5kmakere i arresten i natt"},"content":{"rendered":"\n<p>Politiet i distriktet har i natt hanket inn tre overstadig berusede personer i arresten.<\/p>\n<p>Klokken 02.43 melder politiet at en person innbragt til arrest etter ha v\u00e6rt et ordensproblem i Troms\u00f8 sentrum, og nektet \u00e5 forlate.<\/p>\n<p>Like etter kom politiet over en person som var overstadig beruset og fremsto som et ordensproblem i sentrum. Ikke i stand til \u00e5 ta vare p\u00e5 seg selv og ble innbragt til arrest.<\/p>\n<p>Ogs\u00e5 p\u00e5 Finnsnes ble en person innbragt. <\/p>\n<p>En person var fysisk utagerende p\u00e5 et utested i Finnsnes Sentrum. Politiet m\u00e5tte ta kontroll p\u00e5 personen som ble bortvist fra sentrum, skriver politiet.<\/p>\n","protected":false},"excerpt":{"rendered":"Politiet i distriktet har i natt hanket inn tre overstadig berusede personer i arresten. Klokken 02.43 melder politiet&hellip;\n","protected":false},"author":2,"featured_media":2176,"comment_status":"","ping_status":"","sticky":false,"template":"","format":"standard","meta":{"footnotes":""},"categories":[10],"tags":[36,20,21,24,25,15,22,23,13,30,28,29,14,13286,16,468,1510,26,27,1379],"class_list":{"0":"post-106397","1":"post","2":"type-post","3":"status-publish","4":"format-standard","5":"has-post-thumbnail","7":"category-norge","8":"tag-art","9":"tag-breaking-news","10":"tag-breakingnews","11":"tag-featured-news","12":"tag-featurednews","13":"tag-headlines","14":"tag-latest-news","15":"tag-latestnews","16":"tag-news","17":"tag-no","18":"tag-norge","19":"tag-norway","20":"tag-nyheter","21":"tag-ordensproblem","22":"tag-overskrifter","23":"tag-politiet","24":"tag-story","25":"tag-top-stories","26":"tag-topstories","27":"tag-tromso-sentrum"},"share_on_mastodon":{"url":"https:\/\/pubeurope.com\/@no\/115677706650578376","error":""},"_links":{"self":[{"href":"https:\/\/www.europesays.com\/no\/wp-json\/wp\/v2\/posts\/106397","targetHints":{"allow":["GET"]}}],"collection":[{"href":"https:\/\/www.europesays.com\/no\/wp-json\/wp\/v2\/posts"}],"about":[{"href":"https:\/\/www.europesays.com\/no\/wp-json\/wp\/v2\/types\/post"}],"author":[{"embeddable":true,"href":"https:\/\/www.europesays.com\/no\/wp-json\/wp\/v2\/users\/2"}],"replies":[{"embeddable":true,"href":"https:\/\/www.europesays.com\/no\/wp-json\/wp\/v2\/comments?post=106397"}],"version-history":[{"count":0,"href":"https:\/\/www.europesays.com\/no\/wp-json\/wp\/v2\/posts\/106397\/revisions"}],"wp:featuredmedia":[{"embeddable":true,"href":"https:\/\/www.europesays.com\/no\/wp-json\/wp\/v2\/media\/2176"}],"wp:attachment":[{"href":"https:\/\/www.europesays.com\/no\/wp-json\/wp\/v2\/media?parent=106397"}],"wp:term":[{"taxonomy":"category","embeddable":true,"href":"https:\/\/www.europesays.com\/no\/wp-json\/wp\/v2\/categories?post=106397"},{"taxonomy":"post_tag","embeddable":true,"href":"https:\/\/www.europesays.com\/no\/wp-json\/wp\/v2\/tags?post=106397"}],"curies":[{"name":"wp","href":"https:\/\/api.w.org\/{rel}","templated":true}]}}