{"id":106400,"date":"2025-12-07T10:02:19","date_gmt":"2025-12-07T10:02:19","guid":{"rendered":"https:\/\/www.europesays.com\/no\/106400\/"},"modified":"2025-12-07T10:02:19","modified_gmt":"2025-12-07T10:02:19","slug":"arsenal-nedtur-elleville-scener","status":"publish","type":"post","link":"https:\/\/www.europesays.com\/no\/106400\/","title":{"rendered":"Arsenal-nedtur: &#8211; Elleville scener"},"content":{"rendered":"<p>  Det s\u00e5 ut til \u00e5 g\u00e5 mot uavgjort p\u00e5 Villa Park &#8211; s\u00e5 dukket Emiliano Buendia opp fem minutter p\u00e5 overtid.\u00a0<\/p>\n<p>\n    VILL JUBEL: Emiliano Buendia avgj\u00f8r fem minutter p\u00e5 overtid. Foto: Mike Egerton\/Pa\n  <\/p>\n<ul>\n<li class=\"lab-bodytext-line\">Aston Villa &#8211; Arsenal 2-1 (1-0)<\/li>\n<\/ul>\n<p> Onsdag var Martin \u00d8degaard med fra start for Arsenal for f\u00f8rste gang siden tidlig i oktober, etter kneskaden som har holdt ham ute i nesten to m\u00e5neder.<\/p>\n<p>L\u00f8rdag var han igjen med fra start, da The Gunners gjestet Aston Villa i Birmingham. Det ble en gigantisk nedtur for Arsenal. P\u00e5 overtid sendte Emiliano Buendia hjemmelaget til himmels, og sikret 2-1-seier til hjemmelaget.\u00a0<\/p>\n<p>&#8211; Utrolige scener p\u00e5 Villa Park. En eksplosjon av feiring. Arsenal klarte bare ikke \u00e5 klarere ballen. Wow. Utrolig, skriver <a href=\"https:\/\/www.skysports.com\/football\/aston-villa-vs-arsenal\/live\/531269\" rel=\"nofollow noopener\" target=\"_blank\">Sky Sports<\/a>.\u00a0<\/p>\n<p>&#8211; Et utrolig br\u00e5k p\u00e5 stadion, og et massivt \u00f8yeblikk denne sesongen. Villa er oppe p\u00e5 andreplass, og feirer foran Holte End, skriver Sky Sports-journalist Adam Bate fra Villa Park.\u00a0<\/p>\n<p>          <img loading=\"lazy\" decoding=\"async\" src=\"https:\/\/www.europesays.com\/no\/wp-content\/uploads\/2025\/12\/83948066.webp\" width=\"980\" height=\"559\" title=\"HER FALLER AVGJ\u00d8RELSEN: Emiliano Buendia blir matchvinner. Foto: Andrew Couldridge\/Reuters\" alt=\"\" class=\"\" style=\"--aspect-ratio-image: 1.75; \"\/><\/p>\n<p>\n          HER FALLER AVGJ\u00d8RELSEN: Emiliano Buendia blir matchvinner. Foto: Andrew Couldridge\/Reuters\n      <\/p>\n<p>I en intens f\u00f8rste omgang, var det hjemmelaget som skapte de st\u00f8rste mulighetene, og det var fortjent da Matty Cash fant nettmaskene etter 36 minutter spilt.\u00a0<\/p>\n<p>Et innlegg fra Pau Torres gikk hele veien gjennom Arsenals felt, der Cash kom stupende inn og dunket inn 1-0 til hjemmelaget.<\/p>\n<p>Dermed s\u00e5 Mikel Arteta seg n\u00f8dt til \u00e5 gj\u00f8re endringer, og spanjolen satte inn Viktor Gy\u00f6keres og Leandro Trossard for Eberechi Eze og Mikel Merino i pausen. Det fikk han betalt for.<\/p>\n<p>        NORGE: St\u00e5le Solbakken kom smilende ut til reporterne etter VM-trekningen. Video: Edward Stenlund.<\/p>\n<p>Allerede etter sju minutter av andre omgang, utlignet Trossard. \u00d8degaard spilte gjennom Bukayo Saka, som trillet ballen p\u00e5 tvers. Martinez fikk noen fingre p\u00e5 innlegget, men klarte ikke \u00e5 hindre at ballen gikk til Trossard, som enkelt kunne ekspedere ballen i m\u00e5l.\u00a0<\/p>\n<p>Etter 70 minutter var \u00d8degaard n\u00e6re \u00e5 sende Arsenal i ledelsen, da han dundret av g\u00e5rde et skudd fra distansen. Kun en feberredning fra Emiliano Martinez hindret landslagskapteinen en perlescoring.\u00a0<\/p>\n<p>          <img loading=\"lazy\" decoding=\"async\" src=\"https:\/\/www.europesays.com\/no\/wp-content\/uploads\/2025\/12\/83948087.webp\" width=\"686\" height=\"392\" title=\"FORTVILET: Det ble en frustrerende kamp for \u00d8degaard og Arsenal. Foto: Andrew Couldridge\/NTB\" alt=\"\" class=\"\" style=\"--aspect-ratio-image: 1.75; \"\/><\/p>\n<p>\n          FORTVILET: Det ble en frustrerende kamp for \u00d8degaard og Arsenal. Foto: Andrew Couldridge\/NTB\n      <\/p>\n<p>&#8211; For en redning. Martinez f\u00e5r p\u00e5 et eller annet vis fingertuppene p\u00e5 \u00d8degaards skudd fra distanse. Skuddet er kanskje ikke p\u00e5 vei under tverliggeren, men det er fantastisk av Villa-keeperen, skriver Sky Sports.\u00a0<\/p>\n<p>Hjemmelaget Aston Villa var n\u00e6rmest en avgj\u00f8relse i sluttminuttene og p\u00e5 overtid fikk de alts\u00e5 den avgj\u00f8rende scoringen. For Aston Villa betyr det at de n\u00e5 kun ligger tre poeng bak Arsenal p\u00e5 topp. Det \u00e5pner ogs\u00e5\u00a0 muligheten for Erling Braut Haaland og Manchester City til \u00e5 redusere luka til Arsenal n\u00e5r de m\u00f8ter Sunderland klokken 16.\u00a0<\/p>\n","protected":false},"excerpt":{"rendered":"Det s\u00e5 ut til \u00e5 g\u00e5 mot uavgjort p\u00e5 Villa Park &#8211; s\u00e5 dukket Emiliano Buendia opp fem&hellip;\n","protected":false},"author":2,"featured_media":106401,"comment_status":"","ping_status":"","sticky":false,"template":"","format":"standard","meta":{"footnotes":""},"categories":[59],"tags":[328,92,181,30,28,29,161,83,82],"class_list":{"0":"post-106400","1":"post","2":"type-post","3":"status-publish","4":"format-standard","5":"has-post-thumbnail","7":"category-sport","8":"tag-arsenal","9":"tag-fotball","10":"tag-martin-odegaard","11":"tag-no","12":"tag-norge","13":"tag-norway","14":"tag-premier-league","15":"tag-sport","16":"tag-sports"},"share_on_mastodon":{"url":"https:\/\/pubeurope.com\/@no\/115677714522194089","error":""},"_links":{"self":[{"href":"https:\/\/www.europesays.com\/no\/wp-json\/wp\/v2\/posts\/106400","targetHints":{"allow":["GET"]}}],"collection":[{"href":"https:\/\/www.europesays.com\/no\/wp-json\/wp\/v2\/posts"}],"about":[{"href":"https:\/\/www.europesays.com\/no\/wp-json\/wp\/v2\/types\/post"}],"author":[{"embeddable":true,"href":"https:\/\/www.europesays.com\/no\/wp-json\/wp\/v2\/users\/2"}],"replies":[{"embeddable":true,"href":"https:\/\/www.europesays.com\/no\/wp-json\/wp\/v2\/comments?post=106400"}],"version-history":[{"count":0,"href":"https:\/\/www.europesays.com\/no\/wp-json\/wp\/v2\/posts\/106400\/revisions"}],"wp:featuredmedia":[{"embeddable":true,"href":"https:\/\/www.europesays.com\/no\/wp-json\/wp\/v2\/media\/106401"}],"wp:attachment":[{"href":"https:\/\/www.europesays.com\/no\/wp-json\/wp\/v2\/media?parent=106400"}],"wp:term":[{"taxonomy":"category","embeddable":true,"href":"https:\/\/www.europesays.com\/no\/wp-json\/wp\/v2\/categories?post=106400"},{"taxonomy":"post_tag","embeddable":true,"href":"https:\/\/www.europesays.com\/no\/wp-json\/wp\/v2\/tags?post=106400"}],"curies":[{"name":"wp","href":"https:\/\/api.w.org\/{rel}","templated":true}]}}