{"id":106402,"date":"2025-12-07T10:04:11","date_gmt":"2025-12-07T10:04:11","guid":{"rendered":"https:\/\/www.europesays.com\/no\/106402\/"},"modified":"2025-12-07T10:04:11","modified_gmt":"2025-12-07T10:04:11","slug":"bekrefter-kjaereste-en-feberdrom","status":"publish","type":"post","link":"https:\/\/www.europesays.com\/no\/106402\/","title":{"rendered":"Bekrefter kj\u00e6reste: &#8211; En feberdr\u00f8m"},"content":{"rendered":"<p>Influenser Joakim Kleven er blant deltagerne i\u00a0\u00abI Kissed a Boy\u00bb. Dit dro han i h\u00e5p om \u00e5 finne kj\u00e6rligheten, etter ti \u00e5r som singel.<\/p>\n<p>Blant luksuri\u00f8se omgivelser i S\u00f8r-Italia h\u00e5pet han p\u00e5 \u00e5 m\u00f8te sin nye dr\u00f8mmeprins. Og det gjorde han.<\/p>\n<p>\u2013 Det f\u00f8les som en feberdr\u00f8m, alt sammen. Men det gikk veldig, veldig fint og jeg er veldig, veldig forelsket! Jeg kan nesten ikke tro at jeg har funnet kj\u00e6rligheten, forteller Kleven overfor TV 2, i forbindelse med et pressetreff i forkant av premieren.<\/p>\n<p>    <a class=\"article__link\" data-ga-active-label=\"\" data-ga-active-label-animation=\"\" href=\"https:\/\/www.tv2.no\/underholdning\/raser-mot-egen-bransje-pa-grensen-til-narsissistisk\/17953204\/\" rel=\"nofollow noopener\" target=\"_blank\"><\/p>\n<p>    <img class=\"image__img lazyload\" itemprop=\"image\" title=\"\" alt=\"\" width=\"978\" height=\"411\" bad-src=\"https:\/\/www.europesays.com\/no\/wp-content\/uploads\/2025\/12\/15321593.webp\" fetchpriority=\"auto\" \/><\/p>\n<p>\n            Raser mot egen bransje: <br \/>\u2013 P\u00e5 grensen til narsissistisk\n        <\/p>\n<p>    <\/a><\/p>\n<p>Fant tonen fort<\/p>\n<p>For under innspillingen av Prime Video-serien tok det ikke lange tiden f\u00f8r TV-profilen fant tonen med personen han n\u00e5 kaller kj\u00e6resten, Espen Fernando Aarvik.<\/p>\n<p>\u2013 Jeg har hele tiden tenkt:\u00a0\u00abKommer jeg til \u00e5 f\u00f8le p\u00e5 de gnistene man ser i spillefilmer?\u00bb. Med en gang jeg s\u00e5 Espen der inne, s\u00e5 kjente jeg det. Det var en skikkelig kjemi med en gang. En gnist. Jeg ble s\u00e5 betatt, smiler Kleven videre, sm\u00e5tt flau og fnisete.<\/p>\n<p>        <img class=\"image__img lazyload\" itemprop=\"image\" title=\"Foto: Ingvill Sunnby \/ TV 2\" alt=\"FORELSKET: Joakim Kleven forteller at de har det veldig fint sammen. Foto: Ingvill Sunnby \/ TV 2\" width=\"675\" height=\"379\" bad-src=\"https:\/\/www.europesays.com\/no\/wp-content\/uploads\/2025\/12\/18355718.webp\" fetchpriority=\"auto\" \/><\/p>\n<p>      FORELSKET: Joakim Kleven forteller at de har det veldig fint sammen.<br \/>\n         Foto: Ingvill Sunnby \/ TV 2<\/p>\n<p>Holdt forholdet hemmelig<\/p>\n<p>At de har blitt kj\u00e6rester har ikke kommet frem p\u00e5 TV enn\u00e5. Det f\u00e5r seerne se f\u00f8rst i reunion-episoden p\u00e5 ny\u00e5ret.<\/p>\n<p>Paret har derfor m\u00e5ttet holde forholdet hemmelig.<\/p>\n<p>\u2013\u00a0Vi har v\u00e6rt sammen nesten hver dag siden innspilling. Det er et halvt \u00e5r siden. Vi har v\u00e6rt kj\u00e6rester i et halvt \u00e5r. Jeg jobber blant annet som influenser, tror du det ikke har kl\u00f8dd i fingrene mine om \u00e5 fortelle det?<\/p>\n<p>Videre roser han kj\u00e6resten opp i skyene.<\/p>\n<p>\u2013\u00a0Jeg er redd for \u00e5 h\u00f8res klissete ut, men han er det fineste, snilleste, varmeste og mest sexy menneske i hele verden. Jeg gleder meg bare til \u00e5 vise han frem til verden, selv om det har v\u00e6rt deilig \u00e5 holde han hemmelig ogs\u00e5.\u00a0<\/p>\n<p>    <a class=\"article__link\" data-ga-active-label=\"\" data-ga-active-label-animation=\"\" href=\"https:\/\/www.tv2.no\/underholdning\/god-kveld-norge\/kjendisenes-villeste-pride-oyeblikk-endte-opp-med-a-fri\/16795330\/\" rel=\"nofollow noopener\" target=\"_blank\"><\/p>\n<p>    <img class=\"image__img lazyload\" itemprop=\"image\" title=\"\" alt=\"\" width=\"978\" height=\"411\" bad-src=\"https:\/\/www.europesays.com\/no\/wp-content\/uploads\/2025\/12\/16804817.webp\" fetchpriority=\"auto\" \/><\/p>\n<p>\n            Kjendisenes villeste Pride-\u00f8yeblikk: \u2013 Endte opp med \u00e5 fri\n        <\/p>\n<p>    <\/a><\/p>\n<p>\u2013 Mye f\u00f8lelser involvert<\/p>\n<p>Selv om det endte med \u00e5 m\u00f8te dr\u00f8mmemannen, var ikke innspillingen helt som forventet.<\/p>\n<p>\u2013\u00a0Jeg trodde jeg takket ja til en ferie. Det var det ikke. Det er jo s\u00e5 mye f\u00f8lelser involvert i en slik produksjon. Du blottlegger deg jo for hele Norge, og for de man er p\u00e5 innspilling med.<\/p>\n<p>Videre kan Kleven avsl\u00f8re hvorfor han takket ja til \u00e5 v\u00e6re med p\u00e5 datingprogram.<\/p>\n<p>\u2013 Jeg var lei av \u00e5 v\u00e6re singel. Jeg hadde jo pr\u00f8vd alt!<\/p>\n<p class=\"italic m-italic\" data-lab-italic=\"italic\">\u2013 Hvorfor tror du at du har v\u00e6rt singel s\u00e5 lenge?<\/p>\n<p>\u2013 For \u00e5 v\u00e6re \u00e6rlig, s\u00e5 tror jeg det er fordi jeg har v\u00e6rt for mye p\u00e5 Grindr, Foodora for homofile menn. Selv om det h\u00f8res utrolig usjarmerende ut. Men Det er jo ogs\u00e5 fordi\u00a0jeg har v\u00e6rt redd for \u00e5 bli s\u00e5ret. For hvorfor skal jeg gi hjerte mitt til noen, for s\u00e5 \u00e5 f\u00e5 det knust? Det hadde jeg ikke taklet.\u00a0<\/p>\n<p>Grindr er en datingapp for homofile menn, som ofte brukes for s\u00e5kalte sextreff.<\/p>\n<p>Reunionepisoden av\u00a0\u00abI Kissed a Boy\u00bb er tilgjengelig p\u00e5 Prime Video fra 3. januar 2026.<\/p>\n","protected":false},"excerpt":{"rendered":"Influenser Joakim Kleven er blant deltagerne i\u00a0\u00abI Kissed a Boy\u00bb. Dit dro han i h\u00e5p om \u00e5 finne&hellip;\n","protected":false},"author":2,"featured_media":106403,"comment_status":"","ping_status":"","sticky":false,"template":"","format":"standard","meta":{"footnotes":""},"categories":[58],"tags":[71,30,28,29,72],"class_list":{"0":"post-106402","1":"post","2":"type-post","3":"status-publish","4":"format-standard","5":"has-post-thumbnail","7":"category-underholdning","8":"tag-entertainment","9":"tag-no","10":"tag-norge","11":"tag-norway","12":"tag-underholdning"},"share_on_mastodon":{"url":"https:\/\/pubeurope.com\/@no\/115677722269744724","error":""},"_links":{"self":[{"href":"https:\/\/www.europesays.com\/no\/wp-json\/wp\/v2\/posts\/106402","targetHints":{"allow":["GET"]}}],"collection":[{"href":"https:\/\/www.europesays.com\/no\/wp-json\/wp\/v2\/posts"}],"about":[{"href":"https:\/\/www.europesays.com\/no\/wp-json\/wp\/v2\/types\/post"}],"author":[{"embeddable":true,"href":"https:\/\/www.europesays.com\/no\/wp-json\/wp\/v2\/users\/2"}],"replies":[{"embeddable":true,"href":"https:\/\/www.europesays.com\/no\/wp-json\/wp\/v2\/comments?post=106402"}],"version-history":[{"count":0,"href":"https:\/\/www.europesays.com\/no\/wp-json\/wp\/v2\/posts\/106402\/revisions"}],"wp:featuredmedia":[{"embeddable":true,"href":"https:\/\/www.europesays.com\/no\/wp-json\/wp\/v2\/media\/106403"}],"wp:attachment":[{"href":"https:\/\/www.europesays.com\/no\/wp-json\/wp\/v2\/media?parent=106402"}],"wp:term":[{"taxonomy":"category","embeddable":true,"href":"https:\/\/www.europesays.com\/no\/wp-json\/wp\/v2\/categories?post=106402"},{"taxonomy":"post_tag","embeddable":true,"href":"https:\/\/www.europesays.com\/no\/wp-json\/wp\/v2\/tags?post=106402"}],"curies":[{"name":"wp","href":"https:\/\/api.w.org\/{rel}","templated":true}]}}