{"id":106404,"date":"2025-12-07T10:08:14","date_gmt":"2025-12-07T10:08:14","guid":{"rendered":"https:\/\/www.europesays.com\/no\/106404\/"},"modified":"2025-12-07T10:08:14","modified_gmt":"2025-12-07T10:08:14","slug":"nyheter-politi-ble-stanset-av-politiet-mistet-forerkortet","status":"publish","type":"post","link":"https:\/\/www.europesays.com\/no\/106404\/","title":{"rendered":"Nyheter, Politi | Ble stanset av politiet \u2013 mistet f\u00f8rerkortet"},"content":{"rendered":"\n<p>En bilf\u00f8rer ble stanset av Utrykningspolitiet p\u00e5 Tretten sent l\u00f8rdag kveld.<\/p>\n<p>If\u00f8lge Innlandet politidistrikt er f\u00f8reren siktet for \u00e5 ha kj\u00f8rt i p\u00e5virket tilstand. Hendelsen skjedde klokken 23.00 p\u00e5 Tretten.<\/p>\n<p>Politiets operasjonsleder, B\u00e5rd Einar Hoft, opplyser til GD at mannen i 30-\u00e5rene bl\u00e5ste 1,2 i promille.<\/p>\n<p>Han ble framstilt for bevissikring og deretter dimittert.<\/p>\n<p>F\u00f8rerkortet er tatt i beslag, opplyser politiet.<\/p>\n<p>Mannen ble stanset i en rutinemessig kontroll.<\/p>\n<p>Fikk tips fra publikum<\/p>\n<p>Det andre forholdet skjedde ved Stampesletta i Lillehammer. Politiet meldte om dette klokken 02.16 natt til s\u00f8ndag.<\/p>\n<p>Etter tips fra publikum kontrollerte politiet en bilf\u00f8rer som n\u00e5 er siktet for \u00e5 ha kj\u00f8rt i p\u00e5virket tilstand. Det var en kvinne i 30-\u00e5rene fra en annen kommune p\u00e5 \u00d8stlandet. Politiet sikret seg bevis, f\u00f8r hun kom seg videre &#8211; uten f\u00f8rerkort.<\/p>\n<p>Ogs\u00e5 i Nord-Fron, n\u00e6rmere bestemt p\u00e5 Gudbrandsdalsvegen p\u00e5 Vinstra, kom det tips om ulovlig kj\u00f8ring natt til s\u00f8ndag.<\/p>\n<p>Politiet meldte klokken 03.44 om at det var en mann i 20-\u00e5rene med lokal tilh\u00f8righet som n\u00e5 er siktet for \u00e5 ha kj\u00f8rt bil i p\u00e5virket tilstand. Han har f\u00e5tt f\u00f8rerkortet beslaglagt.<\/p>\n","protected":false},"excerpt":{"rendered":"En bilf\u00f8rer ble stanset av Utrykningspolitiet p\u00e5 Tretten sent l\u00f8rdag kveld. If\u00f8lge Innlandet politidistrikt er f\u00f8reren siktet for&hellip;\n","protected":false},"author":2,"featured_media":465,"comment_status":"","ping_status":"","sticky":false,"template":"","format":"standard","meta":{"footnotes":""},"categories":[10],"tags":[36,222,20,21,24,25,15,22,23,13,30,28,29,14,16,1429,254,1510,26,27,2882],"class_list":{"0":"post-106404","1":"post","2":"type-post","3":"status-publish","4":"format-standard","5":"has-post-thumbnail","7":"category-norge","8":"tag-art","9":"tag-bil","10":"tag-breaking-news","11":"tag-breakingnews","12":"tag-featured-news","13":"tag-featurednews","14":"tag-headlines","15":"tag-latest-news","16":"tag-latestnews","17":"tag-news","18":"tag-no","19":"tag-norge","20":"tag-norway","21":"tag-nyheter","22":"tag-overskrifter","23":"tag-oyer","24":"tag-politi","25":"tag-story","26":"tag-top-stories","27":"tag-topstories","28":"tag-tretten"},"share_on_mastodon":{"url":"https:\/\/pubeurope.com\/@no\/115677738218310384","error":""},"_links":{"self":[{"href":"https:\/\/www.europesays.com\/no\/wp-json\/wp\/v2\/posts\/106404","targetHints":{"allow":["GET"]}}],"collection":[{"href":"https:\/\/www.europesays.com\/no\/wp-json\/wp\/v2\/posts"}],"about":[{"href":"https:\/\/www.europesays.com\/no\/wp-json\/wp\/v2\/types\/post"}],"author":[{"embeddable":true,"href":"https:\/\/www.europesays.com\/no\/wp-json\/wp\/v2\/users\/2"}],"replies":[{"embeddable":true,"href":"https:\/\/www.europesays.com\/no\/wp-json\/wp\/v2\/comments?post=106404"}],"version-history":[{"count":0,"href":"https:\/\/www.europesays.com\/no\/wp-json\/wp\/v2\/posts\/106404\/revisions"}],"wp:featuredmedia":[{"embeddable":true,"href":"https:\/\/www.europesays.com\/no\/wp-json\/wp\/v2\/media\/465"}],"wp:attachment":[{"href":"https:\/\/www.europesays.com\/no\/wp-json\/wp\/v2\/media?parent=106404"}],"wp:term":[{"taxonomy":"category","embeddable":true,"href":"https:\/\/www.europesays.com\/no\/wp-json\/wp\/v2\/categories?post=106404"},{"taxonomy":"post_tag","embeddable":true,"href":"https:\/\/www.europesays.com\/no\/wp-json\/wp\/v2\/tags?post=106404"}],"curies":[{"name":"wp","href":"https:\/\/api.w.org\/{rel}","templated":true}]}}